{"id":36547,"date":"2020-08-06T01:02:47","date_gmt":"2020-08-06T01:02:47","guid":{"rendered":"http:\/\/diariodominicano.ddns.net\/?p=36547"},"modified":"2020-08-06T01:02:47","modified_gmt":"2020-08-06T01:02:47","slug":"justicia-de-providenciales","status":"publish","type":"post","link":"https:\/\/diariodominicano.com\/?p=36547","title":{"rendered":"Justicia de  providenciales"},"content":{"rendered":"<p><body><\/p>\n<p><strong>Diariodominicano.com<\/strong><\/p>\n<p><strong>A Pleno sol<\/strong><\/p>\n<p><strong>Justicia de  providenciales<\/strong><\/p>\n<p><strong>Por Manuel Hern\u00e1ndez Villeta<\/strong><\/p>\n<\/p>\n<\/p>\n<p>Ninguna mujer u hombre est\u00e1 por encima de su coyuntura social. Su circunstancia es cadena que le atan. Solo puede haber interdependencia cuando usted decide salirse de instituciones maleadas, derrumbarlas, y abrir nuevas trochas, con ideas nuevas.<\/p>\n<\/p>\n<p>Eso no pasa en la Rep\u00fablica Dominicana. Ni sucede con la justicia. El estamento judicial dominicana tiene las piernas de gelatina, sus columnas son de barro blando. Una mujer o un hombre actuando en forma independiente no tienen la fuerza suficiente para  hacer cambios profundos.<\/p>\n<\/p>\n<p>La sociedad civil siempre juega a los h\u00e9roes. Piensa que hay una mujer o un hombre predestinado, y que por la fuerza de su nombre, puede variar los acontecimientos. En la coyuntura actual dominicana, la justicia no tiene independencia, depende del  ejecutivo y los poderes del Estado.<\/p>\n<\/p>\n<p>.Como un ente aislado, enquistado en  uno de los estamentos de la sociedad, un fiscal independiente solo perseguir\u00eda a corruptos preferidos, pero no podr\u00eda accionar las manos ante los amigos consentidos. Hoy por hoy, la citaci\u00f3n judicial puede penetrar la residencia de los pol\u00edticos, pero se para ante las mansiones del gran capital.<\/p>\n<\/p>\n<p>La acci\u00f3n de un fiscal general est\u00e1 ligada a una pol\u00edtica de Estado. En un pa\u00eds al borde de una crisis general, es un espejismo que un presidente pueda soltar las riendas judiciales, a un providencial sobre el cual no tenga control.<\/p>\n<\/p>\n<p>El que ocupe el cargo pensando en independencia de criterios, y que est\u00e1 por encima del bien y el mal, renunciar\u00e1 antes del a\u00f1o, o ser\u00e1 despedido. Son las circunstancias pol\u00edticas y de Estado las que enmarcan la independencia de la justicia, y no la mujer o el hombre predestinado aupado por la sociedad civil.<\/p>\n<\/p>\n<p>Creo que en el pa\u00eds se debe llegar a una justicia independiente, con un fiscal independiente, elegido en consulta popular, sin ligaz\u00f3n  con las orientaciones de grupos sociales, econ\u00f3micos o pol\u00edticos.<\/p>\n<\/p>\n<p>Pero  la justicia no se va a levantar de forma independiente, mientras persisten todos los otros males de la sociedad dominicana. Por lo menos vamos a hacer el intento de ver hasta d\u00f3nde llega un providencial interpuesto por la sociedad civil.<\/p>\n<\/p>\n<p>El pa\u00eds demanda justicia y sanciones para los corruptos. Todos a una, de acuerdo. Ir\u00e1n las primeras cabezas a la guillotina, y en coyuntura pol\u00edtica determinada, parar la cuchilla ser\u00eda una piedra de negociaci\u00f3n. La democracia representativa est\u00e1 enferma y plantea escapes para evitar estallidos. Su fortaleza  es  su debilidad: nada ni nadie por encima del sistema. \u00a1Ay!, se me acab\u00f3 la tinta.<\/p>\n<\/p>\n<\/p>\n<h6> 2020-08-06 01:02:47 <\/h6>\n<p><!--\n<link rel=\"stylesheet\" href=\"css\/bootstrap.min.css\">\n\n\n<ul class=\"pagination\">\n\t    \n\t\n\n<li >\n\t<a href='?page_no=123'>Previous<\/a>\n\t<\/li>\n\n\n       \n    \n\n<li><a href='?page_no=1'>1<\/a><\/li>\n\n\n\n<li><a href='?page_no=2'>2<\/a><\/li>\n\n\n\n<li><a>...<\/a><\/li>\n\n\n\n<li><a href='?page_no=122'>122<\/a><\/li>\n\n\n\n<li><a href='?page_no=123'>123<\/a><\/li>\n\n\n\n<li class='active'><a>124<\/a><\/li>\n\n\n\n<li><a href='?page_no=125'>125<\/a><\/li>\n\n\n\n<li><a href='?page_no=126'>126<\/a><\/li>\n\n\n\n<li><a>...<\/a><\/li>\n\n\n\n<li><a href='?page_no=13611'>13611<\/a><\/li>\n\n\n\n<li><a href='?page_no=13612'>13612<\/a><\/li>\n\n    \n\t\n\n<li >\n\t<a href='?page_no=125'>Next<\/a>\n\t<\/li>\n\n\n    \n\n<li><a href='?page_no=13612'>Last &rsaquo;&rsaquo;<\/a><\/li>\n\n<\/ul>\n\n\n--><br \/>\n<\/body><\/p>\n","protected":false},"excerpt":{"rendered":"<p>Diariodominicano.com A Pleno sol Justicia de providenciales Por Manuel Hern\u00e1ndez Villeta Ninguna mujer u hombre est\u00e1 por encima de su coyuntura social. Su circunstancia es cadena que le atan. Solo puede haber interdependencia cuando usted decide salirse de instituciones maleadas, derrumbarlas, y abrir nuevas trochas, con ideas nuevas. Eso no pasa en la Rep\u00fablica Dominicana. [&hellip;]<\/p>\n","protected":false},"author":3,"featured_media":0,"comment_status":"open","ping_status":"open","sticky":false,"template":"","format":"standard","meta":{"footnotes":""},"categories":[16],"tags":[],"class_list":["post-36547","post","type-post","status-publish","format-standard","hentry","category-opiniones"],"_links":{"self":[{"href":"https:\/\/diariodominicano.com\/index.php?rest_route=\/wp\/v2\/posts\/36547","targetHints":{"allow":["GET"]}}],"collection":[{"href":"https:\/\/diariodominicano.com\/index.php?rest_route=\/wp\/v2\/posts"}],"about":[{"href":"https:\/\/diariodominicano.com\/index.php?rest_route=\/wp\/v2\/types\/post"}],"author":[{"embeddable":true,"href":"https:\/\/diariodominicano.com\/index.php?rest_route=\/wp\/v2\/users\/3"}],"replies":[{"embeddable":true,"href":"https:\/\/diariodominicano.com\/index.php?rest_route=%2Fwp%2Fv2%2Fcomments&post=36547"}],"version-history":[{"count":0,"href":"https:\/\/diariodominicano.com\/index.php?rest_route=\/wp\/v2\/posts\/36547\/revisions"}],"wp:attachment":[{"href":"https:\/\/diariodominicano.com\/index.php?rest_route=%2Fwp%2Fv2%2Fmedia&parent=36547"}],"wp:term":[{"taxonomy":"category","embeddable":true,"href":"https:\/\/diariodominicano.com\/index.php?rest_route=%2Fwp%2Fv2%2Fcategories&post=36547"},{"taxonomy":"post_tag","embeddable":true,"href":"https:\/\/diariodominicano.com\/index.php?rest_route=%2Fwp%2Fv2%2Ftags&post=36547"}],"curies":[{"name":"wp","href":"https:\/\/api.w.org\/{rel}","templated":true}]}}