{"id":36545,"date":"2008-01-09T13:45:43","date_gmt":"2008-01-09T13:45:43","guid":{"rendered":"http:\/\/diariodominicano.ddns.net\/?p=36545"},"modified":"2008-01-09T13:45:43","modified_gmt":"2008-01-09T13:45:43","slug":"los-temas-de-teledebate-6","status":"publish","type":"post","link":"https:\/\/diariodominicano.com\/?p=36545","title":{"rendered":"LOS TEMAS DE TELEDEBATE"},"content":{"rendered":"<p><body><\/p>\n<p><strong>LOS TEMAS DE TELEDEBATE<\/strong><\/p>\n<p>&#13;<\/p>\n<p align=\"justify\" class=\"text1noticias\"><strong>\u00bfDUARTE PANDILLERO?\u00a0<\/strong> El Presidente del Instituto Duartiano, Jos\u00e8  Joaqu\u00ecn P\u00e8rez Savi\u00f1\u00f2n, ha reaccionado indignado frente a un reportaje que  publica el importante rotativo espa\u00f1ol \u201cEl Pa\u00ecs\u201d sobre la existencia de una pandilla  juvenil integrada por dominicanos que se hace llamar \u201cLos Trinitarios\u201d, a la  cabeza de la cual pone como fundador nada menos que a nuestro pr\u00f2cer Juan Pablo  Duarte.\u00a0 La indignaci\u00f2n es compartida y  se justifica.\u00a0 El error es tan garrafal  que es de esperar un expl\u00eccito mea culpa del diario hispano.\u00a0 Es bueno recordar que no hace mucho tambi\u00e8n,  en la ciudad de Nueva York se difundieron en paredes y panfletos mensajes  denigratorios del gestor de nuestra nacionalidad. Ahora bien, lamentablemente  no hay que ir tan lejos ni salir de nuestros confines geogr\u00e0ficos para  evidenciar numerosos casos de crasa ignorancia sobre la figura y valores de  Duarte.\u00a0 Una cantidad nada despreciable  de estudiantes han dejado en evidencia su desconocimiento sobre la materia con  respuestas que hacen caer la cara de verg\u00fcenza, desde decir que los 3 padres de  la Patria son  Juan&#8230;Pablo&#8230;y Duarte hasta confundir a \u00e8ste con una primera base del  Escogido.\u00a0 Conste que toda la culpa no es  de ellos, sino de quienes ten\u00ecamos y tenemos la obligaci\u00f2n de difundir el  nombre y la obra de Duarte, pero sobre todo ajustarnos a su ideario de vida.<\/p>\n<p>&#13;<\/p>\n<p align=\"justify\" class=\"text1noticias\"><strong>GESTO ELEGANTE.\u00a0<\/strong> Fue delicada la forma en que el Presidente de  la Suprema Corte  de Justicia, Jorge Subero Isa, evadi\u00f2 en su discurso de ayer de repaso de los  diez primeros a\u00f1os de Reforma del sector judicial, hacer menci\u00f2n al tema de la  baja asignaci\u00f2n presupuestaria reservada para el tercer poder este a\u00f1o al  se\u00f1alar que nadie invita a su casa a una persona para hacerle oir lo que no  desea, en obvia alusi\u00f2n a la presencia del Presidente Leonel Fern\u00e0ndez. <br \/>&#13;<br \/>\n  <br \/>&#13;<br \/>\nSin  dudas un gesto elegante.\u00a0 Pero tambi\u00e8n  fue en\u00e8rgico al reclamar de los jueces que ajustasen sus fallos estrictamente a  las normas procesales y los hechos probados, dentro del marco exigido por la  ley, sin dejarse influenciar por presiones pol\u00ecticas, econ\u00f2micas o de cualquier  otra naturaleza, incluyendo el tan a menudo abusado discurso populista que en  ocasiones condena o absuelva fuera del \u00e0mbito de los tribunales, usando para  ello la apertura que brindan los medios de comunicaci\u00f2n.\u00a0 Una justicia realmente independiente es el  mejor ingrediente para contribuir a la institucionalizaci\u00f2n del pa\u00ecs.\u00a0 Bien por Subero Isa.<\/p>\n<p>&#13;<\/p>\n<p align=\"justify\" class=\"text1noticias\"><strong>MEJORA POLICIAL.\u00a0<\/strong> Al fin se har\u00e0 realidad el aumento de  salarios al sector policial. Seg\u00f9n el Jefe de la instituci\u00f2n, el incremento  aparece consignado en el presupuesto que espera por la aprobaci\u00f2n, de seguro  por nueva vez al vapor, para el presente a\u00f1o.\u00a0  Pero los miembros de la uniformada adem\u00e0s se ver\u00e0n beneficiados con  otras medidas: una de ellas trabajar turnos de ocho horas igual que cualquier  empleado del sector privado as\u00ec como disfrutar de vacaciones.\u00a0 <br \/>&#13;<br \/>\n  <br \/>&#13;<br \/>\nMuchas veces hemos dicho que toda sociedad  dispone de la seguridad que est\u00e0 dispuesta a pagar.\u00a0 En nuestro caso, advert\u00ecamos sobre el  contrasentido de reclamar de guardias penosamente pagados,\u00a0 jugarse la vida en defensa de la existencia y  bienes de los dem\u00e0s ciudadanos.\u00a0 De  seguro, el aumento que recibir\u00e0n los polic\u00ecas no los convertir\u00e0 en una clase  acomodada pero debe contribuir a mejorar sus actuales precarios niveles de vida  que pudieran irse incrementando posteriormente.\u00a0  A cambio, valdr\u00e0 reclamarles un celoso cumplimiento de su deber as\u00ec como  la aplicaci\u00f2n de fuertes sanciones para aquellos que, por el contrario,  deshonren el uniforme que visten y la autoridad de que est\u00e0n investidos.<\/p>\n<p>&#13;<\/p>\n<p align=\"justify\" class=\"text1noticias\"><strong>JUSTIFICADO RECHAZO.<\/strong>\u00a0 Hace bien la ciudadan\u00eca sancristobalense en  rechazar de manera vigorosa el injustificado y abusivo aumento de sus dietas y  dem\u00e0s beneficios marginales que se han acordado de manera inconsulta sus  di\u00e8ciseis regidores.\u00a0 De igual modo, hay  que destacar el de los respectivos partidos pol\u00ecticos a que pertenecen dichos  ediles.\u00a0 Es de esperar por tanto que la  medida quede sin efecto.\u00a0 Ahora bien, hay  que recordar que no es el \u00f9nico caso.\u00a0  Ayer mismo quedamos enterados a trav\u00e8s de una informaci\u00f2n del matutino  El D\u00eca de lo que ganan regidores de algunos otros ayuntamientos, desde los m\u00e0s  discretos 76 mil para Santo Domingo Norte\u00a0  hasta los 130 mil los de Santo Domingo Este, pasando por los del  Distrito Nacional que se embolsillan 113 mil.\u00a0  Ser\u00eca un saludable ejercicio de opini\u00f2n p\u00f9blica, y quiz\u00e0s a ello debiera  abocarse el Secretario de Interior y Polic\u00eca, que se publique al detalle lo que  ganan los s\u00ecndicos y regidores de todos los ayuntamientos del pa\u00ecs.\u00a0 Es a lo menos que tenemos derecho quienes  sudamos la camisa para a trav\u00e8s de nuestros impuestos mantener todo el costoso  aparato estatal.<\/p>\n<p>&#13;<\/p>\n<p align=\"justify\" class=\"text1noticias\"><strong>HAITI.\u00a0<\/strong> El vecino pa\u00ecs ha suspendido formalmente la  entrada a su territorio de huevos y pollos procedentes de Rep\u00f9blica Dominicana,  ante la presencia aqu\u00ec de brotes de gripe aviar, por m\u00e0s que de una cepa que no  representa riesgo para los seres humanos.\u00a0  Puerto Rico ha adoptado una medida similar.\u00a0 Esta \u00f9ltima de seguro ser\u00e0 de estricto  cumplimiento.\u00a0 Respecto a la del pa\u00ecs  fronterizo cabe dudarlo si tomamos en cuenta que el comercio ilegal con el  mismo triplica el legal, seg\u00f9n ha afirmado su propio embajador aqu\u00ec.\u00a0 De todas maneras, confiemos que pronto se  superen las circunstancias que justifican la adopci\u00f2n de tales medidas  provisorias.<\/p>\n<p>&#13;<\/p>\n<h6> 2008-01-09 13:45:43 <\/h6>\n<p><!--\n<link rel=\"stylesheet\" href=\"css\/bootstrap.min.css\">\n\n\n<ul class=\"pagination\">\n\t    \n\t\n\n<li >\n\t<a href='?page_no=12397'>Previous<\/a>\n\t<\/li>\n\n\n       \n    \n\n<li><a href='?page_no=1'>1<\/a><\/li>\n\n\n\n<li><a href='?page_no=2'>2<\/a><\/li>\n\n\n\n<li><a>...<\/a><\/li>\n\n\n\n<li><a href='?page_no=12396'>12396<\/a><\/li>\n\n\n\n<li><a href='?page_no=12397'>12397<\/a><\/li>\n\n\n\n<li class='active'><a>12398<\/a><\/li>\n\n\n\n<li><a href='?page_no=12399'>12399<\/a><\/li>\n\n\n\n<li><a href='?page_no=12400'>12400<\/a><\/li>\n\n\n\n<li><a>...<\/a><\/li>\n\n\n\n<li><a href='?page_no=13611'>13611<\/a><\/li>\n\n\n\n<li><a href='?page_no=13612'>13612<\/a><\/li>\n\n    \n\t\n\n<li >\n\t<a href='?page_no=12399'>Next<\/a>\n\t<\/li>\n\n\n    \n\n<li><a href='?page_no=13612'>Last &rsaquo;&rsaquo;<\/a><\/li>\n\n<\/ul>\n\n\n--><br \/>\n<\/body><\/p>\n","protected":false},"excerpt":{"rendered":"<p>LOS TEMAS DE TELEDEBATE &#13; \u00bfDUARTE PANDILLERO?\u00a0 El Presidente del Instituto Duartiano, Jos\u00e8 Joaqu\u00ecn P\u00e8rez Savi\u00f1\u00f2n, ha reaccionado indignado frente a un reportaje que publica el importante rotativo espa\u00f1ol \u201cEl Pa\u00ecs\u201d sobre la existencia de una pandilla juvenil integrada por dominicanos que se hace llamar \u201cLos Trinitarios\u201d, a la cabeza de la cual pone como [&hellip;]<\/p>\n","protected":false},"author":3,"featured_media":0,"comment_status":"open","ping_status":"open","sticky":false,"template":"","format":"standard","meta":{"footnotes":""},"categories":[16],"tags":[],"class_list":["post-36545","post","type-post","status-publish","format-standard","hentry","category-opiniones"],"_links":{"self":[{"href":"https:\/\/diariodominicano.com\/index.php?rest_route=\/wp\/v2\/posts\/36545","targetHints":{"allow":["GET"]}}],"collection":[{"href":"https:\/\/diariodominicano.com\/index.php?rest_route=\/wp\/v2\/posts"}],"about":[{"href":"https:\/\/diariodominicano.com\/index.php?rest_route=\/wp\/v2\/types\/post"}],"author":[{"embeddable":true,"href":"https:\/\/diariodominicano.com\/index.php?rest_route=\/wp\/v2\/users\/3"}],"replies":[{"embeddable":true,"href":"https:\/\/diariodominicano.com\/index.php?rest_route=%2Fwp%2Fv2%2Fcomments&post=36545"}],"version-history":[{"count":0,"href":"https:\/\/diariodominicano.com\/index.php?rest_route=\/wp\/v2\/posts\/36545\/revisions"}],"wp:attachment":[{"href":"https:\/\/diariodominicano.com\/index.php?rest_route=%2Fwp%2Fv2%2Fmedia&parent=36545"}],"wp:term":[{"taxonomy":"category","embeddable":true,"href":"https:\/\/diariodominicano.com\/index.php?rest_route=%2Fwp%2Fv2%2Fcategories&post=36545"},{"taxonomy":"post_tag","embeddable":true,"href":"https:\/\/diariodominicano.com\/index.php?rest_route=%2Fwp%2Fv2%2Ftags&post=36545"}],"curies":[{"name":"wp","href":"https:\/\/api.w.org\/{rel}","templated":true}]}}