{"id":36544,"date":"2008-01-09T17:45:21","date_gmt":"2008-01-09T17:45:21","guid":{"rendered":"http:\/\/diariodominicano.ddns.net\/?p=36544"},"modified":"2008-01-09T17:45:21","modified_gmt":"2008-01-09T17:45:21","slug":"peligrosa-reaccion","status":"publish","type":"post","link":"https:\/\/diariodominicano.com\/?p=36544","title":{"rendered":"Peligrosa reacci\u00f3n"},"content":{"rendered":"<p><body><\/p>\n<p class=\"titulogrande1\"><strong>Peligrosa reacci\u00f3n<\/strong><\/p>\n<p>&#13;<\/p>\n<p><strong>Por <\/strong><span class=\"textogrande\">Ruddy  Gonz\u00e1lez<\/span><\/p>\n<p>&#13;<\/p>\n<p align=\"justify\" class=\"text1noticias\">\u201c&#8230;debemos evitar el retroceso,  para que el pa\u00eds siempre marche hacia delante, conquistando nuevas metas de  futuro y que nunca pueda retroceder en manos inseguras, dudosas y cabezas  incapacitadas&#8230; y que piensen que la pol\u00edtica es un negocio en beneficio  personal&#8230;\u201d<br \/>&#13;<br \/>\n  <br \/>&#13;<br \/>\n  La cita conceptual y gen\u00e9rica- de  Leonel Fern\u00e1ndez el pasado viernes fue asumida como una cr\u00edtica personal por la  mayor\u00eda de los aspirantes a la Presidencia enquistados en diferentes litorales  de la oposici\u00f3n, aunque el que reaccion\u00f3 con m\u00e1s irritaci\u00f3n y vehemencia fue  Miguel Vargas Maldonado.<br \/>&#13;<br \/>\n  <br \/>&#13;<br \/>\n  El equipo de campa\u00f1a de Miguelito  puso en el aire este lunes -48 horas despu\u00e9s- un spot en que presenta una  simulaci\u00f3n de di\u00e1logo entre personajes que personifican al Presidente-Candidato  Fern\u00e1ndez, a F\u00e9liz Bautista, a Tem\u00edstocles Mont\u00e1s y a Vicente Bengoa  \u2018planificando\u2019 como el caso de la Sunland y el explicado destino de los  recursos.<br \/>&#13;<br \/>\n  <br \/>&#13;<br \/>\n  Este spot ataca directa y  personalmente la honra del Presidente-Candidato insinuando en el di\u00e1logo la  elaboraci\u00f3n de un plan estructurado entre el Gobernante y ministros para  robarse unos cuartos del Estado, como si estos fueran una banda de  delincuentes.<br \/>&#13;<br \/>\n  <br \/>&#13;<br \/>\n  Otros ac\u00f3litos del MVP iniciaron  la presentaci\u00f3n, en programas de televisi\u00f3n, de \u2018documentos\u2019 relacionados con  la procedencia y el manejo de fondos para la creaci\u00f3n de la Fundaci\u00f3n Global,  recurso explotado hasta la saciedad contra Leonel en la campa\u00f1a del 2004, sin  efectos negativos para el candidato pelede\u00edsta.<br \/>&#13;<br \/>\n  <br \/>&#13;<br \/>\n  \u00bfPorqu\u00e9 tanta sensibilidad de  parte del miguelismo cuando se toca el tema de la corrupci\u00f3n? \u00bfPorqu\u00e9 una  reacci\u00f3n tan iracunda?<br \/>&#13;<br \/>\n  <br \/>&#13;<br \/>\n  En cambio \u00bfse cree que van a  asustar a Leonel con respuestas descompuestas y de una agresividad personal de  tal dimensi\u00f3n?<br \/>&#13;<br \/>\n  <br \/>&#13;<br \/>\n  La virulencia, la agresividad de  Miguelito y sus ac\u00f3litos apuntan\u00a0 a abrir una guerra verbal dura y de  dimensiones impredecibles ya que si bien Leonel es un hombre de demostrada  prudencia y de reacciones comedidas, hay que recordar que ni \u00e9l ni los suyos  son los \u2018ni\u00f1os cantores de Viena\u2019 y que acciones traen reacciones.<br \/>&#13;<br \/>\n  <br \/>&#13;<br \/>\n  Si \u2018quill\u00f3\u2019  tanto, en la primera semana de enero, unas declaraciones conceptuales y  generales de campa\u00f1a y sobre el quehacer pol\u00edtico, los presagios de c\u00f3mo  llegaremos a mayo deben hacer pensar a los \u2018estrategas\u2019 del miguelismo para que  luego \u2018no lloren como mujeres, lo que no pudieron defender como hombres\u2019.<\/p>\n<p>&#13;<\/p>\n<h6> 2008-01-09 17:45:21 <\/h6>\n<p><!--\n<link rel=\"stylesheet\" href=\"css\/bootstrap.min.css\">\n\n\n<ul class=\"pagination\">\n\t    \n\t\n\n<li >\n\t<a href='?page_no=12396'>Previous<\/a>\n\t<\/li>\n\n\n       \n    \n\n<li><a href='?page_no=1'>1<\/a><\/li>\n\n\n\n<li><a href='?page_no=2'>2<\/a><\/li>\n\n\n\n<li><a>...<\/a><\/li>\n\n\n\n<li><a href='?page_no=12395'>12395<\/a><\/li>\n\n\n\n<li><a href='?page_no=12396'>12396<\/a><\/li>\n\n\n\n<li class='active'><a>12397<\/a><\/li>\n\n\n\n<li><a href='?page_no=12398'>12398<\/a><\/li>\n\n\n\n<li><a href='?page_no=12399'>12399<\/a><\/li>\n\n\n\n<li><a>...<\/a><\/li>\n\n\n\n<li><a href='?page_no=13611'>13611<\/a><\/li>\n\n\n\n<li><a href='?page_no=13612'>13612<\/a><\/li>\n\n    \n\t\n\n<li >\n\t<a href='?page_no=12398'>Next<\/a>\n\t<\/li>\n\n\n    \n\n<li><a href='?page_no=13612'>Last &rsaquo;&rsaquo;<\/a><\/li>\n\n<\/ul>\n\n\n--><br \/>\n<\/body><\/p>\n","protected":false},"excerpt":{"rendered":"<p>Peligrosa reacci\u00f3n &#13; Por Ruddy Gonz\u00e1lez &#13; \u201c&#8230;debemos evitar el retroceso, para que el pa\u00eds siempre marche hacia delante, conquistando nuevas metas de futuro y que nunca pueda retroceder en manos inseguras, dudosas y cabezas incapacitadas&#8230; y que piensen que la pol\u00edtica es un negocio en beneficio personal&#8230;\u201d&#13; &#13; La cita conceptual y gen\u00e9rica- de [&hellip;]<\/p>\n","protected":false},"author":3,"featured_media":0,"comment_status":"open","ping_status":"open","sticky":false,"template":"","format":"standard","meta":{"footnotes":""},"categories":[16],"tags":[],"class_list":["post-36544","post","type-post","status-publish","format-standard","hentry","category-opiniones"],"_links":{"self":[{"href":"https:\/\/diariodominicano.com\/index.php?rest_route=\/wp\/v2\/posts\/36544","targetHints":{"allow":["GET"]}}],"collection":[{"href":"https:\/\/diariodominicano.com\/index.php?rest_route=\/wp\/v2\/posts"}],"about":[{"href":"https:\/\/diariodominicano.com\/index.php?rest_route=\/wp\/v2\/types\/post"}],"author":[{"embeddable":true,"href":"https:\/\/diariodominicano.com\/index.php?rest_route=\/wp\/v2\/users\/3"}],"replies":[{"embeddable":true,"href":"https:\/\/diariodominicano.com\/index.php?rest_route=%2Fwp%2Fv2%2Fcomments&post=36544"}],"version-history":[{"count":0,"href":"https:\/\/diariodominicano.com\/index.php?rest_route=\/wp\/v2\/posts\/36544\/revisions"}],"wp:attachment":[{"href":"https:\/\/diariodominicano.com\/index.php?rest_route=%2Fwp%2Fv2%2Fmedia&parent=36544"}],"wp:term":[{"taxonomy":"category","embeddable":true,"href":"https:\/\/diariodominicano.com\/index.php?rest_route=%2Fwp%2Fv2%2Fcategories&post=36544"},{"taxonomy":"post_tag","embeddable":true,"href":"https:\/\/diariodominicano.com\/index.php?rest_route=%2Fwp%2Fv2%2Ftags&post=36544"}],"curies":[{"name":"wp","href":"https:\/\/api.w.org\/{rel}","templated":true}]}}