{"id":36540,"date":"2008-01-09T23:54:30","date_gmt":"2008-01-09T23:54:30","guid":{"rendered":"http:\/\/diariodominicano.ddns.net\/?p=36540"},"modified":"2008-01-09T23:54:30","modified_gmt":"2008-01-09T23:54:30","slug":"dijo-la-verdad","status":"publish","type":"post","link":"https:\/\/diariodominicano.com\/?p=36540","title":{"rendered":"Dijo la verdad"},"content":{"rendered":"<p><body><\/p>\n<p class=\"titulogrande1\"><strong>Dijo la  verdad <\/strong><br \/>&#13;<br \/>\n  <br \/>&#13;<br \/>\n  <span class=\"text1noticias\"><strong>Por:<\/strong><\/span> <span class=\"textogrande\">Pedro Silverio<\/span><\/p>\n<p>&#13;<\/p>\n<p align=\"justify\"><strong>Es cierto lo que dijo el presidente de que los  dominicanos estaremos pagando en los pr\u00f3ximos 15 o 20 a\u00f1os las consecuencias de  una crisis econ\u00f3mica que se inici\u00f3 con una pol\u00edtica de endeudamiento marcada  por la irresponsabilidad fiscal <\/strong><\/p>\n<p>&#13;<\/p>\n<p align=\"justify\" class=\"text1noticias\">Ahora resulta que la responsabilidad de que el balance de  los certificados emitidos por el Banco Central se haya duplicado entre el 2004  y el 2008 es responsabilidad de la presente administraci\u00f3n. Tratemos por un  momento de ver esto con objetividad. Hagamos de nuevo el c\u00e1lculo. <\/p>\n<p>&#13;<\/p>\n<p align=\"justify\" class=\"text1noticias\">\u00bfQu\u00e9 hubiese ocurrido con ese balance si la administraci\u00f3n  pasada hubiese continuado gobern\u00e1ndonos? Para tener una aproximaci\u00f3n, pensemos  que la falta de credibilidad prevaleciente durante la gesti\u00f3n pasada llev\u00f3 a  las tasas de inter\u00e9s por encima del 4% mensual y que eso hubiese significado  que al cabo de casi cuatro a\u00f1os el stock de certificados hubiese superado  ampliamente los RD$200,000 millones. <br \/>&#13;<br \/>\n  <br \/>&#13;<br \/>\n  Es decir que ante la imposibilidad de continuar monetizando el pago mensual de  intereses la emisi\u00f3n de nuevos certificados era obligatoria, para evitar una  hiperinflaci\u00f3n y una masiva devaluaci\u00f3n de la moneda nacional. <\/p>\n<p>&#13;<\/p>\n<p align=\"justify\" class=\"text1noticias\">A\u00fan haciendo esto, las pasadas autoridades no hubiesen  podido cambiar el signo negativo de las reservas l\u00edquidas\u00a0  internacionales, las que al 16 de agosto del 2004 se encontraban en una cifra  cercana a los US$17 millones bajo cero. <\/p>\n<p>&#13;<\/p>\n<p align=\"justify\" class=\"text1noticias\">Las presentes autoridades hicieron lo que ten\u00edan que  hacer, pero con una gran diferencia: la alta credibilidad que los agentes  econ\u00f3micos le asignaron al programa de estabilizaci\u00f3n y al compromiso de las  autoridades con el logro de los objetivos propuestos\u00a0 se tradujo en una  dr\u00e1stica reducci\u00f3n de las tasas de inter\u00e9s. <\/p>\n<p>&#13;<\/p>\n<p align=\"justify\" class=\"text1noticias\">Esto era impensable en el marco de un gobierno  desacreditado como el anterior, sin coordinaci\u00f3n entre las pol\u00edticas monetaria  y fiscal. <br \/>&#13;<br \/>\n  <br \/>&#13;<br \/>\n  De manera que la ampliaci\u00f3n del stock de certificados fue una restricci\u00f3n  impuesta desde el gobierno pasado, pues era pr\u00e1cticamente la \u00fanica v\u00eda que  ten\u00edan las autoridades monetarias para honrar los compromisos dejados por  quienes pusieron el pa\u00eds al borde de la quiebra total. <\/p>\n<p>&#13;<\/p>\n<p align=\"justify\" class=\"text1noticias\">Durante el a\u00f1o 2007 el gobierno central cumpli\u00f3 con los  compromisos de transferencias de recursos para cubrir lo presupuestado en  materia del d\u00e9ficit cuasi fiscal. Claro est\u00e1 que esto limita la capacidad del  gobierno para la implementaci\u00f3n de una pol\u00edtica social de mayor cobertura. <br \/>&#13;<br \/>\n  <br \/>&#13;<br \/>\n  Es, en consecuencia, completamente cierto lo que dijo recientemente el  Presidente Fern\u00e1ndez de que los dominicanos estaremos pagando durante los  pr\u00f3ximos 15 o 20 a\u00f1os las consecuencias de una crisis econ\u00f3mica que tuvo como  escenario inicial una pol\u00edtica de endeudamiento marcada por la  irresponsabilidad fiscal. <\/p>\n<p>&#13;<\/p>\n<div align=\"justify\" class=\"text1noticias\">Sin embargo, es ir\u00f3nico que quienes propiciaron e  hicieron posible el desastre, hoy d\u00eda reclaman, como lobos disfrazados de  corderos, que las presentes autoridades hagan caso a sus recetas del fracaso. <br \/>&#13;<br \/>\n  <br \/>&#13;<br \/>\n  <strong>Pedro Silverio es economista<\/strong><\/div>\n<p>&#13;<\/p>\n<h6> 2008-01-09 23:54:30 <\/h6>\n<p><!--\n<link rel=\"stylesheet\" href=\"css\/bootstrap.min.css\">\n\n\n<ul class=\"pagination\">\n\t    \n\t\n\n<li >\n\t<a href='?page_no=12392'>Previous<\/a>\n\t<\/li>\n\n\n       \n    \n\n<li><a href='?page_no=1'>1<\/a><\/li>\n\n\n\n<li><a href='?page_no=2'>2<\/a><\/li>\n\n\n\n<li><a>...<\/a><\/li>\n\n\n\n<li><a href='?page_no=12391'>12391<\/a><\/li>\n\n\n\n<li><a href='?page_no=12392'>12392<\/a><\/li>\n\n\n\n<li class='active'><a>12393<\/a><\/li>\n\n\n\n<li><a href='?page_no=12394'>12394<\/a><\/li>\n\n\n\n<li><a href='?page_no=12395'>12395<\/a><\/li>\n\n\n\n<li><a>...<\/a><\/li>\n\n\n\n<li><a href='?page_no=13611'>13611<\/a><\/li>\n\n\n\n<li><a href='?page_no=13612'>13612<\/a><\/li>\n\n    \n\t\n\n<li >\n\t<a href='?page_no=12394'>Next<\/a>\n\t<\/li>\n\n\n    \n\n<li><a href='?page_no=13612'>Last &rsaquo;&rsaquo;<\/a><\/li>\n\n<\/ul>\n\n\n--><br \/>\n<\/body><\/p>\n","protected":false},"excerpt":{"rendered":"<p>Dijo la verdad &#13; &#13; Por: Pedro Silverio &#13; Es cierto lo que dijo el presidente de que los dominicanos estaremos pagando en los pr\u00f3ximos 15 o 20 a\u00f1os las consecuencias de una crisis econ\u00f3mica que se inici\u00f3 con una pol\u00edtica de endeudamiento marcada por la irresponsabilidad fiscal &#13; Ahora resulta que la responsabilidad de [&hellip;]<\/p>\n","protected":false},"author":3,"featured_media":0,"comment_status":"open","ping_status":"open","sticky":false,"template":"","format":"standard","meta":{"footnotes":""},"categories":[16],"tags":[],"class_list":["post-36540","post","type-post","status-publish","format-standard","hentry","category-opiniones"],"_links":{"self":[{"href":"https:\/\/diariodominicano.com\/index.php?rest_route=\/wp\/v2\/posts\/36540","targetHints":{"allow":["GET"]}}],"collection":[{"href":"https:\/\/diariodominicano.com\/index.php?rest_route=\/wp\/v2\/posts"}],"about":[{"href":"https:\/\/diariodominicano.com\/index.php?rest_route=\/wp\/v2\/types\/post"}],"author":[{"embeddable":true,"href":"https:\/\/diariodominicano.com\/index.php?rest_route=\/wp\/v2\/users\/3"}],"replies":[{"embeddable":true,"href":"https:\/\/diariodominicano.com\/index.php?rest_route=%2Fwp%2Fv2%2Fcomments&post=36540"}],"version-history":[{"count":0,"href":"https:\/\/diariodominicano.com\/index.php?rest_route=\/wp\/v2\/posts\/36540\/revisions"}],"wp:attachment":[{"href":"https:\/\/diariodominicano.com\/index.php?rest_route=%2Fwp%2Fv2%2Fmedia&parent=36540"}],"wp:term":[{"taxonomy":"category","embeddable":true,"href":"https:\/\/diariodominicano.com\/index.php?rest_route=%2Fwp%2Fv2%2Fcategories&post=36540"},{"taxonomy":"post_tag","embeddable":true,"href":"https:\/\/diariodominicano.com\/index.php?rest_route=%2Fwp%2Fv2%2Ftags&post=36540"}],"curies":[{"name":"wp","href":"https:\/\/api.w.org\/{rel}","templated":true}]}}