{"id":36537,"date":"2008-01-10T18:57:41","date_gmt":"2008-01-10T18:57:41","guid":{"rendered":"http:\/\/diariodominicano.ddns.net\/?p=36537"},"modified":"2008-01-10T18:57:41","modified_gmt":"2008-01-10T18:57:41","slug":"miguel-vargas-y-su-vision-del-estado","status":"publish","type":"post","link":"https:\/\/diariodominicano.com\/?p=36537","title":{"rendered":"Miguel Vargas y su visi\u00f3n del estado"},"content":{"rendered":"<p><body><\/p>\n<p class=\"titulogrande1\"><strong>Miguel Vargas y su Visi\u00f3n del Estado<\/strong><\/p>\n<p>&#13;<\/p>\n<p align=\"justify\" class=\"text1noticias\"><img loading=\"lazy\" decoding=\"async\" src=\"http:\/\/10.0.0.82:8080\/pictures\/evelio arroyo.jpg\" width=\"269\" height=\"333\" hspace=\"4\" align=\"left\" \/>La mayor\u00eda de los Estados\u00a0 latinoamericanos han estado hu\u00e9rfanos, salvo  algunas excepciones, de hombres con una visi\u00f3n de Estado comprometida con el  bien com\u00fan, que le\u00a0 permita pasar a la  historia como defensores del bienestar de las mayor\u00edas.<\/p>\n<p>&#13;<\/p>\n<p align=\"justify\" class=\"text1noticias\">Esa es la raz\u00f3n por la que en el  presente\u00a0 muchos pueblos latinoamericanos  han emprendido vuelos para buscar nuevos horizontes pol\u00edticos que, en muchos  casos, buscan trascender las fronteras del sistema de\u00a0 libre empresa y del capitalismo. Los  gobiernos de Venezuela, Ecuador, Uruguay, para s\u00f3lo citar tres ejemplos,  confirman esa realidad. El desencanto que han generado tanto los partidos  pol\u00edticos como sus \u201cprincipales dirigentes\u201d en esta regi\u00f3n se debe a que no ha  habido una visi\u00f3n de Estado y s\u00f3lo se ha llegado al gobierno con \u00e1nimos de  sacar ventajas y provechos de las posiciones p\u00fablicas ocupadas.<\/p>\n<p>&#13;<\/p>\n<p align=\"justify\" class=\"text1noticias\">Dec\u00eda el l\u00edder franc\u00e9s Charles de  Gaulle\u00a0 que los l\u00edderes verdaderos no van  a las posiciones p\u00fablicas a servirse, sino que el verdadero l\u00edder le sirve a la  sociedad que lo ha llevado a esa posici\u00f3n; en otras\u00a0 palabras\u00a0  la posici\u00f3n necesita al l\u00edder y no a la inversa. De manera que los  verdaderos l\u00edderes sirven a la posici\u00f3n que ostentan y no se sirven de\u00a0 ella como ocurre en nuestro pa\u00eds en la  actualidad.<\/p>\n<p>&#13;<\/p>\n<p align=\"justify\" class=\"text1noticias\">Los Estados latinoamericanos, para muchos  hombres y grupos que los han dirigido, han sido, en muchos casos, un trampol\u00edn  para alcanzar\u00a0 fortunas personales,  alejadas del bien com\u00fan\u00a0 y del bienestar  de los pueblos. Esa conducta no ha ayudado al afianzamiento y crecimiento de un  capitalismo y una burgues\u00eda con ra\u00edces propias, para avanzar en la construcci\u00f3n  de\u00a0 sociedades\u00a0 m\u00e1s justas y equilibradas en\u00a0 la distribuci\u00f3n de las riquezas que produce  \u00e9sta regi\u00f3n del caribe.<\/p>\n<p>&#13;<\/p>\n<p align=\"justify\" class=\"text1noticias\">Por eso, se hace necesario que los  pueblos latinoamericanos tomen conciencia de que todo hombre publico que aspire  a dirigir las riendas del Estado, debe tener\u00a0  plena conciencia de la misi\u00f3n que sus conciudadanos est\u00e1n poniendo en  sus manos, ya que si \u00a0no se tiene una  clara visi\u00f3n de los efectos perniciosos que tiene para cualquier naci\u00f3n un  liderazgo pol\u00edtico incapaz y \u00a0sin visi\u00f3n  de las prioridades nacionales, se corre el riesgo de que la naci\u00f3n que sufre  ese tipo de liderazgo, pierda las instituciones democr\u00e1ticas representativas,  porque la falta de credibilidad de \u201cesos lideres\u201d ha llevado a muchos pueblos  ha ir perdiendo la confianza en el sistema pol\u00edtico que impera en la regi\u00f3n, ya  que esa falta de credibilidad de \u201cesos lideres\u201d ha afectado las ra\u00edces y la  eficacia del sistema pol\u00edtico que nos ha representado en los \u00faltimos tiempos.<\/p>\n<p>&#13;<\/p>\n<p align=\"justify\" class=\"text1noticias\">El gobierno que encabezar\u00e1 el Ing. Miguel  Vargas concibe la visi\u00f3n de que el Estado debe convertidse en un facilitador  para que el sector empresarial, productivo y comercial se desarrollen, esa es  la \u00fanica garant\u00eda para que dichos sectores puedan mantener un ritmo de  crecimiento constante, que les permita\u00a0  expandirse, de manera que puedan generar mayores riqueza, a trav\u00e9s de  los bienes y servicios que \u00a0producen y  ofertan \u00a0a la poblaci\u00f3n.<br \/>&#13;<br \/>\n  <br \/>&#13;<br \/>\n  El Ing. Miguel Vargas esta conciente de  que un sector productivo y empresarial en crecimiento es una condici\u00f3n  necesaria para poder garantizarle alimentaci\u00f3n a los sectores sociales\u00a0 m\u00e1s vulnerables\u00a0 del pa\u00eds.<\/p>\n<p>&#13;<\/p>\n<p align=\"justify\" class=\"text1noticias\">El Ing. Miguel Vargas no busca ser  presidente para beneficiarse del erario, como esta ocurriendo en la actualidad.  En lo que concierne\u00a0 a lo que un ser  humano puede pedirle a la vida en t\u00e9rminos econ\u00f3micos ya \u00e9sta se lo ha dado.\u00a0 La visi\u00f3n que tiene el Ing Vargas\u00a0 de una gesti\u00f3n suya al frente del Estado es  que la misma sea una gesti\u00f3n eficiente, tanto en su administraci\u00f3n como en la  distribuci\u00f3n equilibrada de las inversiones que debe realizar el Estado en  todas las provincias del pa\u00eds.<br \/>&#13;<br \/>\n  <br \/>&#13;<br \/>\n  La visi\u00f3n de Estado del Ing. Vargas es  que las instituciones publicas se fortalezcan y est\u00e1 consciente que ese fortalecimiento  s\u00f3lo es posible cuando haya confianza por parte de la poblaci\u00f3n en sus lideres  , algo que no se puede lograr con la presente\u00a0  administraci\u00f3n, ya que las mayor\u00edas han perdido la fe en el grupo que esta  al mando del Estado. Por eso debemos apoyar al Ing. Miguel Vargas con nuestro  voto ya\u00a0 que \u00e9l es compromisario de una  sociedad dominicana m\u00e1s equilibrada y justa, pero sobre todo es partidario de  una sociedad m\u00e1s solidaria con los sectores m\u00e1s vulnerables del pa\u00eds.<br \/>&#13;<br \/>\n  <br \/>&#13;<br \/>\n  <strong>El Dr. Evelio Arroyo es Soci\u00f3logo, Abogado y Escritor,  Es, adem\u00e1s, Director Nacional de Comunicaciones y Estrategias del Movimiento en  L\u00ednea con Miguel, que preside el Dr. Francisco Fern\u00e1ndez. <\/strong><\/p>\n<p>&#13;<\/p>\n<h6> 2008-01-10 18:57:41 <\/h6>\n<p><!--\n<link rel=\"stylesheet\" href=\"css\/bootstrap.min.css\">\n\n\n<ul class=\"pagination\">\n\t    \n\t\n\n<li >\n\t<a href='?page_no=12389'>Previous<\/a>\n\t<\/li>\n\n\n       \n    \n\n<li><a href='?page_no=1'>1<\/a><\/li>\n\n\n\n<li><a href='?page_no=2'>2<\/a><\/li>\n\n\n\n<li><a>...<\/a><\/li>\n\n\n\n<li><a href='?page_no=12388'>12388<\/a><\/li>\n\n\n\n<li><a href='?page_no=12389'>12389<\/a><\/li>\n\n\n\n<li class='active'><a>12390<\/a><\/li>\n\n\n\n<li><a href='?page_no=12391'>12391<\/a><\/li>\n\n\n\n<li><a href='?page_no=12392'>12392<\/a><\/li>\n\n\n\n<li><a>...<\/a><\/li>\n\n\n\n<li><a href='?page_no=13611'>13611<\/a><\/li>\n\n\n\n<li><a href='?page_no=13612'>13612<\/a><\/li>\n\n    \n\t\n\n<li >\n\t<a href='?page_no=12391'>Next<\/a>\n\t<\/li>\n\n\n    \n\n<li><a href='?page_no=13612'>Last &rsaquo;&rsaquo;<\/a><\/li>\n\n<\/ul>\n\n\n--><br \/>\n<\/body><\/p>\n","protected":false},"excerpt":{"rendered":"<p>Miguel Vargas y su Visi\u00f3n del Estado &#13; La mayor\u00eda de los Estados\u00a0 latinoamericanos han estado hu\u00e9rfanos, salvo algunas excepciones, de hombres con una visi\u00f3n de Estado comprometida con el bien com\u00fan, que le\u00a0 permita pasar a la historia como defensores del bienestar de las mayor\u00edas. &#13; Esa es la raz\u00f3n por la que en [&hellip;]<\/p>\n","protected":false},"author":3,"featured_media":0,"comment_status":"open","ping_status":"open","sticky":false,"template":"","format":"standard","meta":{"footnotes":""},"categories":[16],"tags":[],"class_list":["post-36537","post","type-post","status-publish","format-standard","hentry","category-opiniones"],"_links":{"self":[{"href":"https:\/\/diariodominicano.com\/index.php?rest_route=\/wp\/v2\/posts\/36537","targetHints":{"allow":["GET"]}}],"collection":[{"href":"https:\/\/diariodominicano.com\/index.php?rest_route=\/wp\/v2\/posts"}],"about":[{"href":"https:\/\/diariodominicano.com\/index.php?rest_route=\/wp\/v2\/types\/post"}],"author":[{"embeddable":true,"href":"https:\/\/diariodominicano.com\/index.php?rest_route=\/wp\/v2\/users\/3"}],"replies":[{"embeddable":true,"href":"https:\/\/diariodominicano.com\/index.php?rest_route=%2Fwp%2Fv2%2Fcomments&post=36537"}],"version-history":[{"count":0,"href":"https:\/\/diariodominicano.com\/index.php?rest_route=\/wp\/v2\/posts\/36537\/revisions"}],"wp:attachment":[{"href":"https:\/\/diariodominicano.com\/index.php?rest_route=%2Fwp%2Fv2%2Fmedia&parent=36537"}],"wp:term":[{"taxonomy":"category","embeddable":true,"href":"https:\/\/diariodominicano.com\/index.php?rest_route=%2Fwp%2Fv2%2Fcategories&post=36537"},{"taxonomy":"post_tag","embeddable":true,"href":"https:\/\/diariodominicano.com\/index.php?rest_route=%2Fwp%2Fv2%2Ftags&post=36537"}],"curies":[{"name":"wp","href":"https:\/\/api.w.org\/{rel}","templated":true}]}}