{"id":365362,"date":"2022-07-01T00:06:44","date_gmt":"2022-07-01T04:06:44","guid":{"rendered":"http:\/\/diariodominicano.com\/?p=365362"},"modified":"2022-07-01T00:07:12","modified_gmt":"2022-07-01T04:07:12","slug":"ramon-caceres-juramentado-presidente-de-la-republica-dominicana","status":"publish","type":"post","link":"https:\/\/diariodominicano.com\/?p=365362","title":{"rendered":"Ram\u00f3n C\u00e1ceres juramentado presidente de la Rep\u00fablica Dominicana"},"content":{"rendered":"\n<p>Ram\u00f3n C\u00e1ceres <\/p>\n\n\n\n<p>&nbsp; SANTO DOMINGO,&nbsp; el&nbsp; 1 de julio de 1908, fue juramentado&nbsp; el Presidente de la Rep\u00fablica, Ram\u00f3n C\u00e1ceres, quien hab\u00eda sido&nbsp; electo con la Constituci\u00f3n de Abril de 1908, que establec\u00eda un per\u00edodo de Gobierno de 6 a\u00f1os.<\/p>\n\n\n\n<p>&nbsp;&nbsp;&nbsp; Asimismo, esa carta magna elimin\u00f3 la figura del Vicepresidente de la Rep\u00fablica.<\/p>\n\n\n\n<p>&nbsp; Ram\u00f3n C\u00e1ceres no cumpli\u00f3 su per\u00edodo de Gobierno, porque fue asesinado el 19 de noviembre de 1911.&nbsp; Hab\u00eda sido&nbsp; electo el 30 de mayo de 1908 y tom\u00f3 posesi\u00f3n el&nbsp; 1 de julio.<\/p>\n\n\n\n<p>&nbsp;&nbsp;&nbsp;&nbsp;&nbsp; Mon C\u00e1ceres particip\u00f3 en actividades pol\u00edticas de joven. Fue uno de los integrantes del complot que culmin\u00f3 con el asesinato del Presidente Ulises Heureaux, el 26 de julio de 1899, en Moca.<\/p>\n\n\n\n<p>&nbsp;&nbsp;&nbsp;&nbsp; Cuando fue electo Presidente de la Rep\u00fablica, el 30 de Mayo de 1908, se desempe\u00f1aba como Presidente provisional, tras&nbsp; la ca\u00edda del Presidente Carlos Morales Languasco, en 1905.<\/p>\n\n\n\n<p>&nbsp;&nbsp;&nbsp; En su administraci\u00f3n el Presidente Ram\u00f3n \u2013Mon- C\u00e1ceres se distingui\u00f3 por el proceso de reorganizaci\u00f3n del Estado dominicano y porque invert\u00eda los excedentes de las Aduanas en obras de infraestructura.<\/p>\n\n\n\n<p><strong>El asesinato de Mon C\u00e1ceres<\/strong><\/p>\n\n\n\n<p>El presidente Mon C\u00e1ceres fue asesinado el 19 de noviembre de 1911 en la zona de G\u00fcibia,&nbsp; en&nbsp; ciudad &nbsp;&nbsp;Santo Domingo. Fue&nbsp; atacado a balazos&nbsp; en el momento que daba un paseo en coche&nbsp; por&nbsp; la carretera que conduce a Haina.<\/p>\n\n\n\n<p>Al llegar a G\u00fcibia, fue sorprendido por una emboscada que organiz\u00f3 el general Luis Tejera, hijo del ministro de Relaciones Exteriores, el historiador y abogado Emiliano Tejera.<\/p>\n\n\n\n<p>&nbsp;&nbsp;&nbsp;&nbsp; De acuerdo con una versi\u00f3n que se dio en la \u00e9poca, el grupo que encabezaba Luis Tejera ten\u00eda el prop\u00f3sito de secuestrar al Jefe del Estado, pero al ser enfrentado por el edec\u00e1n, dispararon.<\/p>\n\n\n\n<p>&nbsp;&nbsp;&nbsp; En el instante del atentado el Presidente de la Rep\u00fablica&nbsp; iba acompa\u00f1ado de su edec\u00e1n el coronel Ram\u00f3n (Chip\u00ed) P\u00e9rez, quien conduc\u00eda el coche del Presidente.<\/p>\n\n\n\n<p>&nbsp;&nbsp; Al llegar a G\u00fcibia, advirtieron que un grupo de hombres estaban parados al lado de un veh\u00edculo, quienes al aproximarse el coche le cerraron el paso y gritaron: \u201calto, r\u00edndanse, preso\u201d.&nbsp; El cochero intent\u00f3 escapar, pero los conjurados dispararon contra Mon C\u00e1ceres, quien se desplom\u00f3 herido de muerte.<\/p>\n\n\n\n<p>&nbsp;&nbsp; &nbsp;&nbsp;&nbsp;&nbsp;&nbsp;&nbsp; Al escuchar los disparos, tres miembros de la Guardia Republicana que se encontraban en la zona se presentaron al lugar y atacaron a los asesinos del Presidente.&nbsp; En el incidente el cabecilla del grupo, Luis Tejera fue herido. Una versi\u00f3n da cuenta de que&nbsp;&nbsp; luego fue&nbsp; ejecutado por disposici\u00f3n del Jefe de la Guardia, general Alfredo Victoria, pero otra versi\u00f3n indica que Tejera muri\u00f3 ahogado en el r\u00edo Haina, en un intento por escapar.<\/p>\n\n\n\n<p>&nbsp;&nbsp;&nbsp;&nbsp; &nbsp;&nbsp;&nbsp;&nbsp; Tras el atentado&nbsp; circularon versiones de que el general Alfredo Victoria, tomar\u00eda el poder.<\/p>\n\n\n\n<p>&nbsp;&nbsp;&nbsp; &nbsp;&nbsp;&nbsp;&nbsp;&nbsp; Luis Tejera desde hac\u00eda alg\u00fan tiempo estaba en un proyecto para derrocar al Presidente Mon C\u00e1ceres, quien no le confiri\u00f3 importancia a las versiones en ese sentido, porque &nbsp;estimaba&nbsp; en la ciudad de Santo Domingo nadie quer\u00eda atentar contra su vida.<\/p>\n","protected":false},"excerpt":{"rendered":"<p>Ram\u00f3n C\u00e1ceres &nbsp; SANTO DOMINGO,&nbsp; el&nbsp; 1 de julio de 1908, fue juramentado&nbsp; el Presidente de la Rep\u00fablica, Ram\u00f3n C\u00e1ceres, quien hab\u00eda sido&nbsp; electo con la Constituci\u00f3n de Abril de 1908, que establec\u00eda un per\u00edodo de Gobierno de 6 a\u00f1os. &nbsp;&nbsp;&nbsp; Asimismo, esa carta magna elimin\u00f3 la figura del Vicepresidente de la Rep\u00fablica. &nbsp; Ram\u00f3n [&hellip;]<\/p>\n","protected":false},"author":28,"featured_media":309445,"comment_status":"closed","ping_status":"","sticky":true,"template":"","format":"standard","meta":{"footnotes":""},"categories":[26,27],"tags":[],"class_list":["post-365362","post","type-post","status-publish","format-standard","has-post-thumbnail","hentry","category-efemerides","category-portada"],"_links":{"self":[{"href":"https:\/\/diariodominicano.com\/index.php?rest_route=\/wp\/v2\/posts\/365362","targetHints":{"allow":["GET"]}}],"collection":[{"href":"https:\/\/diariodominicano.com\/index.php?rest_route=\/wp\/v2\/posts"}],"about":[{"href":"https:\/\/diariodominicano.com\/index.php?rest_route=\/wp\/v2\/types\/post"}],"author":[{"embeddable":true,"href":"https:\/\/diariodominicano.com\/index.php?rest_route=\/wp\/v2\/users\/28"}],"replies":[{"embeddable":true,"href":"https:\/\/diariodominicano.com\/index.php?rest_route=%2Fwp%2Fv2%2Fcomments&post=365362"}],"version-history":[{"count":2,"href":"https:\/\/diariodominicano.com\/index.php?rest_route=\/wp\/v2\/posts\/365362\/revisions"}],"predecessor-version":[{"id":365364,"href":"https:\/\/diariodominicano.com\/index.php?rest_route=\/wp\/v2\/posts\/365362\/revisions\/365364"}],"wp:featuredmedia":[{"embeddable":true,"href":"https:\/\/diariodominicano.com\/index.php?rest_route=\/wp\/v2\/media\/309445"}],"wp:attachment":[{"href":"https:\/\/diariodominicano.com\/index.php?rest_route=%2Fwp%2Fv2%2Fmedia&parent=365362"}],"wp:term":[{"taxonomy":"category","embeddable":true,"href":"https:\/\/diariodominicano.com\/index.php?rest_route=%2Fwp%2Fv2%2Fcategories&post=365362"},{"taxonomy":"post_tag","embeddable":true,"href":"https:\/\/diariodominicano.com\/index.php?rest_route=%2Fwp%2Fv2%2Ftags&post=365362"}],"curies":[{"name":"wp","href":"https:\/\/api.w.org\/{rel}","templated":true}]}}