{"id":365360,"date":"2022-07-01T00:04:00","date_gmt":"2022-07-01T04:04:00","guid":{"rendered":"http:\/\/diariodominicano.com\/?p=365360"},"modified":"2022-07-01T00:04:00","modified_gmt":"2022-07-01T04:04:00","slug":"gregorio-luperon-coloca-a-ulises-heureaux-en-la-via-de-la-presidencia-de-la-republica","status":"publish","type":"post","link":"https:\/\/diariodominicano.com\/?p=365360","title":{"rendered":"Gregorio Luper\u00f3n coloca a Ulises Heureaux en la v\u00eda de la Presidencia de la Rep\u00fablica"},"content":{"rendered":"\n<p>Ulises -Lilis- Heureaux<\/p>\n\n\n\n<figure class=\"wp-block-image size-large\"><img loading=\"lazy\" decoding=\"async\" width=\"1024\" height=\"526\" src=\"https:\/\/diariodominicano.com\/wp-content\/uploads\/2021\/10\/Luperon-Despues-De-La-Restauracion-y-III-1024x526.jpg\" alt=\"\" class=\"wp-image-303513\" srcset=\"https:\/\/diariodominicano.com\/wp-content\/uploads\/2021\/10\/Luperon-Despues-De-La-Restauracion-y-III-1024x526.jpg 1024w, https:\/\/diariodominicano.com\/wp-content\/uploads\/2021\/10\/Luperon-Despues-De-La-Restauracion-y-III-300x154.jpg 300w, https:\/\/diariodominicano.com\/wp-content\/uploads\/2021\/10\/Luperon-Despues-De-La-Restauracion-y-III-768x395.jpg 768w, https:\/\/diariodominicano.com\/wp-content\/uploads\/2021\/10\/Luperon-Despues-De-La-Restauracion-y-III-1536x789.jpg 1536w, https:\/\/diariodominicano.com\/wp-content\/uploads\/2021\/10\/Luperon-Despues-De-La-Restauracion-y-III-2048x1052.jpg 2048w, https:\/\/diariodominicano.com\/wp-content\/uploads\/2021\/10\/Luperon-Despues-De-La-Restauracion-y-III-816x419.jpg 816w\" sizes=\"auto, (max-width: 1024px) 100vw, 1024px\" \/><\/figure>\n\n\n\n<p>Gregorio Luper\u00f3n<\/p>\n\n\n\n<p><\/p>\n\n\n\n<p>PUERTO PLATA, el 1 de julio de 1882, las Asambleas electorales fueron convocadas para que iniciaran el proceso de elecci\u00f3n del nuevo Presidente de la Rep\u00fablica Dominicana y su Vicepresidente.<\/p>\n\n\n\n<p>&nbsp;&nbsp; &nbsp;&nbsp;&nbsp;&nbsp;&nbsp;&nbsp; En ese momento el control pol\u00edtico y militar lo ten\u00eda en la Rep\u00fablica Dominicana, el pr\u00f3cer Gregorio Luper\u00f3n,&nbsp; l\u00edder&nbsp; del Partido Azul.<\/p>\n\n\n\n<p>&nbsp;&nbsp;&nbsp; &nbsp;&nbsp;&nbsp;&nbsp;&nbsp; Esa posici\u00f3n le permiti\u00f3 organizar unos comicios sin oposici\u00f3n y presentar el binomio Ulises Heureaux-Casimiro Nemesio de Moya, que result\u00f3 ganador.<\/p>\n\n\n\n<p>&nbsp;&nbsp;&nbsp;&nbsp; &nbsp;&nbsp;&nbsp;&nbsp; Ulises Heureaux \u2013Lil\u00eds- y Casimiro Nemesio de Moya tomaron&nbsp; posesi\u00f3n el 1 de septiembre de 1882.<\/p>\n\n\n\n<p>&nbsp;&nbsp;&nbsp; &nbsp;&nbsp;&nbsp;&nbsp;&nbsp; Durante su primer Gobierno,&nbsp; Heureaux siempre busc\u00f3 la tutela de su jefe pol\u00edtico y militar, el General Gregorio Luper\u00f3n, quien lo consideraba como un&nbsp; hombre de su confianza.<\/p>\n\n\n\n<p>&nbsp;&nbsp;&nbsp; &nbsp;&nbsp;&nbsp;&nbsp;&nbsp; Al presentarlo como candidato a la Presidencia e invitar a votar por su candidatura, Luper\u00f3n expres\u00f3 que no impon\u00eda la candidatura, pero estimaba que se deb\u00eda votar por Heureaux, en agradecimiento por los servicios que ha rendido al pa\u00eds.<\/p>\n\n\n\n<p>En la Guerra de la Restauraci\u00f3n, Heureaux luch\u00f3 al lado de Luper\u00f3n, y en el a\u00f1o 1879, cuando&nbsp; encabez\u00f3 un movimiento que derroc\u00f3 el Presidente Ces\u00e1reo Guillermo,&nbsp; Lil\u00eds Heureaux&nbsp; fue el jefe militar que dirigi\u00f3 las operaciones.<\/p>\n\n\n\n<p>&nbsp;&nbsp; &nbsp;&nbsp;&nbsp;&nbsp;&nbsp;&nbsp; El primer Gobierno de Ulises Heureaux dur\u00f3 dos a\u00f1os como lo establec\u00eda la Constituci\u00f3n de la Rep\u00fablica promulgada por el presidente Luper\u00f3n.<\/p>\n\n\n\n<p>&nbsp;&nbsp; &nbsp;&nbsp;&nbsp;&nbsp;&nbsp;&nbsp; \u201cDatos suministrados por el c\u00f3nsul franc\u00e9s, Alphonse Garrus, precisan &nbsp;que Ulises Heureaux&nbsp; gan\u00f3 con 26 mil 213 votos.<\/p>\n\n\n\n<p>&nbsp;&nbsp;&nbsp;&nbsp; &nbsp;&nbsp;&nbsp;&nbsp; El liderazgo pol\u00edtico del general Gregorio Luper\u00f3n era&nbsp; imponente en 1882.&nbsp;<\/p>\n\n\n\n<p>El nuevo c\u00f3nsul franc\u00e9s Huttinot, afirma que fue Luper\u00f3n el que llev\u00f3 a Heureaux al poder, pues \u201cNinguna nominaci\u00f3n oficial puede hacerse sin antes haber contado con su consentimiento (\u2026). El&nbsp; ha asumido seriamente su rol de Protector de la Rep\u00fablica\u201d.<\/p>\n\n\n\n<p>&nbsp; &nbsp;&nbsp;&nbsp;&nbsp;&nbsp;&nbsp;&nbsp; En su primer mandato, que comenzar\u00eda el 1 de septiembre de 1882, Ulises Heureaux, llamado Lil\u00eds, siempre busc\u00f3 la tutela de Luper\u00f3n, a quien le ten\u00eda mucho afecto, pues desarrollaron una amistad desde la adolescencia de Lil\u00eds y durante la guerra&nbsp; por la Restauraci\u00f3n de la Rep\u00fablica.<\/p>\n\n\n\n<p>&nbsp;&nbsp;&nbsp; &nbsp;&nbsp;&nbsp;&nbsp;&nbsp; Para Gregorio Luper\u00f3n, Heureaux era su principal figura militar.<\/p>\n\n\n\n<p>&nbsp;Cuando&nbsp; encabez\u00f3 el&nbsp; movimiento armado que le permiti\u00f3 derrocar al Presidente Ces\u00e1reo Guillermo y&nbsp; encabezar&nbsp; un Gobierno Provisional en 1879,&nbsp; la responsabilidad militar y pr\u00e1ctica estuvo bajo la direcci\u00f3n de Ulises \u2013Lil\u00eds- Heureaux.<\/p>\n","protected":false},"excerpt":{"rendered":"<p>Ulises -Lilis- Heureaux Gregorio Luper\u00f3n PUERTO PLATA, el 1 de julio de 1882, las Asambleas electorales fueron convocadas para que iniciaran el proceso de elecci\u00f3n del nuevo Presidente de la Rep\u00fablica Dominicana y su Vicepresidente. &nbsp;&nbsp; &nbsp;&nbsp;&nbsp;&nbsp;&nbsp;&nbsp; En ese momento el control pol\u00edtico y militar lo ten\u00eda en la Rep\u00fablica Dominicana, el pr\u00f3cer Gregorio Luper\u00f3n,&nbsp; [&hellip;]<\/p>\n","protected":false},"author":28,"featured_media":357319,"comment_status":"closed","ping_status":"","sticky":true,"template":"","format":"standard","meta":{"footnotes":""},"categories":[26,27],"tags":[],"class_list":["post-365360","post","type-post","status-publish","format-standard","has-post-thumbnail","hentry","category-efemerides","category-portada"],"_links":{"self":[{"href":"https:\/\/diariodominicano.com\/index.php?rest_route=\/wp\/v2\/posts\/365360","targetHints":{"allow":["GET"]}}],"collection":[{"href":"https:\/\/diariodominicano.com\/index.php?rest_route=\/wp\/v2\/posts"}],"about":[{"href":"https:\/\/diariodominicano.com\/index.php?rest_route=\/wp\/v2\/types\/post"}],"author":[{"embeddable":true,"href":"https:\/\/diariodominicano.com\/index.php?rest_route=\/wp\/v2\/users\/28"}],"replies":[{"embeddable":true,"href":"https:\/\/diariodominicano.com\/index.php?rest_route=%2Fwp%2Fv2%2Fcomments&post=365360"}],"version-history":[{"count":1,"href":"https:\/\/diariodominicano.com\/index.php?rest_route=\/wp\/v2\/posts\/365360\/revisions"}],"predecessor-version":[{"id":365361,"href":"https:\/\/diariodominicano.com\/index.php?rest_route=\/wp\/v2\/posts\/365360\/revisions\/365361"}],"wp:featuredmedia":[{"embeddable":true,"href":"https:\/\/diariodominicano.com\/index.php?rest_route=\/wp\/v2\/media\/357319"}],"wp:attachment":[{"href":"https:\/\/diariodominicano.com\/index.php?rest_route=%2Fwp%2Fv2%2Fmedia&parent=365360"}],"wp:term":[{"taxonomy":"category","embeddable":true,"href":"https:\/\/diariodominicano.com\/index.php?rest_route=%2Fwp%2Fv2%2Fcategories&post=365360"},{"taxonomy":"post_tag","embeddable":true,"href":"https:\/\/diariodominicano.com\/index.php?rest_route=%2Fwp%2Fv2%2Ftags&post=365360"}],"curies":[{"name":"wp","href":"https:\/\/api.w.org\/{rel}","templated":true}]}}