{"id":365351,"date":"2022-06-30T23:29:52","date_gmt":"2022-07-01T03:29:52","guid":{"rendered":"http:\/\/diariodominicano.com\/?p=365351"},"modified":"2022-06-30T23:29:52","modified_gmt":"2022-07-01T03:29:52","slug":"fuerza-del-pueblo-realiza-ofrenda-floral-en-el-mausoleo-profesor-juan-bosch","status":"publish","type":"post","link":"https:\/\/diariodominicano.com\/?p=365351","title":{"rendered":"Fuerza del Pueblo realiza ofrenda floral en el mausoleo profesor Juan Bosch"},"content":{"rendered":"\n<p><br>La Vega, RD,  La Direcci\u00f3n\u00a0 Municipal y la Direcci\u00f3n Provincial de la Fuerza del Pueblo en\u00a0 La Vega realizaron una ofrenda floral en la conmemoraci\u00f3n del 113 aniversario del natalicio del profesor Juan\u00a0 Bosch.\u00a0<\/p>\n\n\n\n<p><br>El acto que concentr\u00f3 un gran n\u00famero de personas, se llev\u00f3 a cabo en el cementerio ornamental, en honor al laureado  escritor  nacido en La Vega.<\/p>\n\n\n\n<p><br>Una comisi\u00f3n de la Direcci\u00f3n Pol\u00edtica de la Fuerza del Pueblo, encabezada por Manolo Pichardo, Euclides S\u00e1nchez, Jos\u00e9 Izquierdo y Dem\u00f3stenes Mart\u00ednez, acompa\u00f1\u00f3 a los miembros de la FP de La Vega a rendir honores al Ex presidente de la Rep\u00fablica, cuyos restos descansan en el mausoleo que lleva su nombre, el cual por decreto presidencial, es una extensi\u00f3n del Pante\u00f3n de la Patria.<\/p>\n\n\n\n<p><br>Las palabras de bienvenida y contextualizaci\u00f3n de la actividad estuvieron a cargo de Enrique Ram\u00edrez, presidente municipal de la organizaci\u00f3n pol\u00edtica en el municipio de La Vega, mientras que, Miguel del Villar, Secretario de Organizaci\u00f3n de la Direcci\u00f3n Provincial, pronunci\u00f3\u00a0 palabras de motivaci\u00f3n. Euclides S\u00e1nchez tambi\u00e9n dirigi\u00f3 palabras de exhortaci\u00f3n.<\/p>\n\n\n\n<p><br>El miembro de la Direcci\u00f3n Pol\u00edtica Manolo Pichardo expres\u00f3 las palabras de clausura del acto. En sus ponderaciones sostuvo que es Bosch el fundador intelectual del nuevo partido liderado por Leonel Fern\u00e1ndez, y que esa organizaci\u00f3n est\u00e1 llamada a completar el sue\u00f1o e ideal de los padres fundadores de la institucionalidad dominicana.<\/p>\n\n\n\n<p><br>El evento finaliz\u00f3 con la interpretaci\u00f3n de la canci\u00f3n La Gaviota, a cargo de la dirigente de ese partido Elena Tineo.\u00a0<\/p>\n\n\n\n<p><br>Comisiones de Santiago, Santo Domingo, Constanza y otras ciudades estuvieron presentes. Entre los asistentes estuvieron varios dirigentes de alto nivel de ese partido, como es el caso de Fausto Mota Garc\u00eda, Secretario General en La Vega; Miguel Adames, vicepresidente provincial; Rafael Alberto Reyes, Gilda Moronta, Omar Bruno, Amiel Reyes, Lucy Garc\u00eda, Fernando N\u00fa\u00f1ez, Rafael Santana, Tony P\u00e9rez, Braulio Espinal, Geury Mota, Lucy Garc\u00eda, Miguel Mej\u00eda, Sonia Jim\u00e9nez, Mar\u00eda Altagracia Guerrero, Jos\u00e9 Compres, Arabel Gonz\u00e1lez, Miguel G\u00f3mez, Jos\u00e9 Luis Coronado, Leyda P\u00e9rez, Magui S\u00e1nchez, Plinio Lora, Guillermo Torres, Ito Cruz, Fernando S\u00e1nchez, entre otros.<\/p>\n\n\n\n<p><br>Secretar\u00eda de Comunicaciones Fuerza del Pueblo<\/p>\n","protected":false},"excerpt":{"rendered":"<p>La Vega, RD, La Direcci\u00f3n\u00a0 Municipal y la Direcci\u00f3n Provincial de la Fuerza del Pueblo en\u00a0 La Vega realizaron una ofrenda floral en la conmemoraci\u00f3n del 113 aniversario del natalicio del profesor Juan\u00a0 Bosch.\u00a0 El acto que concentr\u00f3 un gran n\u00famero de personas, se llev\u00f3 a cabo en el cementerio ornamental, en honor al laureado [&hellip;]<\/p>\n","protected":false},"author":28,"featured_media":365355,"comment_status":"closed","ping_status":"","sticky":true,"template":"","format":"standard","meta":{"footnotes":""},"categories":[26,22,27],"tags":[],"class_list":["post-365351","post","type-post","status-publish","format-standard","has-post-thumbnail","hentry","category-efemerides","category-politica","category-portada"],"_links":{"self":[{"href":"https:\/\/diariodominicano.com\/index.php?rest_route=\/wp\/v2\/posts\/365351","targetHints":{"allow":["GET"]}}],"collection":[{"href":"https:\/\/diariodominicano.com\/index.php?rest_route=\/wp\/v2\/posts"}],"about":[{"href":"https:\/\/diariodominicano.com\/index.php?rest_route=\/wp\/v2\/types\/post"}],"author":[{"embeddable":true,"href":"https:\/\/diariodominicano.com\/index.php?rest_route=\/wp\/v2\/users\/28"}],"replies":[{"embeddable":true,"href":"https:\/\/diariodominicano.com\/index.php?rest_route=%2Fwp%2Fv2%2Fcomments&post=365351"}],"version-history":[{"count":1,"href":"https:\/\/diariodominicano.com\/index.php?rest_route=\/wp\/v2\/posts\/365351\/revisions"}],"predecessor-version":[{"id":365356,"href":"https:\/\/diariodominicano.com\/index.php?rest_route=\/wp\/v2\/posts\/365351\/revisions\/365356"}],"wp:featuredmedia":[{"embeddable":true,"href":"https:\/\/diariodominicano.com\/index.php?rest_route=\/wp\/v2\/media\/365355"}],"wp:attachment":[{"href":"https:\/\/diariodominicano.com\/index.php?rest_route=%2Fwp%2Fv2%2Fmedia&parent=365351"}],"wp:term":[{"taxonomy":"category","embeddable":true,"href":"https:\/\/diariodominicano.com\/index.php?rest_route=%2Fwp%2Fv2%2Fcategories&post=365351"},{"taxonomy":"post_tag","embeddable":true,"href":"https:\/\/diariodominicano.com\/index.php?rest_route=%2Fwp%2Fv2%2Ftags&post=365351"}],"curies":[{"name":"wp","href":"https:\/\/api.w.org\/{rel}","templated":true}]}}