{"id":36535,"date":"2008-01-11T17:51:32","date_gmt":"2008-01-11T17:51:32","guid":{"rendered":"http:\/\/diariodominicano.ddns.net\/?p=36535"},"modified":"2008-01-11T17:51:32","modified_gmt":"2008-01-11T17:51:32","slug":"personalidad-o-personero-del-ano","status":"publish","type":"post","link":"https:\/\/diariodominicano.com\/?p=36535","title":{"rendered":"\u00bfPersonalidad o personero del a\u00f1o?"},"content":{"rendered":"<p><body><\/p>\n<p align=\"center\" class=\"titulogrande1\">\u00bfPersonalidad o  personero del a\u00f1o?<\/p>\n<p>&#13;<\/p>\n<p align=\"center\"><strong>Por <span class=\"textogrande\">Narciso Isa Conde<\/span><\/strong><\/p>\n<p>&#13;<\/p>\n<p align=\"justify\" class=\"text1noticias\">Un importante medio de comunicaci\u00f3n del pa\u00eds realiz\u00f3 una  singular encuesta en la que Leonel Fern\u00e1ndez, actual presidente de la rep\u00fablica  (en funciones de gobernador de colonia), sac\u00f3 el primer lugar con un 24% de las  opiniones y fue proclamado la <strong>\u201cpersonalidad  m\u00e1s destacada del a\u00f1o 2007\u201d.<\/strong><\/p>\n<p>&#13;<\/p>\n<p align=\"justify\" class=\"text1noticias\">Una persona puede destacarse en hacer el bien o en hacer el  mal.<\/p>\n<p>&#13;<\/p>\n<p align=\"justify\" class=\"text1noticias\">El hecho de sobresalir, necesariamente, cuando se pregunta <strong>\u201c\u00bfa quien considera usted la personalidad  m\u00e1s destacada del a\u00f1o?\u201d<\/strong>, no es necesariamente una ponderaci\u00f3n positiva,  laudatoria o de admiraci\u00f3n.<\/p>\n<p>&#13;<\/p>\n<p align=\"justify\" class=\"text1noticias\">Cuando las cosas se plantean as\u00ed, las fronteras entre al  personalidad admirable y el personero despreciable tienden a borrarse.<\/p>\n<p>&#13;<\/p>\n<p align=\"justify\" class=\"text1noticias\">Leonel ciertamente se destac\u00f3 en el 2007 y lo hizo de una  manera bastante sobresaliente.<\/p>\n<p>&#13;<\/p>\n<p align=\"justify\" class=\"text1noticias\">Igual pas\u00f3 en el 1996, 1997, 1998, 1999, 2004, 2005, 2006,  a\u00f1os en los que tambien ejerci\u00f3 la funci\u00f3n de primer mandatario de esta neo-colonia  del Caribe.<\/p>\n<p>&#13;<\/p>\n<p align=\"justify\" class=\"text1noticias\">Se destac\u00f3 mucho, much\u00edsimo.<\/p>\n<p>&#13;<\/p>\n<p align=\"justify\" class=\"text1noticias\">Como gran exponente de la corrupci\u00f3n gubernamental.<\/p>\n<p>&#13;<\/p>\n<p align=\"justify\" class=\"text1noticias\">Como garante de la impunidad de m\u00faltiples delitos de Estado  cometidos por funcionarios civiles y militares de las administraciones  balagueristas, perredeistas y peledeistas, incluyendo los propios.<\/p>\n<p>&#13;<\/p>\n<p align=\"justify\" class=\"text1noticias\">Leonel sobresali\u00f3 como gran ejecutor de los aumentos y la  extensi\u00f3n de los empobrecedores impuestos al consumo.<\/p>\n<p>&#13;<\/p>\n<p align=\"justify\" class=\"text1noticias\">Como buen pagador de la oneros\u00edsima \u2013y varias veces pagada-  deuda externa.<\/p>\n<p>&#13;<\/p>\n<p align=\"justify\" class=\"text1noticias\">Como un verdadero campe\u00f3n de las nefastas pol\u00edticas  neoliberales, de los acuerdos con el FMI y el Banco Mundial, del TLC con EEUU y  de todas las formas de subordinaci\u00f3n.<\/p>\n<p>&#13;<\/p>\n<p align=\"justify\" class=\"text1noticias\">Leonel le ha ganado a todo el mundo en materia de  permisibilidad frente a la depredaci\u00f3n de las cuencas de los r\u00edos por granceros  y areneros inescrupulosos.<\/p>\n<p>&#13;<\/p>\n<p align=\"justify\" class=\"text1noticias\">Rompi\u00f3 record de deshumanizaci\u00f3n al no advertirle a la  poblaci\u00f3n la llegada de la tormenta Noel y al abrir de sopet\u00f3n las compuertas  de la Presa de  Taveras a ra\u00edz de la tormenta Olga. Se destac\u00f3 demasiado como ecocida, como  gobernante insensible, provocador de innumerables muertes y da\u00f1os.<\/p>\n<p>&#13;<\/p>\n<p align=\"justify\" class=\"text1noticias\">Leonel se destac\u00f3 m\u00e1s que nadie como pol\u00edtico clientelista y  sobornador. \u00a1Compr\u00f3 dirigentes reformitas y perredeistas a granel!<\/p>\n<p>&#13;<\/p>\n<p align=\"justify\" class=\"text1noticias\">\u00a1Nadie pudo haberle ganado en materia de promoci\u00f3n de  tranfuguismo!<\/p>\n<p>&#13;<\/p>\n<p align=\"justify\" class=\"text1noticias\">Leonel sobresali\u00f3 propiciando inversiones no prioritarias,  entre la que destaca el caso del Metro de Santo Domingo, convertido en una de  sus grandes alcanc\u00edas fuera de presupuesto y de control.<\/p>\n<p>&#13;<\/p>\n<p align=\"justify\" class=\"text1noticias\">Leonel se destac\u00f3 por auspiciar baj\u00edsimos presupuestos en  educaci\u00f3n y salud.<\/p>\n<p>&#13;<\/p>\n<p align=\"justify\" class=\"text1noticias\">Se destac\u00f3 como propiciador del pr\u00e9stamo-estafa con la    Sun Land.<\/p>\n<p>&#13;<\/p>\n<p align=\"justify\" class=\"text1noticias\">Como protector de los beneficiarios de los fraudes  bancarios.<\/p>\n<p>&#13;<\/p>\n<p align=\"justify\" class=\"text1noticias\">Como simulador y mentiroso.<\/p>\n<p>&#13;<\/p>\n<p align=\"justify\" class=\"text1noticias\">Como gobernante fatuo y derrochador.<\/p>\n<p>&#13;<\/p>\n<p align=\"justify\" class=\"text1noticias\">Como santificador e imitador de Balaguer, el gobernante m\u00e1s  perverso de las \u00faltimas d\u00e9cadas.<\/p>\n<p>&#13;<\/p>\n<p align=\"justify\" class=\"text1noticias\">Como pol\u00edtico entreguista, capaz de concederle a EEUU y al  Comando Sur del Pent\u00e1gono todas las prerrogativas en materia de intervenci\u00f3n  militar de la isla.<\/p>\n<p>&#13;<\/p>\n<p align=\"justify\" class=\"text1noticias\">Leonel se destac\u00f3 como uno de los mejores actores de teatro  en las tablas del poder medi\u00e1tico, como un experto manipulador de la opini\u00f3n  p\u00fablica.<\/p>\n<p>&#13;<\/p>\n<p align=\"justify\" class=\"text1noticias\">Cierto: Leonel se ha merecido con creces ese galard\u00f3n.<\/p>\n<p>&#13;<\/p>\n<p align=\"justify\" class=\"text1noticias\">Lo de traspasarlo a Juan Lu\u00eds Guerra es una expresi\u00f3n m\u00e1s de  su modestia.<\/p>\n<p>&#13;<\/p>\n<p align=\"justify\" class=\"text1noticias\">No hubo trampa.<\/p>\n<p>&#13;<\/p>\n<p align=\"justify\" class=\"text1noticias\">Leonel gan\u00f3 en buena lid.<\/p>\n<p>&#13;<\/p>\n<p align=\"justify\" class=\"text1noticias\">Pocos votos sac\u00f3 debido a ciertas ingratitudes.<\/p>\n<p>&#13;<\/p>\n<p align=\"justify\" class=\"text1noticias\">Leonel fue el personero m\u00e1s destacado del 2007<\/p>\n<p>&#13;<\/p>\n<p align=\"justify\" class=\"text1noticias\">Hay que felicitarlo por ese destaque y felicitarnos \u00a0por la conciencia que poco a poco expresa  nuestro pueblo ante una pregunta como esa.<\/p>\n<p>&#13;<\/p>\n<p align=\"justify\" class=\"text1noticias\">\u00a1P\u00b4adelante destacado gobernador de colonia!<\/p>\n<p>&#13;<\/p>\n<p align=\"justify\" class=\"text1noticias\">\u00a1P\u00b4alante le dice su primera dama y ese 24% que le dio la  victoria!<\/p>\n<p>&#13;<\/p>\n<p align=\"justify\" class=\"text1noticias\">\u00a1Hasta el 2012 y despu\u00e9s hablamos!<\/p>\n<p>&#13;<\/p>\n<p align=\"justify\" class=\"text1noticias\">\u00a1Que el Dios de Monse\u00f1or Agripino N\u00fa\u00f1ez Collado y del Cardenal  L\u00f3pez Rodr\u00edguez lo bendigan eternamente!<\/p>\n<p>&#13;<\/p>\n<h6> 2008-01-11 17:51:32 <\/h6>\n<p><!--\n<link rel=\"stylesheet\" href=\"css\/bootstrap.min.css\">\n\n\n<ul class=\"pagination\">\n\t    \n\t\n\n<li >\n\t<a href='?page_no=12388'>Previous<\/a>\n\t<\/li>\n\n\n       \n    \n\n<li><a href='?page_no=1'>1<\/a><\/li>\n\n\n\n<li><a href='?page_no=2'>2<\/a><\/li>\n\n\n\n<li><a>...<\/a><\/li>\n\n\n\n<li><a href='?page_no=12387'>12387<\/a><\/li>\n\n\n\n<li><a href='?page_no=12388'>12388<\/a><\/li>\n\n\n\n<li class='active'><a>12389<\/a><\/li>\n\n\n\n<li><a href='?page_no=12390'>12390<\/a><\/li>\n\n\n\n<li><a href='?page_no=12391'>12391<\/a><\/li>\n\n\n\n<li><a>...<\/a><\/li>\n\n\n\n<li><a href='?page_no=13611'>13611<\/a><\/li>\n\n\n\n<li><a href='?page_no=13612'>13612<\/a><\/li>\n\n    \n\t\n\n<li >\n\t<a href='?page_no=12390'>Next<\/a>\n\t<\/li>\n\n\n    \n\n<li><a href='?page_no=13612'>Last &rsaquo;&rsaquo;<\/a><\/li>\n\n<\/ul>\n\n\n--><br \/>\n<\/body><\/p>\n","protected":false},"excerpt":{"rendered":"<p>\u00bfPersonalidad o personero del a\u00f1o? &#13; Por Narciso Isa Conde &#13; Un importante medio de comunicaci\u00f3n del pa\u00eds realiz\u00f3 una singular encuesta en la que Leonel Fern\u00e1ndez, actual presidente de la rep\u00fablica (en funciones de gobernador de colonia), sac\u00f3 el primer lugar con un 24% de las opiniones y fue proclamado la \u201cpersonalidad m\u00e1s destacada [&hellip;]<\/p>\n","protected":false},"author":3,"featured_media":0,"comment_status":"open","ping_status":"open","sticky":false,"template":"","format":"standard","meta":{"footnotes":""},"categories":[16],"tags":[],"class_list":["post-36535","post","type-post","status-publish","format-standard","hentry","category-opiniones"],"_links":{"self":[{"href":"https:\/\/diariodominicano.com\/index.php?rest_route=\/wp\/v2\/posts\/36535","targetHints":{"allow":["GET"]}}],"collection":[{"href":"https:\/\/diariodominicano.com\/index.php?rest_route=\/wp\/v2\/posts"}],"about":[{"href":"https:\/\/diariodominicano.com\/index.php?rest_route=\/wp\/v2\/types\/post"}],"author":[{"embeddable":true,"href":"https:\/\/diariodominicano.com\/index.php?rest_route=\/wp\/v2\/users\/3"}],"replies":[{"embeddable":true,"href":"https:\/\/diariodominicano.com\/index.php?rest_route=%2Fwp%2Fv2%2Fcomments&post=36535"}],"version-history":[{"count":0,"href":"https:\/\/diariodominicano.com\/index.php?rest_route=\/wp\/v2\/posts\/36535\/revisions"}],"wp:attachment":[{"href":"https:\/\/diariodominicano.com\/index.php?rest_route=%2Fwp%2Fv2%2Fmedia&parent=36535"}],"wp:term":[{"taxonomy":"category","embeddable":true,"href":"https:\/\/diariodominicano.com\/index.php?rest_route=%2Fwp%2Fv2%2Fcategories&post=36535"},{"taxonomy":"post_tag","embeddable":true,"href":"https:\/\/diariodominicano.com\/index.php?rest_route=%2Fwp%2Fv2%2Ftags&post=36535"}],"curies":[{"name":"wp","href":"https:\/\/api.w.org\/{rel}","templated":true}]}}