{"id":36534,"date":"2008-01-11T21:51:45","date_gmt":"2008-01-11T21:51:45","guid":{"rendered":"http:\/\/diariodominicano.ddns.net\/?p=36534"},"modified":"2008-01-11T21:51:45","modified_gmt":"2008-01-11T21:51:45","slug":"liderazgo-democratico","status":"publish","type":"post","link":"https:\/\/diariodominicano.com\/?p=36534","title":{"rendered":"&#8211; Liderazgo Democr\u00e1tico"},"content":{"rendered":"<p><body><\/p>\n<p class=\"titulogrande1\"><strong>&#8211; Liderazgo Democr\u00e1tico<\/strong><\/p>\n<p>&#13;<\/p>\n<p align=\"justify\" class=\"text1noticias\"><img loading=\"lazy\" decoding=\"async\" src=\"http:\/\/10.0.0.82:8080\/pictures\/evelio arroyo.jpg\" width=\"269\" height=\"333\" hspace=\"4\" align=\"left\" \/>El liderazgo democr\u00e1tico se diferencia del liderazgo  autoritario en los m\u00e9todos de ejercer el poder, tanto a nivel de la instituci\u00f3n  partidaria, antes de alcanzar el poder del Estado, como cuando se llega al  Estado para ejercer las tareas de gobierno.<\/p>\n<p>&#13;<\/p>\n<p align=\"justify\" class=\"text1noticias\">El l\u00edder democr\u00e1tico intenta alentar la participaci\u00f3n de los  miembros del grupo en las tareas y decisiones que \u00e9ste se propone llevar a  cabo. Delega responsabilidades en vez de concentrarlas. Fomenta las relaciones  interpersonales y trata de reducir las contradicciones entre los miembros del  grupo que lidera.<\/p>\n<p>&#13;<\/p>\n<p align=\"justify\" class=\"text1noticias\">En el liderazgo democr\u00e1tico, aunque el l\u00edder ocupa una  posici\u00f3n central y principal dentro del grupo, tambi\u00e9n hay l\u00edderes intermedios  que participan en la formulaci\u00f3n de las metas grupales y se esfuerzan en el  logro de \u00e9stas.<\/p>\n<p>&#13;<\/p>\n<p align=\"justify\" class=\"text1noticias\">En el liderazgo democr\u00e1tico las t\u00e1cticas del grupo se  establecen por medio de decisiones colectivas. El l\u00edder democr\u00e1tico sugiere  medidas y alternativas frente a una determinada situaci\u00f3n o problema y los miembros  del grupo las discuten y eligen de forma consensuada la que el colectivo  entiende es m\u00e1s apropiada para la soluci\u00f3n del problema que desean solucionar.<\/p>\n<p>&#13;<\/p>\n<p align=\"justify\" class=\"text1noticias\">El l\u00edder democr\u00e1tico se caracteriza por ser objetivo en sus  decisiones, ya que para alabar o para castigar se fundamenta en los hechos  reales y una vez los ha analizado, toma una decisi\u00f3n junto a los principales  miembros de su grupo.\u00a0\u00a0\u00a0\u00a0\u00a0\u00a0\u00a0\u00a0\u00a0\u00a0\u00a0\u00a0\u00a0\u00a0\u00a0\u00a0\u00a0\u00a0\u00a0 <\/p>\n<p>&#13;<\/p>\n<p align=\"justify\" class=\"text1noticias\">Cuando el l\u00edder democr\u00e1tico tiene la oportunidad de presidir  el Estado, a trav\u00e9s del gobierno que encabece, lo har\u00e1 como resultado del voto  de la mayor\u00eda de sus ciudadanos, ya que todo estadista o l\u00edder pol\u00edtico con  sello democr\u00e1tico y que ha crecido en el seno de la democracia en una sociedad  abierta y participativa nunca deber\u00e1 participar de un poder usurpado. Las  decisiones del l\u00edder democr\u00e1tico, tanto cuando est\u00e1 dirigiendo el Estado, como  cuando esta dirigiendo la organizaci\u00f3n pol\u00edtica que le sirve de catapulta deben  siempre contar con el apoyo de la mayor\u00eda. Cuando toma decisiones que implican  a su organizaci\u00f3n pol\u00edtica sus miembros deben ser participes y conocedores de  esas decisiones y las mismas deben ser puestas en marcha s\u00f3lo cuando tengan el  apoyo de la mayor\u00eda partidaria. <\/p>\n<p>&#13;<\/p>\n<p align=\"justify\" class=\"text1noticias\">Cuando las decisiones del l\u00edder pol\u00edtico o estadista tienen  que ver con el ejercicio de gobierno que \u00e9ste est\u00e1 desarrollando frente al  Estado, entonces debe procurar\u00a0 que el  apoyo a sus decisiones de Estado sea mayoritario por parte de toda la sociedad  en donde est\u00e1 ejerciendo su liderazgo frente al Estado. El l\u00edder democr\u00e1tico  para tener mayor proyecci\u00f3n y equilibrio en su ejercicio de Estado siempre  deber\u00e1 apegarse a la estabilidad que representa apoyarse en decisiones colectivas de\u00a0 la organizaci\u00f3n pol\u00edtica que le sirve de base  a su liderazgo. <\/p>\n<p>&#13;<\/p>\n<p align=\"justify\" class=\"text1noticias\">El car\u00e1cter colectivo que revisten las decisiones tomadas  por un l\u00edder democr\u00e1tico es el sello distintivo de este tipo de liderazgo,  donde las medidas unilaterales no tienen raz\u00f3n de ser y donde la colectividad  debe participar,\u00a0 de forma activa, en las  acciones que\u00a0 el l\u00edder ha proyectado en  su visi\u00f3n tanto para el crecimiento de su organizaci\u00f3n pol\u00edtica como para las  ejecutorias que \u00e9ste\u00a0 debe llevar a cabo  desde el Estado, una vez se llega al gobierno por medio del voto mayoritario de  los ciudadanos. <\/p>\n<p>&#13;<\/p>\n<p align=\"justify\" class=\"text1noticias\">La lucha por las  ideas democr\u00e1ticas no s\u00f3lo se escenifican en la sociedad moderna, sino que  \u00e9stas nos vienen desde la antig\u00fcedad, sobre todo de la antigua Grecia, donde se  enfrentan las ideas aristocr\u00e1ticas y democr\u00e1ticas. Democrito que fue partidario  de la democracia puntualizaba esa diferencia entre los due\u00f1os de esclavos y los  hombres sometidos a ese r\u00e9gimen de esclavitud. En ese aspecto plante\u00f3\u00a0 que la lucha civil era una desgracia para  esclavos y\u00a0 para los propios esclavistas,  ya que era da\u00f1ina, tanto para los vencedores como\u00a0 para\u00a0  los vencidos.<\/p>\n<p>&#13;<\/p>\n<p align=\"justify\" class=\"text1noticias\">Al defender la necesidad del liderazgo democr\u00e1tico en la Grecia antigua  Dem\u00f3crito\u00a0 plantea la necesidad de  adaptar\u00a0 la democracia a un marco legal  que permita la convivencia en sociedad. <br \/>&#13;<br \/>\n  <br \/>&#13;<br \/>\nEn este sentido nos dice:\u201dEl hombre  prudente podr\u00eda vivir sin someterse a las leyes , pero dado que las relaciones  mutuas entre los hombres est\u00e1n colmadas de enemistad, las leyes son necesarias  y hay que defenderlas con una severidad implacable.\u201d<\/p>\n<p>&#13;<\/p>\n<p align=\"justify\" class=\"text1noticias\">Democrito fue partidario del liderazgo democr\u00e1tico en la Grecia antigua, donde junto  al r\u00e9gimen eslavista coexistieron industriales y comerciantes que sirvieron de  contrapeso al r\u00e9gimen pol\u00edtico prevaleciente, y puntualiz\u00f3 que la democracias y  la pobreza eran preferibles a la llamada felicidad de los ciudadanos bajo los  reyes, ya que entiende que vivir en libertad es mejor que someterse al dominio  absoluto de la clase esclavista.\u00a0 \u00a0<\/p>\n<p>&#13;<\/p>\n<h6> 2008-01-11 21:51:45 <\/h6>\n<p><!--\n<link rel=\"stylesheet\" href=\"css\/bootstrap.min.css\">\n\n\n<ul class=\"pagination\">\n\t    \n\t\n\n<li >\n\t<a href='?page_no=12387'>Previous<\/a>\n\t<\/li>\n\n\n       \n    \n\n<li><a href='?page_no=1'>1<\/a><\/li>\n\n\n\n<li><a href='?page_no=2'>2<\/a><\/li>\n\n\n\n<li><a>...<\/a><\/li>\n\n\n\n<li><a href='?page_no=12386'>12386<\/a><\/li>\n\n\n\n<li><a href='?page_no=12387'>12387<\/a><\/li>\n\n\n\n<li class='active'><a>12388<\/a><\/li>\n\n\n\n<li><a href='?page_no=12389'>12389<\/a><\/li>\n\n\n\n<li><a href='?page_no=12390'>12390<\/a><\/li>\n\n\n\n<li><a>...<\/a><\/li>\n\n\n\n<li><a href='?page_no=13611'>13611<\/a><\/li>\n\n\n\n<li><a href='?page_no=13612'>13612<\/a><\/li>\n\n    \n\t\n\n<li >\n\t<a href='?page_no=12389'>Next<\/a>\n\t<\/li>\n\n\n    \n\n<li><a href='?page_no=13612'>Last &rsaquo;&rsaquo;<\/a><\/li>\n\n<\/ul>\n\n\n--><br \/>\n<\/body><\/p>\n","protected":false},"excerpt":{"rendered":"<p>&#8211; Liderazgo Democr\u00e1tico &#13; El liderazgo democr\u00e1tico se diferencia del liderazgo autoritario en los m\u00e9todos de ejercer el poder, tanto a nivel de la instituci\u00f3n partidaria, antes de alcanzar el poder del Estado, como cuando se llega al Estado para ejercer las tareas de gobierno. &#13; El l\u00edder democr\u00e1tico intenta alentar la participaci\u00f3n de los [&hellip;]<\/p>\n","protected":false},"author":3,"featured_media":0,"comment_status":"open","ping_status":"open","sticky":false,"template":"","format":"standard","meta":{"footnotes":""},"categories":[16],"tags":[],"class_list":["post-36534","post","type-post","status-publish","format-standard","hentry","category-opiniones"],"_links":{"self":[{"href":"https:\/\/diariodominicano.com\/index.php?rest_route=\/wp\/v2\/posts\/36534","targetHints":{"allow":["GET"]}}],"collection":[{"href":"https:\/\/diariodominicano.com\/index.php?rest_route=\/wp\/v2\/posts"}],"about":[{"href":"https:\/\/diariodominicano.com\/index.php?rest_route=\/wp\/v2\/types\/post"}],"author":[{"embeddable":true,"href":"https:\/\/diariodominicano.com\/index.php?rest_route=\/wp\/v2\/users\/3"}],"replies":[{"embeddable":true,"href":"https:\/\/diariodominicano.com\/index.php?rest_route=%2Fwp%2Fv2%2Fcomments&post=36534"}],"version-history":[{"count":0,"href":"https:\/\/diariodominicano.com\/index.php?rest_route=\/wp\/v2\/posts\/36534\/revisions"}],"wp:attachment":[{"href":"https:\/\/diariodominicano.com\/index.php?rest_route=%2Fwp%2Fv2%2Fmedia&parent=36534"}],"wp:term":[{"taxonomy":"category","embeddable":true,"href":"https:\/\/diariodominicano.com\/index.php?rest_route=%2Fwp%2Fv2%2Fcategories&post=36534"},{"taxonomy":"post_tag","embeddable":true,"href":"https:\/\/diariodominicano.com\/index.php?rest_route=%2Fwp%2Fv2%2Ftags&post=36534"}],"curies":[{"name":"wp","href":"https:\/\/api.w.org\/{rel}","templated":true}]}}