{"id":36533,"date":"2008-01-11T21:55:08","date_gmt":"2008-01-11T21:55:08","guid":{"rendered":"http:\/\/diariodominicano.ddns.net\/?p=36533"},"modified":"2008-01-11T21:55:08","modified_gmt":"2008-01-11T21:55:08","slug":"el-liderazgo-del-siglo-xxi","status":"publish","type":"post","link":"https:\/\/diariodominicano.com\/?p=36533","title":{"rendered":"&#8211; El Liderazgo del Siglo XXI"},"content":{"rendered":"<p><body><\/p>\n<p class=\"titulogrande1\">&#8211;  El Liderazgo del Siglo XXI<\/p>\n<p>&#13;<\/p>\n<p align=\"justify\" class=\"text1noticias\"><img loading=\"lazy\" decoding=\"async\" src=\"http:\/\/10.0.0.82:8080\/pictures\/evelio arroyo.jpg\" width=\"269\" height=\"333\" hspace=\"4\" align=\"left\" \/>El liderazgo que prevaleci\u00f3, en  el pasado, en muchas naciones latinoamericanas tuvo un matiz centralizador, en  el que muchos lideres ejercieron sus mandatos amparados en posiciones de  fuerzas, verbigracia los gobiernos militares. Las dictaduras que tuvieron  vigencia en Am\u00e9rica Latina son un ejemplo de que las condiciones  socioecon\u00f3micas\u00a0 de muchos pa\u00edses  permitieron el ejercicio de liderazgos pol\u00edticos que se sustentaban en la  personalidad del l\u00edder para someter a los diferentes sectores sociales y  econ\u00f3micos a su control.<\/p>\n<p>&#13;<\/p>\n<p align=\"justify\" class=\"text1noticias\">Tienen esos tipos de liderazgos  posibilidad\u00a0 de prevalecer en el  presente? Producto de los cambios econ\u00f3micos\u00a0  y sociales que registran la mayor\u00eda de las naciones latinoamericana, en  sus econom\u00edas y en sus estructuras legal y productivas, el tipo de liderazgo  que se ha ido imponiendo es el liderazgo colectivo, ya que tanto los grupos  sociales como econ\u00f3micos, producto de la apertura y la libertad reinante en  todos los grupos que interact\u00faan al interior de las sociedades  latinoamericanas, tienen, por necesidad, que tomar\u00a0 decisiones\u00a0  que tomen en cuenta a\u00a0 los grupos  sociales, que de forma mancomunada, desarrollan una actividad social o  productiva.<\/p>\n<p>&#13;<\/p>\n<p align=\"justify\" class=\"text1noticias\">El desconocimiento del trabajo  del individuo o del grupo, por parte del l\u00edder pol\u00edtico, trae consigo la  disminuci\u00f3n de la influencia de ese liderazgo sobre el conglomerado social que  esta presidiendo e influyendo, ya que ese desconocimiento genera una ruptura  del compromiso de ese l\u00edder con sus gentes y viceversa.<\/p>\n<p>&#13;<\/p>\n<p align=\"justify\" class=\"text1noticias\">El desconocimiento del trabajo  colectivo, por parte del l\u00edder pol\u00edtico, tiene\u00a0  vigencia en el presente,\u00a0 sin  embargo fue en el pasado cuando esa vigencia tuvo mayor incidencia en Am\u00e9rica  Latina, ya que las sociedades latinoamericanas eran m\u00e1s cerradas que en el  presente, producto del crecimiento poblacional y del desarrollo de los medios  de comunicaci\u00f3n, as\u00ed como el crecimiento del Internet ning\u00fan acontecimiento, de  cierta relevancia social o pol\u00edtica, puede ocultarse en el interior de las  fronteras nacionales\u00a0 y el mundo se  entera, casi al instante, de lo que pasa en cualquier parte del mundo al  instante, eso impide que situaciones nacionales que ocurren al interior de las  sociedades latinoamericanas puedan ser ocultadas, como ocurr\u00eda en el  pasado.\u00a0 <\/p>\n<p>&#13;<\/p>\n<p align=\"justify\" class=\"text1noticias\">El desarrollo de una cultura  democr\u00e1tica, apoyada en el derecho que tienen las personas de decir y hacer lo  que entienden les perjudica o les beneficia, no permite reciclar regimenes de  fuerzas, como ocurri\u00f3 en el pasado.<\/p>\n<p>&#13;<\/p>\n<p align=\"justify\" class=\"text1noticias\">El l\u00edder pol\u00edtico del presente  debe tomar en cuenta, que producto del cambio de actitud y de mentalidad que ha  experimentado el ciudadano, ya el miedo y el temor que \u00e9ste sent\u00eda en el pasado  se han ido perdiendo, producto de la apertura econ\u00f3mica, cultural y pol\u00edtica  que registran las naciones latinoamericanas, por eso lo que m\u00e1s conviene a  cualquier liderazgo que desea ganar y mantener el aprecio de la gente, es  asimilar \u00e9sta realidad, que rechaza\u00a0 todo  tipo de liderazgo que trate de imponer sus designios a los\u00a0 miembros del grupo o a\u00a0\u00a0 la sociedad donde est\u00e1 ejerciendo su  liderazgo. <\/p>\n<p>&#13;<\/p>\n<p align=\"justify\" class=\"text1noticias\">El nuevo liderazgo pol\u00edtico,  producto del cambio de actitud de la gente, debe sustentar sus designios,  apoy\u00e1ndose en el consenso de la mayor\u00eda de ciudadanos que conforman la naci\u00f3n,  ya que tomar cualquier decisi\u00f3n de manera individual o unilateral, est\u00e1  condenada a ser rechazada por esa  mayor\u00eda poblacional.<\/p>\n<p>&#13;<\/p>\n<p align=\"justify\" class=\"text1noticias\">La sustituci\u00f3n de las  instituciones econ\u00f3micas y sociales por parte del l\u00edder para imponer un sello  personal a sus decisiones, ya no es\u00a0  posible hacerlo en el presente, ya que la sociedad actual esta  vigilante,\u00a0 y esta\u00a0 sirviendo de muro de contenci\u00f3n y de  contrapeso a esas aspiraciones de fuerzas, que de tiempos en tiempos, aspiran a  ejercer algunos liderazgos matizados\u00a0 por  el dominio personal y la influencia de un liderazgo centralizador y  avasallante, que aunque en el presente no tiene vigencia, ni posibilidad de  instaurarse de nuevo, en el corto plazo, no por ello debemos perder de vista  que la historia de la   Humanidad es c\u00edclica y por ello hay quienes piensan que  siempre hay una oportunidad para volver al pasado y repetirlo.\u00a0\u00a0 El proceso pol\u00edtico que ha vivido  Latinoam\u00e9rica no es la excepci\u00f3n.\u00a0 <\/p>\n<p>&#13;<\/p>\n<p align=\"justify\" class=\"text1noticias\">Todo l\u00edder pol\u00edtico debe tener  presente que repetir el pasado s\u00f3lo es positivo y provechoso cuando esa vuelta  al pasado beneficia a la gente. Cualquier cambio\u00a0 que busque volver a pr\u00e1cticas pol\u00edticas  pasadas, desconociendo la tendencia democr\u00e1tica y la libertad econ\u00f3mica e  individual que hoy persigue la   Humanidad est\u00e1 llamado al fracaso.<\/p>\n<p>&#13;<\/p>\n<p align=\"justify\" class=\"text1noticias\">Un ejemplo evidente que retrata\u00a0 las aspiraciones\u00a0 que persiguen\u00a0  los pa\u00edses latinoamericanos lo constituye el caso venezolano y el  presidente de ese pa\u00eds Hugo Chavez. Venezuela y su sistema de partidos cayeron  en la falta de credibilidad de su dirigencia pol\u00edtica, producto de los  incumplimientos y la corrupci\u00f3n\u00a0 de  gobiernos sucesivos.<\/p>\n<p>&#13;<\/p>\n<p align=\"justify\" class=\"text1noticias\">En la actualidad parece que hay una parte  importante de ciudadanos de ese pa\u00eds que no comulgan con el giro  socialista\u00a0 que ese l\u00edder le ha dado al  proceso pol\u00edtico venezolano, sin embargo el hecho de que \u00e9ste ha legitimado su  paso al poder por medio de elecciones le ha permitido, no s\u00f3lo retener el  poder, sino tambi\u00e9n reciclarse en \u00e9ste y abogar por la reelecci\u00f3n presidencial  para mantenerse frente a los destinos de ese pa\u00eds sudamericano. Por eso, los  l\u00edderes democr\u00e1ticos deben asimilar ese proceso, porque muchas veces los giros  que toman los sistemas pol\u00edticos pueden generar situaciones no deseadas, con el  agravante de que muchas veces son cambios pol\u00edticos irreversibles.\u00a0 <\/p>\n<p>&#13;<\/p>\n<p align=\"justify\" class=\"text1noticias\">Como se observa\u00a0 el incumplimiento de la clase pol\u00edtica muchas  veces trae consigo gobiernos no deseados. Sin embargo cuando el sistema de la  democracia representativa no es capaz de reformar y dar soluciones a problemas  b\u00e1sicos de la gente se corre el riesgo de que hasta con sus propios m\u00e9todos los  adversarios compitan y logren sus objetivos de desplazar al sistema pol\u00edtico  que representa a la democracia representativa.\u00a0\u00a0\u00a0\u00a0 <\/p>\n<p>&#13;<\/p>\n<p align=\"justify\" class=\"text1noticias\">En el siglo XXI m\u00e1s que  gobiernos o lideres de fuerzas lo que se impone es que todo l\u00edder pol\u00edtico  reconozca que lo que est\u00e1 prevaleciendo en el mundo son los liderazgos  colectivos, que toman en cuenta al individuo y a la sociedad, tanto para  beneficiarlos desde el Estado, una vez se llega al gobierno, como para darles  participaci\u00f3n y espacio en la organizaci\u00f3n pol\u00edtica que ha servido y esta sirviendo de apoyo\u00a0 al l\u00edder y a sus gentes para acceder al poder  del Estado.<\/p>\n<p>&#13;<\/p>\n<h6> 2008-01-11 21:55:08 <\/h6>\n<p><!--\n<link rel=\"stylesheet\" href=\"css\/bootstrap.min.css\">\n\n\n<ul class=\"pagination\">\n\t    \n\t\n\n<li >\n\t<a href='?page_no=12386'>Previous<\/a>\n\t<\/li>\n\n\n       \n    \n\n<li><a href='?page_no=1'>1<\/a><\/li>\n\n\n\n<li><a href='?page_no=2'>2<\/a><\/li>\n\n\n\n<li><a>...<\/a><\/li>\n\n\n\n<li><a href='?page_no=12385'>12385<\/a><\/li>\n\n\n\n<li><a href='?page_no=12386'>12386<\/a><\/li>\n\n\n\n<li class='active'><a>12387<\/a><\/li>\n\n\n\n<li><a href='?page_no=12388'>12388<\/a><\/li>\n\n\n\n<li><a href='?page_no=12389'>12389<\/a><\/li>\n\n\n\n<li><a>...<\/a><\/li>\n\n\n\n<li><a href='?page_no=13611'>13611<\/a><\/li>\n\n\n\n<li><a href='?page_no=13612'>13612<\/a><\/li>\n\n    \n\t\n\n<li >\n\t<a href='?page_no=12388'>Next<\/a>\n\t<\/li>\n\n\n    \n\n<li><a href='?page_no=13612'>Last &rsaquo;&rsaquo;<\/a><\/li>\n\n<\/ul>\n\n\n--><br \/>\n<\/body><\/p>\n","protected":false},"excerpt":{"rendered":"<p>&#8211; El Liderazgo del Siglo XXI &#13; El liderazgo que prevaleci\u00f3, en el pasado, en muchas naciones latinoamericanas tuvo un matiz centralizador, en el que muchos lideres ejercieron sus mandatos amparados en posiciones de fuerzas, verbigracia los gobiernos militares. Las dictaduras que tuvieron vigencia en Am\u00e9rica Latina son un ejemplo de que las condiciones socioecon\u00f3micas\u00a0 [&hellip;]<\/p>\n","protected":false},"author":3,"featured_media":0,"comment_status":"open","ping_status":"open","sticky":false,"template":"","format":"standard","meta":{"footnotes":""},"categories":[16],"tags":[],"class_list":["post-36533","post","type-post","status-publish","format-standard","hentry","category-opiniones"],"_links":{"self":[{"href":"https:\/\/diariodominicano.com\/index.php?rest_route=\/wp\/v2\/posts\/36533","targetHints":{"allow":["GET"]}}],"collection":[{"href":"https:\/\/diariodominicano.com\/index.php?rest_route=\/wp\/v2\/posts"}],"about":[{"href":"https:\/\/diariodominicano.com\/index.php?rest_route=\/wp\/v2\/types\/post"}],"author":[{"embeddable":true,"href":"https:\/\/diariodominicano.com\/index.php?rest_route=\/wp\/v2\/users\/3"}],"replies":[{"embeddable":true,"href":"https:\/\/diariodominicano.com\/index.php?rest_route=%2Fwp%2Fv2%2Fcomments&post=36533"}],"version-history":[{"count":0,"href":"https:\/\/diariodominicano.com\/index.php?rest_route=\/wp\/v2\/posts\/36533\/revisions"}],"wp:attachment":[{"href":"https:\/\/diariodominicano.com\/index.php?rest_route=%2Fwp%2Fv2%2Fmedia&parent=36533"}],"wp:term":[{"taxonomy":"category","embeddable":true,"href":"https:\/\/diariodominicano.com\/index.php?rest_route=%2Fwp%2Fv2%2Fcategories&post=36533"},{"taxonomy":"post_tag","embeddable":true,"href":"https:\/\/diariodominicano.com\/index.php?rest_route=%2Fwp%2Fv2%2Ftags&post=36533"}],"curies":[{"name":"wp","href":"https:\/\/api.w.org\/{rel}","templated":true}]}}