{"id":36526,"date":"2008-01-12T22:52:10","date_gmt":"2008-01-12T22:52:10","guid":{"rendered":"http:\/\/diariodominicano.ddns.net\/?p=36526"},"modified":"2008-01-12T22:52:10","modified_gmt":"2008-01-12T22:52:10","slug":"la-recesion-en-ee-uu-y-sus-reflejos","status":"publish","type":"post","link":"https:\/\/diariodominicano.com\/?p=36526","title":{"rendered":"La recesi\u00f3n en EE UU y sus reflejos"},"content":{"rendered":"<p><body><\/p>\n<p class=\"titulogrande1\">La recesi\u00f3n en EE UU y sus reflejos<\/p>\n<p>&#13;<\/p>\n<p class=\"textogrande\">Altamiro Borges<\/p>\n<p>&#13;<\/p>\n<p align=\"justify\" class=\"text1noticias\"><strong>ALAI AMLATINA, 11\/01\/2008, Sao Paulo.- <\/strong>Ahora no son solamente los cr\u00edticos del desastroso gobierno de George W. Bush que alertan.  Hasta los economistas ortodoxos, ligados a los c\u00edrculos financieros, prev\u00e9n que EE UU entrar\u00e1 en recesi\u00f3n en 2008. En una encuesta reciente,  la agencia de noticias Bloomberg constat\u00f3 que la mayor\u00eda de los  analistas del mercado eval\u00faa que el PIB del pa\u00eds sufrir\u00e1 una contracci\u00f3n ya  en este primer trimestre. Goldman Sachs, Merrill Lynch y Morgan  Stanley, poderosas mafias financieras, tambi\u00e9n temen lo peor, pese a los  matices anal\u00edticos entre los m\u00e1s y los menos pesimistas, sin que haya  ning\u00fan optimista.<\/p>\n<p>&#13;<\/p>\n<p align=\"justify\" class=\"text1noticias\">Motivos para temer no faltan, ya que la situaci\u00f3n de la econom\u00eda  yanqui es grave. Ella es totalmente parasitaria, endeuda y est\u00e1 enferma  desde hace tiempos. La crisis inmobiliaria del a\u00f1o pasado fue s\u00f3lo la  punta del iceberg, llevando a la quiebra a miles de estadounidenses. El  d\u00f3lar contin\u00faa cayendo en el mundo, quebrantando uno de los pilares del imperio. El desempleo vuelve a alcanzar records, afectando al 5%  de la poblaci\u00f3n econ\u00f3micamente activa en diciembre. Las compras de la Navidad pasada fueron las peores de los \u00faltimos a\u00f1os e Irak se ha  convertido en el nuevo Vietnam. \u00a1El pesimismo se apodera de los yanquis!<\/p>\n<p>&#13;<\/p>\n<p align=\"justify\" class=\"text1noticias\">La ca\u00edda del imperio<\/p>\n<p>&#13;<\/p>\n<p align=\"justify\" class=\"text1noticias\">Seg\u00fan una reciente investigaci\u00f3n de la CNN, el 57% de los estadounidenses eval\u00faa que el pa\u00eds ya se encuentra en recesi\u00f3n.  Para David Brooks, de La   Jornada, este pesimismo es comprensible. \u201cMiles perdieron sus casas con la crisis de la deuda hipotecaria, uno de  cada 10 padece de hambre, el sueldo real de la amplia mayor\u00eda de los trabajadores no mejora en m\u00e1s de 30 a\u00f1os&#8230; El \u2018sue\u00f1o americano&#8217;  se define muy sencillamente: la nueva generaci\u00f3n gozar\u00e1 de mejor  nivel de vida que la anterior. Pero este mito fundamental en el pa\u00eds se  est\u00e1 desvaneciendo r\u00e1pidamente. Una investigaci\u00f3n reciente detect\u00f3 que solamente el 16% cree que sus hijos tendr\u00e1n mejores condiciones econ\u00f3micas que la suya\u201d.<\/p>\n<p>&#13;<\/p>\n<p align=\"justify\" class=\"text1noticias\">En cierto sentido, la amenazadora recesi\u00f3n confirma la tesis de la  ca\u00edda relativa \u2013y no del colapso inmediato\u2013 del \u201cimperio del mal\u201d. Como  afirma el periodista Umberto Martins, \u201cla crisis inmobiliaria y la crisis  del d\u00f3lar revelan la fragilidad de la econom\u00eda estadounidense, que  ingres\u00f3<br \/>&#13;<br \/>\n  en el siglo XXI bajo el impacto del colapso de la &#8216;Nueva Econom\u00eda&#8217;  y la recesi\u00f3n de 2001. Son hechos desconcertantes para quien apost\u00f3 sus fichas al relanzamiento de la hegemon\u00eda econ\u00f3mica de EE UU y  aliment\u00f3 la idea de que la superpotencia en declive ser\u00eda la gran locomotora  de la econom\u00eda internacional, al menos hasta 2050. Felizmente, la  realidad tiene el don de disipar ilusiones\u201d.<\/p>\n<p>&#13;<\/p>\n<p align=\"justify\" class=\"text1noticias\">Optimismo excesivo del Banco Central<\/p>\n<p>&#13;<\/p>\n<p align=\"justify\" class=\"text1noticias\">\u00bfEn este escenario sombr\u00edo, que aterroriza los due\u00f1os del capital, cu\u00e1les son las manifestaciones en el resto del mundo? Es cierto  que, incluso debilitada, la econom\u00eda yanqui todav\u00eda ocupa una posici\u00f3n destacada en el planeta. En caso de que entre realmente en  recesi\u00f3n, toda la econom\u00eda mundial se ver\u00eda afectada, incluso la brasile\u00f1a.  Uno de los efectos ser\u00e1 la reducci\u00f3n de las importaciones, sobre todo de  las mercanc\u00edas dependientes y limitadas. <br \/>&#13;<br \/>\n  <br \/>&#13;<br \/>\nTambi\u00e9n puede darse una fuga  de capitales, inclusive de las inversiones directas, y la quiebra de  las poderosas multinacionales yanquis, con sus efectos devastadores.<\/p>\n<p>&#13;<\/p>\n<p align=\"justify\" class=\"text1noticias\">En este sentido, no se justifica el excesivo optimismo de Henrique Meirelles, presidente del Banco Central, para quien el pa\u00eds est\u00e1 preparado para enfrentar las consecuencias de la recesi\u00f3n en EE  UU. \u201cBrasil est\u00e1 muy bien posicionado hoy dentro del escenario  mundial\u201d. Ese optimismo exagerado inclusive contradice las intuiciones del  presidente Lula, que en la \u00faltima reuni\u00f3n de su consejo pol\u00edtico, confes\u00f3  temer los efectos de la crisis en EE.UU. Mucho mejor ser\u00eda que los  responsables de la pol\u00edtica econ\u00f3mica se dedicaran ya a planificar las medidas que  se necesitan para defender la econom\u00eda nacional, como la adopci\u00f3n de mecanismos para el control del flujo de capitales.<\/p>\n<p>&#13;<\/p>\n<p align=\"justify\" class=\"text1noticias\">Es cierto que Brasil hoy es menos vulnerable frente a las manifestaciones externas. Hasta sectores cr\u00edticos de la pol\u00edtica macroecon\u00f3mica del gobierno reconocen este avance. El economista  Paulo Nogueira Batista Jr., por ejemplo, no cree que la recesi\u00f3n en EE  UU paralizar\u00e1 el crecimiento brasile\u00f1o. \u201cLa recesi\u00f3n americana  tendr\u00eda que ser muy fuerte para producir ese efecto&#8230; A menos que se instaure  un escenario externo ca\u00f3tico, la econom\u00eda brasile\u00f1a continuar\u00e1  creciendo. Incluso si EE UU entra en recesi\u00f3n\u201d. De cualquier forma, \u00a1m\u00e1s vale prevenir que lamentar! (Traducci\u00f3n ALAI)<\/p>\n<p>&#13;<\/p>\n<p align=\"justify\" class=\"text1noticias\">&#8211; Altamiro Borges es periodista, miembro del Comit\u00e9 Central del  Partido Comunista de Brasil, editor de la revista Debate Sindical y autor  del libro \u201cLas encrucijadas del sindicalismo\u201d (Editorial Anita  Garibaldi).<\/p>\n<p>&#13;<\/p>\n<p align=\"justify\" class=\"text1noticias\">Agencia Latinoamericana de Informaci\u00f3n<br \/>&#13;<br \/>\n  <br \/>&#13;<br \/>\n  email: info@alaine.org<\/p>\n<p>&#13;<\/p>\n<h6> 2008-01-12 22:52:10 <\/h6>\n<p><!--\n<link rel=\"stylesheet\" href=\"css\/bootstrap.min.css\">\n\n\n<ul class=\"pagination\">\n\t    \n\t\n\n<li >\n\t<a href='?page_no=12379'>Previous<\/a>\n\t<\/li>\n\n\n       \n    \n\n<li><a href='?page_no=1'>1<\/a><\/li>\n\n\n\n<li><a href='?page_no=2'>2<\/a><\/li>\n\n\n\n<li><a>...<\/a><\/li>\n\n\n\n<li><a href='?page_no=12378'>12378<\/a><\/li>\n\n\n\n<li><a href='?page_no=12379'>12379<\/a><\/li>\n\n\n\n<li class='active'><a>12380<\/a><\/li>\n\n\n\n<li><a href='?page_no=12381'>12381<\/a><\/li>\n\n\n\n<li><a href='?page_no=12382'>12382<\/a><\/li>\n\n\n\n<li><a>...<\/a><\/li>\n\n\n\n<li><a href='?page_no=13611'>13611<\/a><\/li>\n\n\n\n<li><a href='?page_no=13612'>13612<\/a><\/li>\n\n    \n\t\n\n<li >\n\t<a href='?page_no=12381'>Next<\/a>\n\t<\/li>\n\n\n    \n\n<li><a href='?page_no=13612'>Last &rsaquo;&rsaquo;<\/a><\/li>\n\n<\/ul>\n\n\n--><br \/>\n<\/body><\/p>\n","protected":false},"excerpt":{"rendered":"<p>La recesi\u00f3n en EE UU y sus reflejos &#13; Altamiro Borges &#13; ALAI AMLATINA, 11\/01\/2008, Sao Paulo.- Ahora no son solamente los cr\u00edticos del desastroso gobierno de George W. Bush que alertan. Hasta los economistas ortodoxos, ligados a los c\u00edrculos financieros, prev\u00e9n que EE UU entrar\u00e1 en recesi\u00f3n en 2008. En una encuesta reciente, la [&hellip;]<\/p>\n","protected":false},"author":3,"featured_media":0,"comment_status":"open","ping_status":"open","sticky":false,"template":"","format":"standard","meta":{"footnotes":""},"categories":[16],"tags":[],"class_list":["post-36526","post","type-post","status-publish","format-standard","hentry","category-opiniones"],"_links":{"self":[{"href":"https:\/\/diariodominicano.com\/index.php?rest_route=\/wp\/v2\/posts\/36526","targetHints":{"allow":["GET"]}}],"collection":[{"href":"https:\/\/diariodominicano.com\/index.php?rest_route=\/wp\/v2\/posts"}],"about":[{"href":"https:\/\/diariodominicano.com\/index.php?rest_route=\/wp\/v2\/types\/post"}],"author":[{"embeddable":true,"href":"https:\/\/diariodominicano.com\/index.php?rest_route=\/wp\/v2\/users\/3"}],"replies":[{"embeddable":true,"href":"https:\/\/diariodominicano.com\/index.php?rest_route=%2Fwp%2Fv2%2Fcomments&post=36526"}],"version-history":[{"count":0,"href":"https:\/\/diariodominicano.com\/index.php?rest_route=\/wp\/v2\/posts\/36526\/revisions"}],"wp:attachment":[{"href":"https:\/\/diariodominicano.com\/index.php?rest_route=%2Fwp%2Fv2%2Fmedia&parent=36526"}],"wp:term":[{"taxonomy":"category","embeddable":true,"href":"https:\/\/diariodominicano.com\/index.php?rest_route=%2Fwp%2Fv2%2Fcategories&post=36526"},{"taxonomy":"post_tag","embeddable":true,"href":"https:\/\/diariodominicano.com\/index.php?rest_route=%2Fwp%2Fv2%2Ftags&post=36526"}],"curies":[{"name":"wp","href":"https:\/\/api.w.org\/{rel}","templated":true}]}}