{"id":36524,"date":"2008-01-12T22:57:28","date_gmt":"2008-01-12T22:57:28","guid":{"rendered":"http:\/\/diariodominicano.ddns.net\/?p=36524"},"modified":"2008-01-12T22:57:28","modified_gmt":"2008-01-12T22:57:28","slug":"miguel-vargas-y-la-preocupacion-del-gobierno","status":"publish","type":"post","link":"https:\/\/diariodominicano.com\/?p=36524","title":{"rendered":"Miguel Vargas y la Preocupaci\u00f3n del Gobierno"},"content":{"rendered":"<p><body><\/p>\n<p class=\"titulogrande1\"><strong>Miguel Vargas y la Preocupaci\u00f3n del  Gobierno<\/strong><\/p>\n<p>&#13;<\/p>\n<p align=\"justify\" class=\"text1noticias\"><img loading=\"lazy\" decoding=\"async\" src=\"http:\/\/10.0.0.82:8080\/pictures\/evelio arroyo.jpg\" width=\"269\" height=\"333\" hspace=\"4\" align=\"left\" \/>En estos d\u00edas de campa\u00f1a electoral el  pa\u00eds ha sido testigo de la preocupaci\u00f3n que tienen muchos en el gobierno,  producto del crecimiento que experimenta en toda la geograf\u00eda nacional la  candidatura\u00a0 del Ing. Miguel Vargas.<\/p>\n<p>&#13;<\/p>\n<p align=\"justify\" class=\"text1noticias\">Esa preocupaci\u00f3n s\u00f3lo tiene una raz\u00f3n de  ser. Esa preocupaci\u00f3n se debe a que no tienen argumentos para explicarle al  pa\u00eds c\u00f3mo han pasado de una posici\u00f3n de simples mortales\u00a0 a una posici\u00f3n de abundancia y de fortunas  formidables. Explicar esa realidad en un pa\u00eds pobre es casi una tarea  imposible.<\/p>\n<p>&#13;<\/p>\n<p align=\"justify\" class=\"text1noticias\">Lo\u00a0  m\u00e1s risible de esta situaci\u00f3n es que muchos que se han hecho  multimillonarios, a costa de la apropiaci\u00f3n il\u00edcita de bienes y riquezas  provenientes del Estado, anden pidi\u00e9ndole a quien tiene toda una vida de m\u00e1s de  34 a\u00f1os dedicado al trabajo y a labores empresariales y productivas que  explique el origen de sus ingresos. Eso se llama en nuestro pa\u00eds ser caras  duras.<\/p>\n<p>&#13;<\/p>\n<p align=\"justify\" class=\"text1noticias\">En el caso de muchos en el actual  gobierno, los hay que se han hecho ricos al vapor y que no resisten el m\u00e1s  m\u00ednimo examen para establecer el rigen de sus ingresos, ya que es evidente que  los mismos son el resultado de la apropiaci\u00f3n il\u00edcita; por eso debieran tener  un\u00a0 poco de respeto por el pueblo y lo  mejor que pudieran hacer es mantenerse en silencio, para que no les vean sus  mascaras y para\u00a0 no seguir hundi\u00e9ndose  m\u00e1s frente a la indignaci\u00f3n de la gente.<\/p>\n<p>&#13;<\/p>\n<p align=\"justify\" class=\"text1noticias\">El Ing. Miguel Vargas no ha podido ser  atacado por ning\u00fan acto de su vida que ri\u00f1a con la ley y las buenas costumbres.  Puede justificar su jerarqu\u00eda empresarial y pol\u00edtica porque tiene toda una  trayectoria de trabajo y vida productiva..<\/p>\n<p>&#13;<\/p>\n<p align=\"justify\" class=\"text1noticias\">El ha pedido al actual inc\u00fambente del  Poder Ejecutivo que desea que ambos le hablen al pa\u00eds para que le expliquen  todo\u00a0 cuanto tenga que ver con sus  trayectorias de vida empresarial y publica. \u00bfPor qu\u00e9 cree el pa\u00eds que el  gobierno no quiere hablar de ese tema?\u00a0 La  respuesta es simple tienen temor\u00a0 porque  saben que no pueden justificar las fortunas millonarias que han acumulado, de  forma il\u00edcita, en un periodo muy corto de tiempo y eso el pueblo est\u00e1 esperando  las elecciones del pr\u00f3ximo 16 de Mayo para darle una respuesta. Ellos lo saben. <\/p>\n<p>&#13;<\/p>\n<p align=\"justify\" class=\"text1noticias\">Otra de las razones por la que el  gobierno no quiere hablar de este tema y trata en vano de detener el crecimiento  de la candidatura del Ing. Miguel Vargas es porque sabe que ni en el presente  ni en el futuro est\u00e1 en condiciones de explicarle al pa\u00eds el m\u00e9todo f\u00e1cil de  hacer ricos a un peque\u00f1o grupo mientras la gran mayor\u00eda\u00a0 del pa\u00eds ha sido sometida al rigor de una  crisis econ\u00f3mica sin precedente en la historia pol\u00edtica de la naci\u00f3n  dominicana.<\/p>\n<p>&#13;<\/p>\n<p align=\"justify\" class=\"text1noticias\">La burla que constituye hacerse ricos al  vapor para luego pasar a decir que son otros quienes han robado es una actitud  que s\u00f3lo asumen quienes no tienen visi\u00f3n de la historia y piensan que\u00a0 los pueblos no tienen capacidad para pensar y  que por tanto no tienen capacidad de respuesta. Craso error. <\/p>\n<p>&#13;<\/p>\n<p align=\"justify\" class=\"text1noticias\">La respuesta del pueblo ser\u00e1 paciente  pero llegar\u00e1 y le dir\u00e1 al grupo en el gobierno qui\u00e9n es el causante de la  situaci\u00f3n de hambre extrema que hoy azota al pa\u00eds. En este momento hay dos  inteligencias enfrentadas. Por un lado la inteligencia del pueblo y por otro la  inteligencia del grupo en el gobierno, ya veremos cu\u00e1l de estas dos  inteligencias tiene la raz\u00f3n el 16 de mayo. <br \/>&#13;<br \/>\n  <br \/>&#13;<br \/>\nNosotros sabemos, por adelantado,  que el pueblo colocar\u00e1 al Ing. Miguel Vargas como un trabajador y empresario de  toda su vida, que ha construido sus empresas y sus familias en base al trabajo  productivo y lo colocar\u00e1 dentro del grupo que no tiene nada que ocultarle al  pa\u00eds. <\/p>\n<p>&#13;<\/p>\n<p align=\"justify\" class=\"text1noticias\">Por otra parte el pueblo colocara a un  grupo\u00a0 que ha venido de la nada\u00a0 y ha pasado a ser millonario en un corto  periodo de tiempo y que tiene temor de hablar de ese tema. Esta es la raz\u00f3n  principal de la preocupaci\u00f3n del grupo en gobierno y esa preocupaci\u00f3n se ve  cada d\u00eda m\u00e1s acentuado por el avance indetenible de la candidatura presidencial  del Ing. Miguel Vargas. <\/p>\n<p>&#13;<\/p>\n<p align=\"justify\" class=\"text1noticias\"><strong>El Dr. Evelio Arroyo es Soci\u00f3logo, Abogado y Escritor.  Es, adem\u00e1s, Director Nacional de Comunicaciones del Movimiento en L\u00ednea con  Miguel, que preside el Dr. Francisco Fern\u00e1ndez \u00a0<\/strong><\/p>\n<p>&#13;<\/p>\n<h6> 2008-01-12 22:57:28 <\/h6>\n<p><!--\n<link rel=\"stylesheet\" href=\"css\/bootstrap.min.css\">\n\n\n<ul class=\"pagination\">\n\t    \n\t\n\n<li >\n\t<a href='?page_no=12378'>Previous<\/a>\n\t<\/li>\n\n\n       \n    \n\n<li><a href='?page_no=1'>1<\/a><\/li>\n\n\n\n<li><a href='?page_no=2'>2<\/a><\/li>\n\n\n\n<li><a>...<\/a><\/li>\n\n\n\n<li><a href='?page_no=12377'>12377<\/a><\/li>\n\n\n\n<li><a href='?page_no=12378'>12378<\/a><\/li>\n\n\n\n<li class='active'><a>12379<\/a><\/li>\n\n\n\n<li><a href='?page_no=12380'>12380<\/a><\/li>\n\n\n\n<li><a href='?page_no=12381'>12381<\/a><\/li>\n\n\n\n<li><a>...<\/a><\/li>\n\n\n\n<li><a href='?page_no=13611'>13611<\/a><\/li>\n\n\n\n<li><a href='?page_no=13612'>13612<\/a><\/li>\n\n    \n\t\n\n<li >\n\t<a href='?page_no=12380'>Next<\/a>\n\t<\/li>\n\n\n    \n\n<li><a href='?page_no=13612'>Last &rsaquo;&rsaquo;<\/a><\/li>\n\n<\/ul>\n\n\n--><br \/>\n<\/body><\/p>\n","protected":false},"excerpt":{"rendered":"<p>Miguel Vargas y la Preocupaci\u00f3n del Gobierno &#13; En estos d\u00edas de campa\u00f1a electoral el pa\u00eds ha sido testigo de la preocupaci\u00f3n que tienen muchos en el gobierno, producto del crecimiento que experimenta en toda la geograf\u00eda nacional la candidatura\u00a0 del Ing. Miguel Vargas. &#13; Esa preocupaci\u00f3n s\u00f3lo tiene una raz\u00f3n de ser. Esa preocupaci\u00f3n [&hellip;]<\/p>\n","protected":false},"author":3,"featured_media":0,"comment_status":"open","ping_status":"open","sticky":false,"template":"","format":"standard","meta":{"footnotes":""},"categories":[16],"tags":[],"class_list":["post-36524","post","type-post","status-publish","format-standard","hentry","category-opiniones"],"_links":{"self":[{"href":"https:\/\/diariodominicano.com\/index.php?rest_route=\/wp\/v2\/posts\/36524","targetHints":{"allow":["GET"]}}],"collection":[{"href":"https:\/\/diariodominicano.com\/index.php?rest_route=\/wp\/v2\/posts"}],"about":[{"href":"https:\/\/diariodominicano.com\/index.php?rest_route=\/wp\/v2\/types\/post"}],"author":[{"embeddable":true,"href":"https:\/\/diariodominicano.com\/index.php?rest_route=\/wp\/v2\/users\/3"}],"replies":[{"embeddable":true,"href":"https:\/\/diariodominicano.com\/index.php?rest_route=%2Fwp%2Fv2%2Fcomments&post=36524"}],"version-history":[{"count":0,"href":"https:\/\/diariodominicano.com\/index.php?rest_route=\/wp\/v2\/posts\/36524\/revisions"}],"wp:attachment":[{"href":"https:\/\/diariodominicano.com\/index.php?rest_route=%2Fwp%2Fv2%2Fmedia&parent=36524"}],"wp:term":[{"taxonomy":"category","embeddable":true,"href":"https:\/\/diariodominicano.com\/index.php?rest_route=%2Fwp%2Fv2%2Fcategories&post=36524"},{"taxonomy":"post_tag","embeddable":true,"href":"https:\/\/diariodominicano.com\/index.php?rest_route=%2Fwp%2Fv2%2Ftags&post=36524"}],"curies":[{"name":"wp","href":"https:\/\/api.w.org\/{rel}","templated":true}]}}