{"id":36523,"date":"2008-01-13T21:43:16","date_gmt":"2008-01-13T21:43:16","guid":{"rendered":"http:\/\/diariodominicano.ddns.net\/?p=36523"},"modified":"2008-01-13T21:43:16","modified_gmt":"2008-01-13T21:43:16","slug":"arranco-la-maquinaria-peledeista","status":"publish","type":"post","link":"https:\/\/diariodominicano.com\/?p=36523","title":{"rendered":"Arranc\u00f3 la maquinaria pelede\u00edsta"},"content":{"rendered":"<p><body><\/p>\n<p><span class=\"titulogrande1\"><strong>Arranc\u00f3 la maquinaria  pelede\u00edsta<\/strong><\/span><strong><br \/>&#13;<br \/>\n<\/strong> <br \/>&#13;<br \/>\n  <strong>Por:  <\/strong><span class=\"textogrande\">Mayobanex De Jes\u00fas Laurens <\/span><\/p>\n<p>&#13;<\/p>\n<p align=\"justify\" class=\"text1noticias\">Toques de banderas en todo el pa\u00eds el pasado s\u00e1bado;  asamblea nacional con las direcciones provinciales, de distritos y  circunscripciones electorales; recorrido en la zona oriental y los trabajos de  coordinaci\u00f3n electoral marcaron el inicio de la campa\u00f1a del Partido de la   Liberaci\u00f3n Dominicana. <\/p>\n<p>&#13;<\/p>\n<p align=\"justify\" class=\"text1noticias\">En toda esta semana habr\u00e1 reuniones en los distintos  comit\u00e9s de campa\u00f1a de cada provincia y las seccionales del exterior. Encuentros  con las fuerzas aliadas, movimientos en las calles y jornadas de calentamiento  para el gran acto de proclamaci\u00f3n de la candidatura presidencial del doctor  Leonel Fern\u00e1ndez Reyna. <\/p>\n<p>&#13;<\/p>\n<p align=\"justify\" class=\"text1noticias\">Ya los spot de campa\u00f1a est\u00e1n colocados en los medios;  vendr\u00e1n muchos m\u00e1s. El tema \u201cNo Hicieron Na`\u201d se escucha como un himno en cada  acto del partido. Las banderas moradas con la estrella amarilla se elevan por  todo lo alto en un ambiento de j\u00fabilo y de triunfo seguro. Ya nadie puede  detener al PLD en su ruta triunfal hacia el 16 de mayo. <\/p>\n<p>&#13;<\/p>\n<p align=\"justify\" class=\"text1noticias\">La organizaci\u00f3n creada por Juan Bosch arranca con un 47%  por primera vez en toda su historia. <br \/>&#13;<br \/>\n  <br \/>&#13;<br \/>\nLeonel Fern\u00e1ndez posicionado sobre el 50%.  Una docena de partidos aliados impulsando la candidatura del carism\u00e1tico l\u00edder,  cuya obra de gobierno se presenta como su mejor carta de presentaci\u00f3n para  arrasar en la primera vuelta. <\/p>\n<p>&#13;<\/p>\n<p align=\"justify\" class=\"text1noticias\">A partir de ahora el PRD sabr\u00e1 lo que es campa\u00f1a pol\u00edtica.  Le saldr\u00e1 el PLD hasta por las orejas. <br \/>&#13;<br \/>\n  <br \/>&#13;<br \/>\nEstuvieron solos en el escenario durante  casi dos a\u00f1os y no han logrado pasar de un 30%. El candidato perrede\u00edstas luce  estancado y con una tendencia a decrecer. Parece no gustarle a la poblaci\u00f3n o  el pueblo reprocha todav\u00eda los desastres de gobiernos que han representado. <\/p>\n<p>&#13;<\/p>\n<p align=\"justify\" class=\"text1noticias\">En guardia y a la vanguardia. Banderas en alto, con sus  gorras y todo tipo de distintivos,\u00a0 los pelede\u00edstas y los miembros de las fuerzas aliadas ya no  descansar\u00e1n hasta volver a derrotar nuevamente al partido responsable de la  peor crisis econ\u00f3mica y financiera por la que haya atravesado nuestro pa\u00eds en  toda su\u00a0 historia.  \u201cNo Hicieron Na`\u201d y por eso no volver\u00e1n al poder, detenidos por la fuerza del  pueblo en las urnas el 16 de mayo. <\/p>\n<p>&#13;<\/p>\n<h6> 2008-01-13 21:43:16 <\/h6>\n<p><!--\n<link rel=\"stylesheet\" href=\"css\/bootstrap.min.css\">\n\n\n<ul class=\"pagination\">\n\t    \n\t\n\n<li >\n\t<a href='?page_no=12377'>Previous<\/a>\n\t<\/li>\n\n\n       \n    \n\n<li><a href='?page_no=1'>1<\/a><\/li>\n\n\n\n<li><a href='?page_no=2'>2<\/a><\/li>\n\n\n\n<li><a>...<\/a><\/li>\n\n\n\n<li><a href='?page_no=12376'>12376<\/a><\/li>\n\n\n\n<li><a href='?page_no=12377'>12377<\/a><\/li>\n\n\n\n<li class='active'><a>12378<\/a><\/li>\n\n\n\n<li><a href='?page_no=12379'>12379<\/a><\/li>\n\n\n\n<li><a href='?page_no=12380'>12380<\/a><\/li>\n\n\n\n<li><a>...<\/a><\/li>\n\n\n\n<li><a href='?page_no=13611'>13611<\/a><\/li>\n\n\n\n<li><a href='?page_no=13612'>13612<\/a><\/li>\n\n    \n\t\n\n<li >\n\t<a href='?page_no=12379'>Next<\/a>\n\t<\/li>\n\n\n    \n\n<li><a href='?page_no=13612'>Last &rsaquo;&rsaquo;<\/a><\/li>\n\n<\/ul>\n\n\n--><br \/>\n<\/body><\/p>\n","protected":false},"excerpt":{"rendered":"<p>Arranc\u00f3 la maquinaria pelede\u00edsta&#13; &#13; Por: Mayobanex De Jes\u00fas Laurens &#13; Toques de banderas en todo el pa\u00eds el pasado s\u00e1bado; asamblea nacional con las direcciones provinciales, de distritos y circunscripciones electorales; recorrido en la zona oriental y los trabajos de coordinaci\u00f3n electoral marcaron el inicio de la campa\u00f1a del Partido de la Liberaci\u00f3n Dominicana. [&hellip;]<\/p>\n","protected":false},"author":3,"featured_media":0,"comment_status":"open","ping_status":"open","sticky":false,"template":"","format":"standard","meta":{"footnotes":""},"categories":[16],"tags":[],"class_list":["post-36523","post","type-post","status-publish","format-standard","hentry","category-opiniones"],"_links":{"self":[{"href":"https:\/\/diariodominicano.com\/index.php?rest_route=\/wp\/v2\/posts\/36523","targetHints":{"allow":["GET"]}}],"collection":[{"href":"https:\/\/diariodominicano.com\/index.php?rest_route=\/wp\/v2\/posts"}],"about":[{"href":"https:\/\/diariodominicano.com\/index.php?rest_route=\/wp\/v2\/types\/post"}],"author":[{"embeddable":true,"href":"https:\/\/diariodominicano.com\/index.php?rest_route=\/wp\/v2\/users\/3"}],"replies":[{"embeddable":true,"href":"https:\/\/diariodominicano.com\/index.php?rest_route=%2Fwp%2Fv2%2Fcomments&post=36523"}],"version-history":[{"count":0,"href":"https:\/\/diariodominicano.com\/index.php?rest_route=\/wp\/v2\/posts\/36523\/revisions"}],"wp:attachment":[{"href":"https:\/\/diariodominicano.com\/index.php?rest_route=%2Fwp%2Fv2%2Fmedia&parent=36523"}],"wp:term":[{"taxonomy":"category","embeddable":true,"href":"https:\/\/diariodominicano.com\/index.php?rest_route=%2Fwp%2Fv2%2Fcategories&post=36523"},{"taxonomy":"post_tag","embeddable":true,"href":"https:\/\/diariodominicano.com\/index.php?rest_route=%2Fwp%2Fv2%2Ftags&post=36523"}],"curies":[{"name":"wp","href":"https:\/\/api.w.org\/{rel}","templated":true}]}}