{"id":36521,"date":"2008-01-14T05:44:29","date_gmt":"2008-01-14T05:44:29","guid":{"rendered":"http:\/\/diariodominicano.ddns.net\/?p=36521"},"modified":"2008-01-14T05:44:29","modified_gmt":"2008-01-14T05:44:29","slug":"en-el-dia-nacional-de-la-alfabetizacion","status":"publish","type":"post","link":"https:\/\/diariodominicano.com\/?p=36521","title":{"rendered":"En el d\u00eda nacional de la alfabetizaci\u00f3n"},"content":{"rendered":"<p><body><\/p>\n<p align=\"center\"><strong class=\"titulogrande1\">El d\u00eda nacional de la alfabetizaci\u00f3n <\/strong> <br \/>&#13;<br \/>\n  <br \/>&#13;<br \/>\n    <strong>Por: <span class=\"textogrande\">Mateo\u00a0Aquino Febrillet<\/span><\/strong><\/p>\n<p>&#13;<\/p>\n<p align=\"justify\" class=\"text1noticias\">Hoy,  que se celebra en nuestra pa\u00eds el D\u00cdA NACIONAL DE LA ALFABETIZACI\u00d3N, es  una ocasi\u00f3n propicia para resaltar la necesidad de que la sociedad dominicana  reflexione sobre la importancia que tiene para el desarrollo de nuestra naci\u00f3n  la inversi\u00f3n en educaci\u00f3n, y la aplicaci\u00f3n de reformas profundas al sistema  educativo dominicano.  <\/p>\n<p>&#13;<\/p>\n<p align=\"justify\" class=\"text1noticias\">En  este d\u00eda, reiteramos el compromiso de trabajar desde la rector\u00eda de la UASD, para que esta  instituci\u00f3n desarrolle junto al gobierno dominicano y dem\u00e1s estamentos de la  sociedad, estrategias necesarias para transformar la educaci\u00f3n dominicana  mediante un verdadero sistema educativo que integre todos los subsistemas  dispersos que existen actualmente, que garantice una educaci\u00f3n pertinente y  condiciones dignas para los actores que intervienen en el mismo.  <\/p>\n<p>&#13;<\/p>\n<p align=\"justify\" class=\"text1noticias\">Es  por medio de la educaci\u00f3n que la Rep\u00fablica Dominicana  puede alcanzar los objetivos de desarrollo del milenio de \u00abe rradicar la  pobreza extrema y el hambre, lograr la educaci\u00f3n primaria universal, promover  la igualdad entre los g\u00e9neros y el empoderamiento de la mujer, reducir la  mortalidad de ni\u00f1os menores de 5 a\u00f1os, mejorar la salud materna, combatir el  VIH\/SIDA, y otras enfermedades, garantizar la sostenibilidad del medio ambiente  y fomentar una alianza mundial para el desarrollo\u00bb.  <\/p>\n<p>&#13;<\/p>\n<p align=\"justify\"><span class=\"text1noticias\">Porque la educaci\u00f3n comienza con la alfabetizaci\u00f3n, no  puede haber en la   Rep\u00fablica Dominicana ning\u00fan ciudadano o ciudadana sin  alfabetizar. <\/span><br \/>&#13;<br \/>\n    <strong>\u00a0 <\/strong><strong> <\/strong><\/p>\n<p>&#13;<\/p>\n<p><strong>\u00a0\u00a0\u00a0\u00a0\u00a0\u00a0\u00a0\u00a0\u00a0\u00a0\u00a0\u00a0\u00a0\u00a0\u00a0\u00a0\u00a0\u00a0\u00a0\u00a0\u00a0\u00a0\u00a0\u00a0\u00a0\u00a0\u00a0\u00a0\u00a0\u00a0\u00a0\u00a0\u00a0\u00a0\u00a0\u00a0\u00a0\u00a0\u00a0\u00a0\u00a0\u00a0\u00a0\u00a0\u00a0\u00a0\u00a0\u00a0\u00a0\u00a0\u00a0\u00a0\u00a0\u00a0\u00a0 <\/strong><strong>MATEO  AQUINO FEBRILLET<\/strong> <br \/>&#13;<br \/>\n    <strong>\u00a0\u00a0\u00a0\u00a0\u00a0\u00a0\u00a0\u00a0\u00a0\u00a0\u00a0\u00a0\u00a0\u00a0\u00a0\u00a0\u00a0\u00a0\u00a0\u00a0\u00a0\u00a0\u00a0\u00a0\u00a0\u00a0\u00a0\u00a0\u00a0\u00a0\u00a0\u00a0\u00a0\u00a0\u00a0\u00a0\u00a0\u00a0\u00a0\u00a0\u00a0\u00a0\u00a0\u00a0\u00a0\u00a0\u00a0\u00a0\u00a0\u00a0\u00a0\u00a0\u00a0\u00a0\u00a0  \u00a0\u00a0\u00a0 <\/strong><strong>Pr\u00f3ximo Rector de la UASD <\/strong> <\/p>\n<p>&#13;<\/p>\n<p>\u00a0<\/p>\n<p>&#13;<\/p>\n<h6> 2008-01-14 05:44:29 <\/h6>\n<p><!--\n<link rel=\"stylesheet\" href=\"css\/bootstrap.min.css\">\n\n\n<ul class=\"pagination\">\n\t    \n\t\n\n<li >\n\t<a href='?page_no=12375'>Previous<\/a>\n\t<\/li>\n\n\n       \n    \n\n<li><a href='?page_no=1'>1<\/a><\/li>\n\n\n\n<li><a href='?page_no=2'>2<\/a><\/li>\n\n\n\n<li><a>...<\/a><\/li>\n\n\n\n<li><a href='?page_no=12374'>12374<\/a><\/li>\n\n\n\n<li><a href='?page_no=12375'>12375<\/a><\/li>\n\n\n\n<li class='active'><a>12376<\/a><\/li>\n\n\n\n<li><a href='?page_no=12377'>12377<\/a><\/li>\n\n\n\n<li><a href='?page_no=12378'>12378<\/a><\/li>\n\n\n\n<li><a>...<\/a><\/li>\n\n\n\n<li><a href='?page_no=13611'>13611<\/a><\/li>\n\n\n\n<li><a href='?page_no=13612'>13612<\/a><\/li>\n\n    \n\t\n\n<li >\n\t<a href='?page_no=12377'>Next<\/a>\n\t<\/li>\n\n\n    \n\n<li><a href='?page_no=13612'>Last &rsaquo;&rsaquo;<\/a><\/li>\n\n<\/ul>\n\n\n--><br \/>\n<\/body><\/p>\n","protected":false},"excerpt":{"rendered":"<p>El d\u00eda nacional de la alfabetizaci\u00f3n &#13; &#13; Por: Mateo\u00a0Aquino Febrillet &#13; Hoy, que se celebra en nuestra pa\u00eds el D\u00cdA NACIONAL DE LA ALFABETIZACI\u00d3N, es una ocasi\u00f3n propicia para resaltar la necesidad de que la sociedad dominicana reflexione sobre la importancia que tiene para el desarrollo de nuestra naci\u00f3n la inversi\u00f3n en educaci\u00f3n, y [&hellip;]<\/p>\n","protected":false},"author":3,"featured_media":0,"comment_status":"open","ping_status":"open","sticky":false,"template":"","format":"standard","meta":{"footnotes":""},"categories":[16],"tags":[],"class_list":["post-36521","post","type-post","status-publish","format-standard","hentry","category-opiniones"],"_links":{"self":[{"href":"https:\/\/diariodominicano.com\/index.php?rest_route=\/wp\/v2\/posts\/36521","targetHints":{"allow":["GET"]}}],"collection":[{"href":"https:\/\/diariodominicano.com\/index.php?rest_route=\/wp\/v2\/posts"}],"about":[{"href":"https:\/\/diariodominicano.com\/index.php?rest_route=\/wp\/v2\/types\/post"}],"author":[{"embeddable":true,"href":"https:\/\/diariodominicano.com\/index.php?rest_route=\/wp\/v2\/users\/3"}],"replies":[{"embeddable":true,"href":"https:\/\/diariodominicano.com\/index.php?rest_route=%2Fwp%2Fv2%2Fcomments&post=36521"}],"version-history":[{"count":0,"href":"https:\/\/diariodominicano.com\/index.php?rest_route=\/wp\/v2\/posts\/36521\/revisions"}],"wp:attachment":[{"href":"https:\/\/diariodominicano.com\/index.php?rest_route=%2Fwp%2Fv2%2Fmedia&parent=36521"}],"wp:term":[{"taxonomy":"category","embeddable":true,"href":"https:\/\/diariodominicano.com\/index.php?rest_route=%2Fwp%2Fv2%2Fcategories&post=36521"},{"taxonomy":"post_tag","embeddable":true,"href":"https:\/\/diariodominicano.com\/index.php?rest_route=%2Fwp%2Fv2%2Ftags&post=36521"}],"curies":[{"name":"wp","href":"https:\/\/api.w.org\/{rel}","templated":true}]}}