{"id":36520,"date":"2008-01-14T18:32:17","date_gmt":"2008-01-14T18:32:17","guid":{"rendered":"http:\/\/diariodominicano.ddns.net\/?p=36520"},"modified":"2008-01-14T18:32:17","modified_gmt":"2008-01-14T18:32:17","slug":"miguel-vargas-representa-el-cambio","status":"publish","type":"post","link":"https:\/\/diariodominicano.com\/?p=36520","title":{"rendered":"Miguel Vargas Representa el Cambio"},"content":{"rendered":"<p><body><\/p>\n<p class=\"titulogrande1\"><strong>Miguel Vargas Representa el Cambio <\/strong><\/p>\n<p>&#13;<\/p>\n<p align=\"justify\" class=\"text1noticias\">Cuando en un pa\u00eds sus miembros no se  sienten conformes con la situaci\u00f3n econ\u00f3mica que est\u00e1n padeciendo, entonces se  hace necesario un cambio de rumbo para mejorar las condiciones de vidas de los  miembros de esa colectividad. Esa\u00a0  realidad de crisis econ\u00f3mica y de necesidades extremas la esta  padeciendo la sociedad dominicana actual.<\/p>\n<p>&#13;<\/p>\n<p align=\"justify\" class=\"text1noticias\">El cambio pol\u00edtico, como paso previo para  el cambio econ\u00f3mico, es una necesidad para los dominicanos pobres y de clases  medias y para los sectores productivos y empresariales que han visto quebrar  miles de sus unidades de producci\u00f3n, producto de la situaci\u00f3n de improvisaci\u00f3n  en las pol\u00edticas publicas puestas en marcha por \u00e9sta administraci\u00f3n. Por eso,  el cambio econ\u00f3mico es una necesidad porque la poblaci\u00f3n ya no aguanta m\u00e1s la  situaci\u00f3n de limitaciones extremas y privacidad que esta soportando.<\/p>\n<p>&#13;<\/p>\n<p align=\"justify\" class=\"text1noticias\">El cambio pol\u00edtico se hace impostergable  en el pa\u00eds, ya que es la \u00fanica garant\u00eda para cambiar la situaci\u00f3n de  desesperaci\u00f3n que vivimos la mayor\u00eda de dominicanos. El cambio de gobierno es  una necesidad ya que la familia nacional necesita mejor\u00edas en sus condiciones  precarias de vidas y si no se cambia la visi\u00f3n de Estado presente por una  visi\u00f3n comprometida con trabajar a beneficio de las familias dominicanas no hay  posibilidad de progreso para las mayor\u00edas nacionales. Eso no lo puede  garantizar un grupo gobernante como el presente que s\u00f3lo est\u00e1 ocupado en buscar  beneficios en el Estado para provecho de si mismo. <\/p>\n<p>&#13;<\/p>\n<p align=\"justify\" class=\"text1noticias\">La aprobaci\u00f3n en el congreso de miles de  millones de pesos en beneficio de personas ligadas a la presente administraci\u00f3n  es un\u00a0\u00a0 ejemplo elocuente de que a este  grupo en el poder no le interesa el progreso de los dominicanos sino el  progreso de ellos y nada m\u00e1s. En ese sentido necesitamos un grupo gobernante y  un presidente comprometido con desarrollar al pa\u00eds\u00a0 para establecer pol\u00edticas sociales racionales  y equilibradas que sean una negaci\u00f3n de este grupo que nos ha llevado, como naci\u00f3n,  a convertirnos en un mercado de pulgas donde se compra y se vende conciencia al  mejor postor.<\/p>\n<p>&#13;<\/p>\n<p align=\"justify\" class=\"text1noticias\">La inversi\u00f3n anual de m\u00e1s de 10 mil  millones de pesos en publicidad y propaganda por parte de esta administraci\u00f3n  le permite ofrecer una imagen distorsionada\u00a0  y alienante en contra de la poblaci\u00f3n, ya que plantea un progreso que  s\u00f3lo existe en los bolsillos de los funcionarios, pero que la poblaci\u00f3n sabe  que su situaci\u00f3n es diferente a la que describe el gobierno en su publicidad y  propaganda. Esas dos realidades, representada en un grupo opulento, por un  lado, que ha azotado los recursos p\u00fablicos y una poblaci\u00f3n mayoritariamente  indigente, por otro lado, ser\u00e1n la diferencia en las elecciones del pr\u00f3ximo mes  de Mayo.<\/p>\n<p>&#13;<\/p>\n<p align=\"justify\" class=\"text1noticias\">El cambio que necesita el pa\u00eds lo  representa un hombre con una visi\u00f3n de Estado y unas convicciones de que el  pa\u00eds es de todos y no de una minor\u00eda gobernante. Adem\u00e1s el pueblo dominicano  quiere un cambio encabezado por un hombre que ha trabajado desde muy joven, ya  que comenz\u00f3 siendo un simple empleado en una empresa extranjera y producto de  su responsabilidad y su determinaci\u00f3n para convertir las ideas en acciones,  poco a poco, ha ido convirti\u00e9ndose en uno de los dominicanos mas apreciados por  el electorado nacional.<br \/>&#13;<br \/>\n  .\u00a0 <br \/>&#13;<br \/>\n  Cada persona es \u00fanica y ni siquiera los  dedos de las manos son iguales, por eso cuando se hacen comparaciones para  tratar de descalificar al Ing. Miguel Vargas, el gobierno pierde su tiempo, ya  que el cambio que busca el pueblo, la \u00fanica\u00a0  posibilidad que tiene de lograrlo, es a trav\u00e9s del cambio de mejor\u00eda econ\u00f3mica\u00a0 que\u00a0  sintetiza Miguel Vargas, ya que es el \u00fanico con fuerza electoral sufriente  para ponerle fin a este gobierno que ha empobrecido hasta los tu\u00e9tanos a todo  el pa\u00eds.<\/p>\n<p>&#13;<\/p>\n<p align=\"justify\" class=\"text1noticias\">El cambio que necesitamos los dominicanos  es necesario porque\u00a0 no debemos seguir  admitiendo gobiernos que paguen 2,100 millones de pesos de diferencia en los  vagones del metro, dinero que lo paga el ciudadano com\u00fan, esa indolencia para  derrochar los dineros p\u00fablicos no debe continuar El cambio es para que los  impuestos sean bajado y eso traer\u00e1 como resultado que baje el precio de la  energ\u00eda el\u00e9ctrica, el precio del transporte y de los alimentos. <\/p>\n<p>&#13;<\/p>\n<p align=\"justify\" class=\"text1noticias\">El cambio que buscamos los dominicanos es  para tener un gobierno real que trabaje con sentido de responsabilidad asignando  los recursos\u00a0 que le corresponden por ley  \u00a0a cada sector para que puedan poner en  marcha los programas sociales del Estado. El cambio que buscamos es para que no  le quiten un 50% al presupuesto de educaci\u00f3n, y por otro lado se diga que el  gobierno esta impulsando ese sector tan medular en el desarrollo de los  pueblos. El cambio que buscamos los dominicanos es para cuando nos hablen de  crecimiento econ\u00f3mico podamos decir: Siento que ese crecimiento lo estoy  percibiendo en una mejor\u00eda de mi situaci\u00f3n de vida. Hasta que el cambio que  busca la poblaci\u00f3n no sea real hay y habr\u00e1 la necesidad de seguir luchando y  trabajando para que tengamos un gobernante responsable y comprometido con el  bienestar de todos. <\/p>\n<p>&#13;<\/p>\n<p align=\"justify\" class=\"text1noticias\">En las elecciones de mayo pr\u00f3ximo el  cambio es una necesidad y por eso quedara convertido en una realidad para  beneficios de todos los dominicanos y dominicanas. \u00a0<\/p>\n<p>&#13;<\/p>\n<p align=\"justify\" class=\"text1noticias\"><strong>El Dr. Evelio Arroyo es Soci\u00f3logo, Abogado y Escritor.  Es, adem\u00e1s, Director Nacional de Comunicaciones y Estrategias del Movimiento en  L\u00ednea con Miguel, que preside el Dr. Francisco Fern\u00e1ndez <\/strong><\/p>\n<p>&#13;<\/p>\n<h6> 2008-01-14 18:32:17 <\/h6>\n<p><!--\n<link rel=\"stylesheet\" href=\"css\/bootstrap.min.css\">\n\n\n<ul class=\"pagination\">\n\t    \n\t\n\n<li >\n\t<a href='?page_no=12374'>Previous<\/a>\n\t<\/li>\n\n\n       \n    \n\n<li><a href='?page_no=1'>1<\/a><\/li>\n\n\n\n<li><a href='?page_no=2'>2<\/a><\/li>\n\n\n\n<li><a>...<\/a><\/li>\n\n\n\n<li><a href='?page_no=12373'>12373<\/a><\/li>\n\n\n\n<li><a href='?page_no=12374'>12374<\/a><\/li>\n\n\n\n<li class='active'><a>12375<\/a><\/li>\n\n\n\n<li><a href='?page_no=12376'>12376<\/a><\/li>\n\n\n\n<li><a href='?page_no=12377'>12377<\/a><\/li>\n\n\n\n<li><a>...<\/a><\/li>\n\n\n\n<li><a href='?page_no=13611'>13611<\/a><\/li>\n\n\n\n<li><a href='?page_no=13612'>13612<\/a><\/li>\n\n    \n\t\n\n<li >\n\t<a href='?page_no=12376'>Next<\/a>\n\t<\/li>\n\n\n    \n\n<li><a href='?page_no=13612'>Last &rsaquo;&rsaquo;<\/a><\/li>\n\n<\/ul>\n\n\n--><br \/>\n<\/body><\/p>\n","protected":false},"excerpt":{"rendered":"<p>Miguel Vargas Representa el Cambio &#13; Cuando en un pa\u00eds sus miembros no se sienten conformes con la situaci\u00f3n econ\u00f3mica que est\u00e1n padeciendo, entonces se hace necesario un cambio de rumbo para mejorar las condiciones de vidas de los miembros de esa colectividad. Esa\u00a0 realidad de crisis econ\u00f3mica y de necesidades extremas la esta padeciendo [&hellip;]<\/p>\n","protected":false},"author":3,"featured_media":0,"comment_status":"open","ping_status":"open","sticky":false,"template":"","format":"standard","meta":{"footnotes":""},"categories":[16],"tags":[],"class_list":["post-36520","post","type-post","status-publish","format-standard","hentry","category-opiniones"],"_links":{"self":[{"href":"https:\/\/diariodominicano.com\/index.php?rest_route=\/wp\/v2\/posts\/36520","targetHints":{"allow":["GET"]}}],"collection":[{"href":"https:\/\/diariodominicano.com\/index.php?rest_route=\/wp\/v2\/posts"}],"about":[{"href":"https:\/\/diariodominicano.com\/index.php?rest_route=\/wp\/v2\/types\/post"}],"author":[{"embeddable":true,"href":"https:\/\/diariodominicano.com\/index.php?rest_route=\/wp\/v2\/users\/3"}],"replies":[{"embeddable":true,"href":"https:\/\/diariodominicano.com\/index.php?rest_route=%2Fwp%2Fv2%2Fcomments&post=36520"}],"version-history":[{"count":0,"href":"https:\/\/diariodominicano.com\/index.php?rest_route=\/wp\/v2\/posts\/36520\/revisions"}],"wp:attachment":[{"href":"https:\/\/diariodominicano.com\/index.php?rest_route=%2Fwp%2Fv2%2Fmedia&parent=36520"}],"wp:term":[{"taxonomy":"category","embeddable":true,"href":"https:\/\/diariodominicano.com\/index.php?rest_route=%2Fwp%2Fv2%2Fcategories&post=36520"},{"taxonomy":"post_tag","embeddable":true,"href":"https:\/\/diariodominicano.com\/index.php?rest_route=%2Fwp%2Fv2%2Ftags&post=36520"}],"curies":[{"name":"wp","href":"https:\/\/api.w.org\/{rel}","templated":true}]}}