{"id":36518,"date":"2008-01-14T20:05:31","date_gmt":"2008-01-14T20:05:31","guid":{"rendered":"http:\/\/diariodominicano.ddns.net\/?p=36518"},"modified":"2008-01-14T20:05:31","modified_gmt":"2008-01-14T20:05:31","slug":"el-lider-y-la-opinion-publica","status":"publish","type":"post","link":"https:\/\/diariodominicano.com\/?p=36518","title":{"rendered":"El L\u00edder y la Opini\u00f3n P\u00fablica"},"content":{"rendered":"<p><body><\/p>\n<p class=\"titulogrande1\"><strong>&#8211; El L\u00edder y la Opini\u00f3n P\u00fablica<\/strong><\/p>\n<p>&#13;<\/p>\n<p align=\"justify\" class=\"text1noticias\">Cuando hablamos de los liderazgos del presente\u00a0 debemos tomar en cuenta el papel que  desempe\u00f1an los medios de comunicaci\u00f3n en el afianzamiento y crecimiento de  cualquier tipo de liderazgo. Los\u00a0 medios  de comunicaci\u00f3n tambi\u00e9n desempe\u00f1an una funci\u00f3n esencial para que los l\u00edderes  proyecten una correcta imagen tanto de su personalidad como de las bondades de  su visi\u00f3n y de las ejecutorias\u00a0 que estos  se proponen llevar a cabo desde el gobierno.<\/p>\n<p>&#13;<\/p>\n<p align=\"justify\" class=\"text1noticias\">Cuando se emplean los medios de comunicaci\u00f3n para influir  sobre los sentimientos, las ideas, estado de \u00e1nimo, im\u00e1genes\u00a0 emocionales, voluntad, juicios\u00a0 y aspiraciones de las personas, de acuerdo  con los intereses de los medios de comunicaci\u00f3n dominantes, para de esa forma  conservar una determinada conducta, en\u00a0  las distintas clases sociales para dirigir de alguna forma la acci\u00f3n  social de la gente, estamos utilizando la opini\u00f3n publica para reforzar el  posicionamiento de la imagen del l\u00edder en el seno de\u00a0 la sociedad. La\u00a0 lucha por influir\u00a0 y controlar la opini\u00f3n publica y las acciones  que a partir de \u00e9sta se pueden generar, pasan a convertirse en herramientas  fundamentales que el l\u00edder debe utilizar\u00a0  para incidir con su discurso, im\u00e1genes y planes de trabajo en la  conciencia colectiva.\u00a0\u00a0 <\/p>\n<p>&#13;<\/p>\n<p align=\"justify\" class=\"text1noticias\">La opini\u00f3n p\u00fablica es en t\u00e9rminos generales la estimaci\u00f3n  colectiva de los hechos sociales\u00a0 y los  actos de las personas, sus ideas, sentimientos, usos y costumbres. Tambi\u00e9n  podemos definir la opini\u00f3n p\u00fablica como el conjunto\u00a0 de opiniones, juicios, conceptos,  aspiraciones, puntos de vistas, que acerca de diferentes aspectos de la  vida\u00a0 de la sociedad\u00a0 y el Estado, reinan en esa sociedad\u00a0 en sus diferentes estamentos o grupos  sociales.* En este aspecto, es importante se\u00f1alar que ninguna fase de la vida  humana, individual o colectiva, estatal o social pasa inadvertida a la opini\u00f3n  publica.<\/p>\n<p>&#13;<\/p>\n<p align=\"justify\" class=\"text1noticias\">Ning\u00fan l\u00edder pol\u00edtico deber\u00e1 perder de vista que el  desarrollo de la opini\u00f3n publica, a trav\u00e9s de los medios de comunicaci\u00f3n, es un  poderoso recurso para cultivar en el hombre cualidades morales, intelectuales y  espirituales del tipo de sociedad en la que aspiramos vivir. Todo l\u00edder\u00a0 pol\u00edtico siempre deber\u00e1 tener presente que  los medios de comunicaci\u00f3n\u00a0 y su  influencia en la opini\u00f3n p\u00fablica puede ganar\u00a0  la voluntad de millones de hombres y mujeres que pueden acentuar su  incidencia y liderazgo en el seno de la sociedad. Todo l\u00edder pol\u00edtico no deber\u00e1  perder de vista que la opini\u00f3n p\u00fablica\u00a0  es el estado de conciencia de cada grupo o clase social en un momento  determinado y que esa opini\u00f3n p\u00fablica est\u00e1 formada por ideas, juicios,  sentimientos, motivaciones y estados de \u00e1nimos que obedecen a motivaciones  conscientes de las personas. Los\u00a0 lideres  pol\u00edticos nunca deber\u00e1n olvidar que los medios de comunicaci\u00f3n y la opini\u00f3n  publica son una herramienta que como dijo Platon \u201cconquistan la mente de los  hombres por medio de las palabras\u201d *<\/p>\n<p>&#13;<\/p>\n<p align=\"justify\" class=\"text1noticias\">La opini\u00f3n p\u00fablica, manejada con la moderna tecnolog\u00eda, es  de mucha utilidad\u00a0 en la proyecci\u00f3n y  crecimiento de cualquier liderazgo, pero reviste una mayor importancia cuando  nos referimos al liderazgo pol\u00edtico moderno, ya que la imagen que el l\u00edder  pol\u00edtico o gobernante\u00a0 desea proyectar  frente a la opini\u00f3n publica es un rasgos muy acentuado de la modernidad y es una  garant\u00eda para que cualquier tipo de liderazgo pueda dar cumplimiento a sus  designios.<\/p>\n<p>&#13;<\/p>\n<p align=\"justify\" class=\"text1noticias\">En cuanto al termino \u201copini\u00f3n p\u00fablica,\u201d y que da tan  importante soporte a la proyecci\u00f3n del l\u00edder pol\u00edtico, debemos decir que es un  producto t\u00edpico de la ilustraci\u00f3n europea del siglo XVIII, que se caracteriz\u00f3  por sus criticas a las instituciones tradicionales y que difund\u00eda el  conocimiento y el saber de esa \u00e9poca.\u00a0\u00a0\u00a0\u00a0\u00a0\u00a0\u00a0\u00a0\u00a0\u00a0\u00a0\u00a0\u00a0\u00a0\u00a0\u00a0\u00a0\u00a0\u00a0\u00a0\u00a0\u00a0\u00a0\u00a0\u00a0\u00a0\u00a0\u00a0\u00a0\u00a0\u00a0\u00a0\u00a0\u00a0\u00a0\u00a0\u00a0\u00a0\u00a0\u00a0\u00a0\u00a0\u00a0\u00a0\u00a0\u00a0 <\/p>\n<p>&#13;<\/p>\n<p align=\"justify\" class=\"text1noticias\">La popularizaci\u00f3n del fen\u00f3meno de la opini\u00f3n p\u00fablica se  incrementa a partir de la d\u00e9cada de 1930, mediante la utilizaci\u00f3n de las  t\u00e9cnicas de sondeos y encuestas para conocer\u00a0  y medir la opini\u00f3n de la gente y tuvo mayor aplicaci\u00f3n en Estados  Unidos, aunque los conceptos y teor\u00edas sobre el fen\u00f3meno de la opini\u00f3n publica  se remontan a Francia, otros pa\u00edses tambi\u00e9n hab\u00edan utilizado el concepto con  anterioridad. <\/p>\n<p>&#13;<\/p>\n<p align=\"justify\" class=\"text1noticias\">Cuando el autor Ortega y Gasset se refiere a los lideres y a  la opini\u00f3n publica se\u00f1ala lo siguiente: \u201cJam\u00e1s ha mandado nadie en la tierra  cubriendo su mando esencialmente\u00a0 de otra  cosa que de opini\u00f3n publica\u201d <\/p>\n<p>&#13;<\/p>\n<p align=\"justify\" class=\"text1noticias\"> El hecho de que la opini\u00f3n publica sea una fuerza radical,  que produce el fen\u00f3meno de mandar, es algo tan antiguo como el hombre mismo, de  manera que el fen\u00f3meno de la opini\u00f3n p\u00fablica ha gravitado a lo largo de la  historia pol\u00edtica universal.<\/p>\n<p>&#13;<\/p>\n<p align=\"justify\" class=\"text1noticias\">Si tomamos en cuenta  que las fuerzas pol\u00edticas se proponen conquistar el poder para participar de  \u00e9ste, se colige que cualquier grupo social\u00a0  con objetivos pol\u00edticos definidos, es un n\u00facleo en potencia para la  multiplicaci\u00f3n de fuerzas comunes que\u00a0  deben estar consciente de la\u00a0  importancia que reviste la opini\u00f3n p\u00fablica y los medios de comunicaci\u00f3n  en el desarrollo de la organizaci\u00f3n pol\u00edtica que se est\u00e9 tratando de iniciar y  afianzar. En este aspecto el l\u00edder debe estar consciente de su misi\u00f3n para  poder articular una imagen y discurso por medio de los cuales pueda influir y  persuadir a la opini\u00f3n publica a trav\u00e9s de los diferentes medios de  comunicaci\u00f3n.<\/p>\n<p>&#13;<\/p>\n<p align=\"justify\" class=\"text1noticias\">En la \u00e9poca actual en que los medios de comunicaci\u00f3n tienen  tanta incidencia en la opini\u00f3n publica y en l agente para cualquier l\u00edder  pol\u00edtico se hace indispensable manejar su imagen, informaci\u00f3n y aspectos  propagand\u00edsticos y de publicad con el mayor cuidado posible, ya que si tomamos  en cuenta que la propaganda pol\u00edtica lo que busca es que cualquier  decisi\u00f3n\u00a0 o medida del l\u00edder en el  gobierno, buena o mala, sea vista como buena por los ciudadanos, en ese aspecto  la propaganda pol\u00edtica juega un papel de primer orden en beneficio de proyectar  una\u00a0 imagen buena y positiva a favor del  l\u00edder en el seno de la opini\u00f3n publica. <br \/>&#13;<br \/>\n\u00a0\u00a0\u00a0\u00a0\u00a0\u00a0\u00a0\u00a0\u00a0\u00a0\u00a0\u00a0\u00a0\u00a0\u00a0\u00a0\u00a0\u00a0\u00a0\u00a0\u00a0\u00a0\u00a0\u00a0\u00a0\u00a0\u00a0\u00a0\u00a0\u00a0\u00a0\u00a0\u00a0\u00a0\u00a0\u00a0\u00a0\u00a0\u00a0\u00a0\u00a0\u00a0\u00a0\u00a0\u00a0\u00a0\u00a0\u00a0\u00a0\u00a0\u00a0\u00a0\u00a0\u00a0\u00a0\u00a0\u00a0\u00a0\u00a0\u00a0 <br \/>&#13;<br \/>\nEn cuanto a la publicidad debe ser tomada muy en cuenta por  el l\u00edder pol\u00edtico, ya que \u00e9sta le permite exponer ante la opini\u00f3n p\u00fablica los  aspectos positivos de las medidas que esta desarrollando el l\u00edder en sus  decisiones de Estado. Diferente a la propaganda pol\u00edtica la publicidad no  manipula datos ni informaci\u00f3n sino que esta se limita a exponer ante la\u00a0 opini\u00f3n publica las ejecutorias y obras de  gobierno, sin quitarle ni ponerle aspectos que no est\u00e9n incluidos en lo que se  esta publicitando ante la sociedad.<\/p>\n<p>&#13;<\/p>\n<p align=\"justify\" class=\"text1noticias\">\u201cLa publicidad es el  conjunto de actividades controladas\u00a0 de  comercializaci\u00f3n que utiliza t\u00e9cnicas y creatividad para dise\u00f1ar comunicaciones  identificables y persuasivas y canalizarlas por los medios de comunicaci\u00f3n \u00a0como la radio, televisi\u00f3n y peri\u00f3dico\u201d. La  publicidad puede ser\u00a0 para la venta de un  producto, puede ser institucional, es decir para crear la imagen de una  empresa, tambi\u00e9n puede ser\u00a0 publicidad de  marca, que es para crear a largo plazo una marca y puede ser publicidad  clasificada, que es para difundir informaci\u00f3n sobre un producto servicio o  acontecimiento. <\/p>\n<p>&#13;<\/p>\n<p align=\"justify\" class=\"text1noticias\">Establecida esta diferencia entre propaganda pol\u00edtica y  publicidad continuemos desarrollando la incidencia de la propaganda pol\u00edtica en  la opini\u00f3n p\u00fablica y los medios de comunicaci\u00f3n. En efecto, en los tiempos  actuales en que los medios de comunicaci\u00f3n han alcanzado gran nivel de  crecimiento confieren gran importancia a\u00a0  la gente y a la opini\u00f3n p\u00fablica, ya que cualquier aspecto que beneficie  o afecte a un l\u00edder pol\u00edtico tiene gran incidencia\u00a0 en\u00a0 la  poblaci\u00f3n\u00a0 debido a la efectividad con  que llegan las informaciones a trav\u00e9s de los medios de comunicaci\u00f3n masiva.<\/p>\n<p>&#13;<\/p>\n<p align=\"justify\" class=\"text1noticias\">En la actualidad no  es posible que un l\u00edder\u00a0 o gobierno  pueda\u00a0 esconder aspectos relevantes de su  gesti\u00f3n. La incidencia que ejerce la opini\u00f3n p\u00fablica a trav\u00e9s de los medios de  comunicaci\u00f3n no s\u00f3lo divulga la realidad de los hechos pol\u00edticos  relevantes\u00a0 no s\u00f3lo en el plano nacional,  sino tambi\u00e9n en el plano internacional.<\/p>\n<p>&#13;<\/p>\n<p align=\"justify\" class=\"text1noticias\">Cuando la opini\u00f3n publica es favorable a un l\u00edder esto le  ayuda en la consolidaci\u00f3n de su liderazgo, porque cuando la gente es participe  de las decisiones del l\u00edder y se siente identificada con estas, trabaja para  que la permanencia del l\u00edder al frente del gobierno sea una realidad, por eso  todo l\u00edder debe preocuparse porque la opini\u00f3n publica le favorezca, ya que ello  es una condici\u00f3n necesaria no s\u00f3lo para defender su gesti\u00f3n, si no tambi\u00e9n para  defender las virtudes y beneficios que se derivan de la gesti\u00f3n de ese  liderazgo que est\u00e1 al frente del Estado.\u00a0\u00a0\u00a0\u00a0\u00a0\u00a0\u00a0\u00a0\u00a0\u00a0\u00a0\u00a0\u00a0\u00a0\u00a0\u00a0\u00a0\u00a0\u00a0\u00a0\u00a0\u00a0\u00a0\u00a0\u00a0\u00a0\u00a0\u00a0\u00a0\u00a0\u00a0\u00a0\u00a0\u00a0\u00a0\u00a0\u00a0\u00a0\u00a0\u00a0\u00a0\u00a0\u00a0\u00a0\u00a0\u00a0\u00a0  \u00a0\u00a0\u00a0\u00a0\u00a0\u00a0\u00a0\u00a0\u00a0<\/p>\n<p>&#13;<\/p>\n<p align=\"justify\" class=\"text1noticias\">Ning\u00fan l\u00edder que desee avanzar y crecer en el aprecio de la  colectividad debe perder de vista que la lucha pol\u00edtica por el poder es una  lucha de ideas\u00a0 y que para prevalecer  como l\u00edder el apuntalamiento y difusi\u00f3n de esas ideas, deben ir ganando el  espacio de la opini\u00f3n publica, ya que una vez la gente se forma un juicio o una  imagen\u00a0 en torno a la viabilidad de un  liderazgo el mismo ir\u00e1 creciendo, si no se detiene en las tareas pol\u00edticas que  esta llevando a cabo.\u00a0 <\/p>\n<p>&#13;<\/p>\n<p align=\"justify\" class=\"text1noticias\">Evelio Arroyo es Sociologo, Abogado  y Escritor. Es autor de varios libros, entre ellos <strong>Lideres y Liderazgos<\/strong> del cual se publican estos temas. <\/p>\n<p>&#13;<\/p>\n<h6> 2008-01-14 20:05:31 <\/h6>\n<p><!--\n<link rel=\"stylesheet\" href=\"css\/bootstrap.min.css\">\n\n\n<ul class=\"pagination\">\n\t    \n\t\n\n<li >\n\t<a href='?page_no=12372'>Previous<\/a>\n\t<\/li>\n\n\n       \n    \n\n<li><a href='?page_no=1'>1<\/a><\/li>\n\n\n\n<li><a href='?page_no=2'>2<\/a><\/li>\n\n\n\n<li><a>...<\/a><\/li>\n\n\n\n<li><a href='?page_no=12371'>12371<\/a><\/li>\n\n\n\n<li><a href='?page_no=12372'>12372<\/a><\/li>\n\n\n\n<li class='active'><a>12373<\/a><\/li>\n\n\n\n<li><a href='?page_no=12374'>12374<\/a><\/li>\n\n\n\n<li><a href='?page_no=12375'>12375<\/a><\/li>\n\n\n\n<li><a>...<\/a><\/li>\n\n\n\n<li><a href='?page_no=13611'>13611<\/a><\/li>\n\n\n\n<li><a href='?page_no=13612'>13612<\/a><\/li>\n\n    \n\t\n\n<li >\n\t<a href='?page_no=12374'>Next<\/a>\n\t<\/li>\n\n\n    \n\n<li><a href='?page_no=13612'>Last &rsaquo;&rsaquo;<\/a><\/li>\n\n<\/ul>\n\n\n--><br \/>\n<\/body><\/p>\n","protected":false},"excerpt":{"rendered":"<p>&#8211; El L\u00edder y la Opini\u00f3n P\u00fablica &#13; Cuando hablamos de los liderazgos del presente\u00a0 debemos tomar en cuenta el papel que desempe\u00f1an los medios de comunicaci\u00f3n en el afianzamiento y crecimiento de cualquier tipo de liderazgo. Los\u00a0 medios de comunicaci\u00f3n tambi\u00e9n desempe\u00f1an una funci\u00f3n esencial para que los l\u00edderes proyecten una correcta imagen tanto [&hellip;]<\/p>\n","protected":false},"author":3,"featured_media":0,"comment_status":"open","ping_status":"open","sticky":false,"template":"","format":"standard","meta":{"footnotes":""},"categories":[16],"tags":[],"class_list":["post-36518","post","type-post","status-publish","format-standard","hentry","category-opiniones"],"_links":{"self":[{"href":"https:\/\/diariodominicano.com\/index.php?rest_route=\/wp\/v2\/posts\/36518","targetHints":{"allow":["GET"]}}],"collection":[{"href":"https:\/\/diariodominicano.com\/index.php?rest_route=\/wp\/v2\/posts"}],"about":[{"href":"https:\/\/diariodominicano.com\/index.php?rest_route=\/wp\/v2\/types\/post"}],"author":[{"embeddable":true,"href":"https:\/\/diariodominicano.com\/index.php?rest_route=\/wp\/v2\/users\/3"}],"replies":[{"embeddable":true,"href":"https:\/\/diariodominicano.com\/index.php?rest_route=%2Fwp%2Fv2%2Fcomments&post=36518"}],"version-history":[{"count":0,"href":"https:\/\/diariodominicano.com\/index.php?rest_route=\/wp\/v2\/posts\/36518\/revisions"}],"wp:attachment":[{"href":"https:\/\/diariodominicano.com\/index.php?rest_route=%2Fwp%2Fv2%2Fmedia&parent=36518"}],"wp:term":[{"taxonomy":"category","embeddable":true,"href":"https:\/\/diariodominicano.com\/index.php?rest_route=%2Fwp%2Fv2%2Fcategories&post=36518"},{"taxonomy":"post_tag","embeddable":true,"href":"https:\/\/diariodominicano.com\/index.php?rest_route=%2Fwp%2Fv2%2Ftags&post=36518"}],"curies":[{"name":"wp","href":"https:\/\/api.w.org\/{rel}","templated":true}]}}