{"id":36515,"date":"2008-01-15T14:10:59","date_gmt":"2008-01-15T14:10:59","guid":{"rendered":"http:\/\/diariodominicano.ddns.net\/?p=36515"},"modified":"2008-01-15T14:10:59","modified_gmt":"2008-01-15T14:10:59","slug":"opiniones-en-teledebate-2","status":"publish","type":"post","link":"https:\/\/diariodominicano.com\/?p=36515","title":{"rendered":"OPINIONES EN TELEDEBATE"},"content":{"rendered":"<p><body><\/p>\n<p align=\"justify\"><span class=\"titulogrande1\">OPINIONES EN TELEDEBATE<\/span><br \/>&#13;<br \/>\n  <br \/>&#13;<br \/>\n    <span class=\"text1noticias\">Ing. Roberto Obando Prestol<br \/>&#13;<br \/>\n  Director Nacional del Instituto Nacional de Administraci\u00f2n P\u00f9blica<\/span><\/p>\n<p>&#13;<\/p>\n<p align=\"justify\" class=\"text1noticias\">Hijo de un periodista brillante, Augusto Obando, y nieto  de un notable jurista y escritor, como Freddy Prestol Castillo, inolvidable autor  de \u201cEl Masacre se pasa a pie\u201d, Roberto Obando Prestol no precisa de ambos como  muletas para desempe\u00f1arse como un joven ejecutivo exitoso en la esfera oficial.<\/p>\n<p>&#13;<\/p>\n<p align=\"justify\" class=\"text1noticias\">Director Nacional delINAP, dirige un vasto y poco conocido  programa destinado a mejorar la capacitaci\u00f2n de los empleados p\u00f9blicos como un  primer paso importante para modernizar la Administraci\u00f2n. <\/p>\n<p>&#13;<\/p>\n<p align=\"justify\" class=\"text1noticias\">\u201cLa mayor\u00eca de la gente se fija en las obras tangibles  tales como puentes, carreteras y otras del gobierno pero en cambio prestan poca  o ninguna atenci\u00f2n a la profesionalizaci\u00f2n de la n\u00f2mina estatal\u201d, expresa  hablando en Teledebate.<\/p>\n<p>&#13;<\/p>\n<p align=\"justify\" class=\"text1noticias\">\u201cAl presente hemos capacitado unos 40 mil empleados  p\u00f9blicos. Pero es una labor de tiempo y gran esfuerzo si tomamos en cuenta el  tama\u00f1o de la n\u00f2mina estatal\u201d,. Agrega.<\/p>\n<p>&#13;<\/p>\n<p align=\"justify\" class=\"text1noticias\">Obando destaca la firme vocaci\u00f2n pol\u00ectica del Presidente  Leonel Fern\u00e0ndez de brindar todo su apoyo a este programa,que comenz\u00f2 durante  su anterior mandato.\u00a0 Si bien la pasada  administracion lo mantuvo, \u201cno lo hizo con la intensidad requerida.\u00a0 El Presidente\u00a0  de la Rep\u00f9blica\u00a0 lo retom\u00f2 desde su llegada al poder en este  segundo per\u00ecodo y le ha brindo todo su respaldo\u201d.<\/p>\n<p>&#13;<\/p>\n<p align=\"justify\" class=\"text1noticias\">Una nueva legislaci\u00f2n pr\u00f2xima a ser promulgada por el  Poder Ejecutivo normar\u00e0 en lo adelante la contrataci\u00f2n, evaluaci\u00f2n`y promoci\u00f2n  del personal garantiz\u00e0ndole estabilidad en sus puestos a cubierto de los  vaivenes pol\u00ecticos.\u00a0 \u201cLa n\u00f2mina p\u00f9blica  dejar\u00e0 de ser bot\u00ecn del ganador en las elecciones\u201d, precisa Obando.\u00a0 Es de significar que el proyecto de ley cont\u00f2  tambi\u00e8n con el voto favorable de los legisladores de la oposici\u00f2n.<\/p>\n<p>&#13;<\/p>\n<p align=\"justify\" class=\"text1noticias\">\u201cEstamos realizando un trabajo que beneficiar\u00e0 en primer  t\u00e8rmino al empleado p\u00f9blico, en segundo a sus jefes que dispondr\u00e0n de un  personal capacitado y a los ciudadanos que disfrutar\u00e0n de un servicio m\u00e0s  eficiente\u201d.<\/p>\n<p>&#13;<\/p>\n<h6> 2008-01-15 14:10:59 <\/h6>\n<p><!--\n<link rel=\"stylesheet\" href=\"css\/bootstrap.min.css\">\n\n\n<ul class=\"pagination\">\n\t    \n\t\n\n<li >\n\t<a href='?page_no=12369'>Previous<\/a>\n\t<\/li>\n\n\n       \n    \n\n<li><a href='?page_no=1'>1<\/a><\/li>\n\n\n\n<li><a href='?page_no=2'>2<\/a><\/li>\n\n\n\n<li><a>...<\/a><\/li>\n\n\n\n<li><a href='?page_no=12368'>12368<\/a><\/li>\n\n\n\n<li><a href='?page_no=12369'>12369<\/a><\/li>\n\n\n\n<li class='active'><a>12370<\/a><\/li>\n\n\n\n<li><a href='?page_no=12371'>12371<\/a><\/li>\n\n\n\n<li><a href='?page_no=12372'>12372<\/a><\/li>\n\n\n\n<li><a>...<\/a><\/li>\n\n\n\n<li><a href='?page_no=13611'>13611<\/a><\/li>\n\n\n\n<li><a href='?page_no=13612'>13612<\/a><\/li>\n\n    \n\t\n\n<li >\n\t<a href='?page_no=12371'>Next<\/a>\n\t<\/li>\n\n\n    \n\n<li><a href='?page_no=13612'>Last &rsaquo;&rsaquo;<\/a><\/li>\n\n<\/ul>\n\n\n--><br \/>\n<\/body><\/p>\n","protected":false},"excerpt":{"rendered":"<p>OPINIONES EN TELEDEBATE&#13; &#13; Ing. Roberto Obando Prestol&#13; Director Nacional del Instituto Nacional de Administraci\u00f2n P\u00f9blica &#13; Hijo de un periodista brillante, Augusto Obando, y nieto de un notable jurista y escritor, como Freddy Prestol Castillo, inolvidable autor de \u201cEl Masacre se pasa a pie\u201d, Roberto Obando Prestol no precisa de ambos como muletas para [&hellip;]<\/p>\n","protected":false},"author":3,"featured_media":0,"comment_status":"open","ping_status":"open","sticky":false,"template":"","format":"standard","meta":{"footnotes":""},"categories":[16],"tags":[],"class_list":["post-36515","post","type-post","status-publish","format-standard","hentry","category-opiniones"],"_links":{"self":[{"href":"https:\/\/diariodominicano.com\/index.php?rest_route=\/wp\/v2\/posts\/36515","targetHints":{"allow":["GET"]}}],"collection":[{"href":"https:\/\/diariodominicano.com\/index.php?rest_route=\/wp\/v2\/posts"}],"about":[{"href":"https:\/\/diariodominicano.com\/index.php?rest_route=\/wp\/v2\/types\/post"}],"author":[{"embeddable":true,"href":"https:\/\/diariodominicano.com\/index.php?rest_route=\/wp\/v2\/users\/3"}],"replies":[{"embeddable":true,"href":"https:\/\/diariodominicano.com\/index.php?rest_route=%2Fwp%2Fv2%2Fcomments&post=36515"}],"version-history":[{"count":0,"href":"https:\/\/diariodominicano.com\/index.php?rest_route=\/wp\/v2\/posts\/36515\/revisions"}],"wp:attachment":[{"href":"https:\/\/diariodominicano.com\/index.php?rest_route=%2Fwp%2Fv2%2Fmedia&parent=36515"}],"wp:term":[{"taxonomy":"category","embeddable":true,"href":"https:\/\/diariodominicano.com\/index.php?rest_route=%2Fwp%2Fv2%2Fcategories&post=36515"},{"taxonomy":"post_tag","embeddable":true,"href":"https:\/\/diariodominicano.com\/index.php?rest_route=%2Fwp%2Fv2%2Ftags&post=36515"}],"curies":[{"name":"wp","href":"https:\/\/api.w.org\/{rel}","templated":true}]}}