{"id":36512,"date":"2008-01-16T13:22:35","date_gmt":"2008-01-16T13:22:35","guid":{"rendered":"http:\/\/diariodominicano.ddns.net\/?p=36512"},"modified":"2008-01-16T13:22:35","modified_gmt":"2008-01-16T13:22:35","slug":"el-tiro-rapido-303","status":"publish","type":"post","link":"https:\/\/diariodominicano.com\/?p=36512","title":{"rendered":"EL TIRO RAPIDO"},"content":{"rendered":"<p><body><\/p>\n<p><span class=\"titulogrande1\">EL TIRO RAPIDO<\/span><br \/>&#13;<br \/>\n  <br \/>&#13;<br \/>\n    <strong>de<br \/>&#13;<br \/>\n    <\/strong><br \/>&#13;<br \/>\n  <span class=\"textogrande\">Mario  Rivadulla<\/span><\/p>\n<p>&#13;<\/p>\n<p align=\"justify\" class=\"text1noticias\">Ayer el Cardenal Nicol\u00e0s de Jes\u00f9s L\u00f2pez Rodr\u00ecguez, antes  de abandonar la sede del Poder Ejecutivo donde sostuvo un intercambio con el  Presidente de la Rep\u00f9blica,  habl\u00f2 con los periodistas que cubren esa importante fuente noticiosa. <\/p>\n<p>&#13;<\/p>\n<p align=\"justify\" class=\"text1noticias\">En sus declaraciones a los  medios de prensa, el prelado cat\u00f2lico abog\u00f2 porque tengamos una campa\u00f1a  electoral constructiva, despojada de insultos y denuestos. L\u00f2pez Rodriguez  tambi\u00e8n llam\u00f2 a los partidos pol\u00ecticos y sus respectivos candidatos a presentar  al pa\u00ecs propuestas concretas de soluciones a los problemas que nos agobian, con  \u00e8nfasis espec\u00ecfico en la salud y la educaci\u00f2n.<\/p>\n<p>&#13;<\/p>\n<p align=\"justify\" class=\"text1noticias\">Ciertamente son \u00e8stas \u00e0reas  prioritarias, aunque no las \u00f9nicas.\u00a0 Hay  otros problemas a los que tambi\u00e8n precisa buscarle soluciones o por lo menos,  una mejor\u00eca significativa. En una agenda que se ha ido haciendo muy abultada  figuran entre otros de urgente atenci\u00f2n el combate a la pobreza y la elevaci\u00f2n  de la calidad de vida de un gran contingente de dominicanos\u00a0 que subsisten en las condiciones m\u00e0s  precarias y vergonzosas, la creaci\u00f2n acelerada de empleos,la recuperaci\u00f2n de la  agropecuaria y la recomposici\u00f2n de las zonas francas.<\/p>\n<p>&#13;<\/p>\n<p align=\"justify\" class=\"text1noticias\">Otros no menos importantes son  los obst\u00e0culos que sigue confrontando el Plan Familiar de Salud de la Seguridad Social,  el dar pasos de avance m\u00e0s efectivos y apremiantes en la superaci\u00f2n de la  crisis el\u00e8ctrica poniendo en pr\u00e0ctica la penalizaci\u00f2n del fraude,\u00a0 la prevenci\u00f2n en el consumo particularmente  entre la juventud y la lucha contra el tr\u00e0fico de\u00a0 drogas as\u00ec como el mejoramiento de los  niveles de seguridad frente a los embates de la criminalidad, sin olvidar\u00a0 los pronosticados riesgos que comportan los  cambios clim\u00e0ticos debido al calentamiento global cuyos efectos ya estamos  sintiendo.<\/p>\n<p>&#13;<\/p>\n<p align=\"justify\" class=\"text1noticias\">Como se aprecia es una agenda  muy pr\u00f2diga y no limitativa de problemas y retos que requerir\u00e0n de un gran  esfuerzo por parte de todos.\u00a0 De una  firme voluntad pol\u00ectica tanto como de un fuerte compromiso social.<\/p>\n<p>&#13;<\/p>\n<p align=\"justify\" class=\"text1noticias\">Ya a comienzos de a\u00f1o dijimos  que este 2008 iba a ser particularmente dif\u00eccil, si bien en modo alguno  insuperable.\u00a0 A los problemas que  confrontamos parte de los cuales dejamos se\u00f1alados, hay que sumar el incremento  desmedido del precio del petr\u00f2leo con\u00a0 su  negativa incidencia en todas las actividades econ\u00f2micas y sociales del pa\u00ecs,  los reflejos adversos que nos proyectar\u00e0 las dificultades por las que atraviesa  la econom\u00eca norteamericana y la sobrecarga que representa todo el proceso de  recuperaci\u00f2n por los da\u00f1os que nos dejaran las tormentas Noel y Olga.<\/p>\n<p>&#13;<\/p>\n<p align=\"justify\" class=\"text1noticias\">Un cuadro nada halague\u00f1o, lo  cual insistimos no representa en modo alguno que nos dejemos arrastrar por el  pesimismo.\u00a0 Antes al contrario, es en  la\u00a0 coyuntura de los grandes retos que  salen a flote las capacidades latentes de los humanos y de los pueblos. \u00a0Su coraje, creatividad y capacidad de  lucha.\u00a0 Tal es como debemos asumirlo.<\/p>\n<p>&#13;<\/p>\n<p align=\"justify\" class=\"text1noticias\">Dentro de este marco, cobra  mayor importancia el reclamo del Cardenal L\u00f2pez Rodr\u00ecguez, que sirve de caja de  resonancia a los que se han venido externando desde diferentes \u00e0ngulos de  nuestra sociedad, de los medios de comunicaci\u00f2n y de esta propia tribuna.<\/p>\n<p>&#13;<\/p>\n<p align=\"justify\" class=\"text1noticias\">Necesitamos que la camp\u00e0\u00f1a  electoral que ahora mismo parece arrastrarse a ras de suelo,cobre vuelo, gane  altura y ofrezca al electorado algo m\u00e0s alentador y positivo que este reiterativo  e infruct\u00ecfero intercambio de diatribas y descalificaciones personales que  muchas veces caen en el plano m\u00e0s soez y vergonzoso.<\/p>\n<p>&#13;<\/p>\n<p align=\"justify\" class=\"text1noticias\">El pa\u00ecs necesita propuestas  concretas y viables, no promesas huecas y a menudo fantasiosas como si se  dispusiese de inexistentes varitas m\u00e0gicas.\u00a0  No basta con decir que se v\u00e0 a hacer, hay que decir por lo claro c\u00f2mo se  proyecta hacerlo.\u00a0 De qu\u00e8 planes  espec\u00ecficos se dispone para enfrentar los problemas nacionales.\u00a0\u00a0 Con cu\u00e0les herramientas es que se piensa  construir el mejor destino del pa\u00ecs del que todos hablamos y al que todos  aspiramos.<\/p>\n<p>&#13;<\/p>\n<p align=\"justify\" class=\"text1noticias\">Nuestros problemas no son  insolubles.\u00a0 Nuestras anhelos no son  irrealizables.\u00a0 Todos y cada uno de los  obst\u00e0culos que enfrentamos son superables.\u00a0  Y es responsabilidad de los l\u00ecderes pol\u00ecticos que aspiran a dirigir los  destinos nacionales y sus respectivos partidos dar respuestas razonables,  l\u00f2gicas, cre\u00ecbles y realizables para llevar adelante la tarea que el pa\u00ecs  requiere.\u00a0 Una responsabilidad que deber\u00e0  ser compartida por gobierno y oposici\u00f2n, por el Estado y la sociedad.<\/p>\n<p>&#13;<\/p>\n<p align=\"justify\" class=\"text1noticias\">A\u00f9n quedan por delante cuatro  meses de campa\u00f1a.\u00a0 De ellos en particular  y un poco de todos en general depende que la irracional violencia verbal, el  discurso sobrado de insultos y vac\u00eco de razones sea sustitu\u00ecdo, tal como se ha  venido reclamando y demanda el Cardenal, por verdaderas y sensatas propuestas  de naci\u00f2n. <\/p>\n<p>&#13;<\/p>\n<p align=\"justify\" class=\"text1noticias\">Porque lo que est\u00e0 en debate,  no lo olvidemos, m\u00e0s que el inter\u00e8s de candidatos y partidos por llegar al  poder es el derecho de la naci\u00f2n y sus hijos a un mejor futuro.\u00a0 Y con \u00e8ste no resulta v\u00e0lido jugar.<\/p>\n<p>&#13;<\/p>\n<h6> 2008-01-16 13:22:35 <\/h6>\n<p><!--\n<link rel=\"stylesheet\" href=\"css\/bootstrap.min.css\">\n\n\n<ul class=\"pagination\">\n\t    \n\t\n\n<li >\n\t<a href='?page_no=12367'>Previous<\/a>\n\t<\/li>\n\n\n       \n    \n\n<li><a href='?page_no=1'>1<\/a><\/li>\n\n\n\n<li><a href='?page_no=2'>2<\/a><\/li>\n\n\n\n<li><a>...<\/a><\/li>\n\n\n\n<li><a href='?page_no=12366'>12366<\/a><\/li>\n\n\n\n<li><a href='?page_no=12367'>12367<\/a><\/li>\n\n\n\n<li class='active'><a>12368<\/a><\/li>\n\n\n\n<li><a href='?page_no=12369'>12369<\/a><\/li>\n\n\n\n<li><a href='?page_no=12370'>12370<\/a><\/li>\n\n\n\n<li><a>...<\/a><\/li>\n\n\n\n<li><a href='?page_no=13611'>13611<\/a><\/li>\n\n\n\n<li><a href='?page_no=13612'>13612<\/a><\/li>\n\n    \n\t\n\n<li >\n\t<a href='?page_no=12369'>Next<\/a>\n\t<\/li>\n\n\n    \n\n<li><a href='?page_no=13612'>Last &rsaquo;&rsaquo;<\/a><\/li>\n\n<\/ul>\n\n\n--><br \/>\n<\/body><\/p>\n","protected":false},"excerpt":{"rendered":"<p>EL TIRO RAPIDO&#13; &#13; de&#13; &#13; Mario Rivadulla &#13; Ayer el Cardenal Nicol\u00e0s de Jes\u00f9s L\u00f2pez Rodr\u00ecguez, antes de abandonar la sede del Poder Ejecutivo donde sostuvo un intercambio con el Presidente de la Rep\u00f9blica, habl\u00f2 con los periodistas que cubren esa importante fuente noticiosa. &#13; En sus declaraciones a los medios de prensa, el [&hellip;]<\/p>\n","protected":false},"author":3,"featured_media":0,"comment_status":"open","ping_status":"open","sticky":false,"template":"","format":"standard","meta":{"footnotes":""},"categories":[16],"tags":[],"class_list":["post-36512","post","type-post","status-publish","format-standard","hentry","category-opiniones"],"_links":{"self":[{"href":"https:\/\/diariodominicano.com\/index.php?rest_route=\/wp\/v2\/posts\/36512","targetHints":{"allow":["GET"]}}],"collection":[{"href":"https:\/\/diariodominicano.com\/index.php?rest_route=\/wp\/v2\/posts"}],"about":[{"href":"https:\/\/diariodominicano.com\/index.php?rest_route=\/wp\/v2\/types\/post"}],"author":[{"embeddable":true,"href":"https:\/\/diariodominicano.com\/index.php?rest_route=\/wp\/v2\/users\/3"}],"replies":[{"embeddable":true,"href":"https:\/\/diariodominicano.com\/index.php?rest_route=%2Fwp%2Fv2%2Fcomments&post=36512"}],"version-history":[{"count":0,"href":"https:\/\/diariodominicano.com\/index.php?rest_route=\/wp\/v2\/posts\/36512\/revisions"}],"wp:attachment":[{"href":"https:\/\/diariodominicano.com\/index.php?rest_route=%2Fwp%2Fv2%2Fmedia&parent=36512"}],"wp:term":[{"taxonomy":"category","embeddable":true,"href":"https:\/\/diariodominicano.com\/index.php?rest_route=%2Fwp%2Fv2%2Fcategories&post=36512"},{"taxonomy":"post_tag","embeddable":true,"href":"https:\/\/diariodominicano.com\/index.php?rest_route=%2Fwp%2Fv2%2Ftags&post=36512"}],"curies":[{"name":"wp","href":"https:\/\/api.w.org\/{rel}","templated":true}]}}