{"id":365077,"date":"2022-06-30T00:07:25","date_gmt":"2022-06-30T04:07:25","guid":{"rendered":"http:\/\/diariodominicano.com\/?p=365077"},"modified":"2022-06-30T00:08:53","modified_gmt":"2022-06-30T04:08:53","slug":"pld-y-maestros-en-homenaje-al-profesor-juan-bosch","status":"publish","type":"post","link":"https:\/\/diariodominicano.com\/?p=365077","title":{"rendered":"PLD y maestros en homenaje al Profesor Juan Bosch"},"content":{"rendered":"\n<p><em>Maestros, maestras y dirigencia del PLD en La Vega rinden tributo al Profesor Juan Bosch en v\u00edsperas del aniversario de su nacimiento<\/em><\/p>\n\n\n\n<figure class=\"wp-block-image size-full\"><img loading=\"lazy\" decoding=\"async\" width=\"1024\" height=\"768\" src=\"https:\/\/diariodominicano.com\/wp-content\/uploads\/2022\/06\/una-flor-para-el-profesor-2.jpg\" alt=\"\" class=\"wp-image-365080\" srcset=\"https:\/\/diariodominicano.com\/wp-content\/uploads\/2022\/06\/una-flor-para-el-profesor-2.jpg 1024w, https:\/\/diariodominicano.com\/wp-content\/uploads\/2022\/06\/una-flor-para-el-profesor-2-300x225.jpg 300w, https:\/\/diariodominicano.com\/wp-content\/uploads\/2022\/06\/una-flor-para-el-profesor-2-768x576.jpg 768w, https:\/\/diariodominicano.com\/wp-content\/uploads\/2022\/06\/una-flor-para-el-profesor-2-816x612.jpg 816w\" sizes=\"auto, (max-width: 1024px) 100vw, 1024px\" \/><\/figure>\n\n\n\n<p><strong>Radham\u00e9s Camacho, miembro del Comit\u00e9 Pol\u00edtico del Partido de la Liberaci\u00f3n Dominicana (PLD),<\/strong>&nbsp;&nbsp;resalt\u00f3 en La Vega la grandeza del fundador de esa organizaci\u00f3n, Profesor Juan Bosch, al conmemorarse el 113&nbsp; aniversario del &nbsp;natalicio del ex presidente de la Rep\u00fablica y l\u00edder hist\u00f3rico del PLD.<\/p>\n\n\n\n<p>Camacho, en su doble condici\u00f3n de coordinador de la corriente magisterial Eugenio Mar\u00eda de Hostos y representante del Comit\u00e9 Pol\u00edtico del PLD, pronunci\u00f3 unas palabras ante el mausoleo en donde reposan los restos de Bosch en el Cementerio Ornamental en La Vega.<\/p>\n\n\n\n<p>\u201cNadie se muere de verdad si queda en el mundo quien respete su memoria\u201d, con esa frase escrita por el Profesor Juan Bosch, destac\u00f3 &nbsp;las cualidades humanas,&nbsp; literarias y pol\u00edticas del destacado intelectual y dirigente pol\u00edtico en v\u00edsperas de la fecha del aniversario de su nacimiento.<\/p>\n\n\n\n<figure class=\"wp-block-image size-large\"><img loading=\"lazy\" decoding=\"async\" width=\"1024\" height=\"461\" src=\"https:\/\/diariodominicano.com\/wp-content\/uploads\/2022\/06\/una-flor-para-el-profesor-4-1024x461.jpg\" alt=\"\" class=\"wp-image-365082\" srcset=\"https:\/\/diariodominicano.com\/wp-content\/uploads\/2022\/06\/una-flor-para-el-profesor-4-1024x461.jpg 1024w, https:\/\/diariodominicano.com\/wp-content\/uploads\/2022\/06\/una-flor-para-el-profesor-4-300x135.jpg 300w, https:\/\/diariodominicano.com\/wp-content\/uploads\/2022\/06\/una-flor-para-el-profesor-4-768x346.jpg 768w, https:\/\/diariodominicano.com\/wp-content\/uploads\/2022\/06\/una-flor-para-el-profesor-4-1536x691.jpg 1536w, https:\/\/diariodominicano.com\/wp-content\/uploads\/2022\/06\/una-flor-para-el-profesor-4-816x367.jpg 816w, https:\/\/diariodominicano.com\/wp-content\/uploads\/2022\/06\/una-flor-para-el-profesor-4.jpg 1600w\" sizes=\"auto, (max-width: 1024px) 100vw, 1024px\" \/><\/figure>\n\n\n\n<p>\u201cEn este 113 aniversario del nacimiento del profesor Juan Bosch, d\u00eda de la Confraternidad Pelede\u00edsta y D\u00eda del Maestro en la Rep\u00fablica Dominicana, debemos tener presente al l\u00edder y fundador de nuestra organizaci\u00f3n\u201d, expres\u00f3.<\/p>\n\n\n\n<p>Exhort\u00f3 a los pelede\u00edstas a rendirle homenaje permanente al expresidente de la Rep\u00fablica y a imitar su ejemplo de lucha y sacrificio en defensa de los mejores intereses de la Naci\u00f3n.<\/p>\n\n\n\n<p>Maestros y maestras en representaci\u00f3n de todas las provincias del pa\u00eds se congregaron en la catedral vegana donde participaron de la eucarist\u00eda oficiada por el sacerdote &nbsp;&nbsp;Francisco Jim\u00e9nez (Padre Cualo), p\u00e1rroco de la Catedral Inmaculada Concepci\u00f3n.<\/p>\n\n\n\n<p>El sacerdote ponder\u00f3 los aportes del Profesor Juan Bosch a la vida del pueblo dominicano e invit\u00f3 a sus disc\u00edpulos a continuar su ejemplo de hombre de bien;&nbsp; practicar la solidaridad y la fe que le caracteriz\u00f3 como literato y hombre p\u00fablico.<\/p>\n\n\n\n<figure class=\"wp-block-image size-full\"><img loading=\"lazy\" decoding=\"async\" width=\"1024\" height=\"768\" src=\"https:\/\/diariodominicano.com\/wp-content\/uploads\/2022\/06\/una-flor-para-el-profesor-3.jpg\" alt=\"\" class=\"wp-image-365083\" srcset=\"https:\/\/diariodominicano.com\/wp-content\/uploads\/2022\/06\/una-flor-para-el-profesor-3.jpg 1024w, https:\/\/diariodominicano.com\/wp-content\/uploads\/2022\/06\/una-flor-para-el-profesor-3-300x225.jpg 300w, https:\/\/diariodominicano.com\/wp-content\/uploads\/2022\/06\/una-flor-para-el-profesor-3-768x576.jpg 768w, https:\/\/diariodominicano.com\/wp-content\/uploads\/2022\/06\/una-flor-para-el-profesor-3-816x612.jpg 816w\" sizes=\"auto, (max-width: 1024px) 100vw, 1024px\" \/><\/figure>\n\n\n\n<p>Terminada &nbsp;la ceremonia religiosa los asistentes marcharon por las calles veganas hasta llegar al Cementerio Ornamental&nbsp; en donde se realiz\u00f3 la ceremonia de ofrenda floral en la tumba del Profesor Juan Bosch.<\/p>\n\n\n\n<p>Flor en mano maestros, maestras y los miembros del PLD que participaron, &nbsp;colocaron las flores en el mausoleo y acto seguido se escucharon las palabras de Bol\u00edvar Marte, presidente provincial del PLD, y luego las palabras centrales de la actividad, a cargo del diputado Radham\u00e9s Camacho.<\/p>\n\n\n\n<p>Melanio Paredes, miembro del Comit\u00e9 Pol\u00edtico, estuvo presente en ambas actividades as\u00ed como Eduardo Hidalgo, presidente de la Asociaci\u00f3n Dominicana de Profesores (ADP), Andr\u00e9s de las Mercedes, de la Secretar\u00eda de Educaci\u00f3n del PLD y una representaci\u00f3n de los miembros del Comit\u00e9 Central del PLD en La Vega.<\/p>\n\n\n\n<p>En sus palabras Radham\u00e9s Camacho record\u00f3 las actividades que se programaron para este jueves en la sede nacional del PLD,&nbsp; en el Distrito Nacional, en la que el ex Presidente de la Rep\u00fablica, Danilo Medina, presidente del PLD,&nbsp; &nbsp;juramentar\u00e1&nbsp; cientos de presidentes de Comit\u00e9s Intermedios del PLD.&nbsp; \u201cEs un gran tributo que haremos a nuestro l\u00edder de siempre, &nbsp;fortaleciendo lo que en vida calific\u00f3 de su principal obra pol\u00edtica, el PLD\u201d, dijo.<\/p>\n\n\n\n<p><strong>SECRETAR\u00cdA DE COMUNICACIONES<\/strong><\/p>\n\n\n\n<p><strong>29 DE JUNIO DE 2022<\/strong><\/p>\n","protected":false},"excerpt":{"rendered":"<p>Maestros, maestras y dirigencia del PLD en La Vega rinden tributo al Profesor Juan Bosch en v\u00edsperas del aniversario de su nacimiento Radham\u00e9s Camacho, miembro del Comit\u00e9 Pol\u00edtico del Partido de la Liberaci\u00f3n Dominicana (PLD),&nbsp;&nbsp;resalt\u00f3 en La Vega la grandeza del fundador de esa organizaci\u00f3n, Profesor Juan Bosch, al conmemorarse el 113&nbsp; aniversario del &nbsp;natalicio [&hellip;]<\/p>\n","protected":false},"author":28,"featured_media":365078,"comment_status":"closed","ping_status":"","sticky":false,"template":"","format":"standard","meta":{"footnotes":""},"categories":[26,22],"tags":[],"class_list":["post-365077","post","type-post","status-publish","format-standard","has-post-thumbnail","hentry","category-efemerides","category-politica"],"_links":{"self":[{"href":"https:\/\/diariodominicano.com\/index.php?rest_route=\/wp\/v2\/posts\/365077","targetHints":{"allow":["GET"]}}],"collection":[{"href":"https:\/\/diariodominicano.com\/index.php?rest_route=\/wp\/v2\/posts"}],"about":[{"href":"https:\/\/diariodominicano.com\/index.php?rest_route=\/wp\/v2\/types\/post"}],"author":[{"embeddable":true,"href":"https:\/\/diariodominicano.com\/index.php?rest_route=\/wp\/v2\/users\/28"}],"replies":[{"embeddable":true,"href":"https:\/\/diariodominicano.com\/index.php?rest_route=%2Fwp%2Fv2%2Fcomments&post=365077"}],"version-history":[{"count":3,"href":"https:\/\/diariodominicano.com\/index.php?rest_route=\/wp\/v2\/posts\/365077\/revisions"}],"predecessor-version":[{"id":365084,"href":"https:\/\/diariodominicano.com\/index.php?rest_route=\/wp\/v2\/posts\/365077\/revisions\/365084"}],"wp:featuredmedia":[{"embeddable":true,"href":"https:\/\/diariodominicano.com\/index.php?rest_route=\/wp\/v2\/media\/365078"}],"wp:attachment":[{"href":"https:\/\/diariodominicano.com\/index.php?rest_route=%2Fwp%2Fv2%2Fmedia&parent=365077"}],"wp:term":[{"taxonomy":"category","embeddable":true,"href":"https:\/\/diariodominicano.com\/index.php?rest_route=%2Fwp%2Fv2%2Fcategories&post=365077"},{"taxonomy":"post_tag","embeddable":true,"href":"https:\/\/diariodominicano.com\/index.php?rest_route=%2Fwp%2Fv2%2Ftags&post=365077"}],"curies":[{"name":"wp","href":"https:\/\/api.w.org\/{rel}","templated":true}]}}