{"id":36507,"date":"2008-01-17T13:33:43","date_gmt":"2008-01-17T13:33:43","guid":{"rendered":"http:\/\/diariodominicano.ddns.net\/?p=36507"},"modified":"2008-01-17T13:33:43","modified_gmt":"2008-01-17T13:33:43","slug":"mexico-privatizacion-energetica","status":"publish","type":"post","link":"https:\/\/diariodominicano.com\/?p=36507","title":{"rendered":"M\u00e9xico: Privatizaci\u00f3n energ\u00e9tica"},"content":{"rendered":"<p><body><\/p>\n<p class=\"titulogrande1\"><strong>M\u00e9xico: Privatizaci\u00f3n  energ\u00e9tica<\/strong><\/p>\n<p>&#13;<\/p>\n<p class=\"textogrande\">Teodoro Renter\u00eda Arr\u00f3yave<\/p>\n<p>&#13;<\/p>\n<p align=\"justify\" class=\"text1noticias\"><strong>ALAI AMLATINA, 16\/01\/2008, M\u00e9xico DF.-<\/strong> La realidad es que el  debate en torno al posible intento de privatizaci\u00f3n de Petr\u00f3leos Mexicanos que podr\u00eda incluir a todo el sector energ\u00e9tico por parte de la c\u00fapula  del grupo en el poder, es ya nacional.<\/p>\n<p>&#13;<\/p>\n<p align=\"justify\" class=\"text1noticias\">El ex candidato presidencial perredista, Andr\u00e9s Manuel L\u00f3pez  Obrador ret\u00f3 en conferencia de prensa a discutir el tema al mismo  presidente, Felipe Calder\u00f3n Hinojosa, a quien desconoce como tal, a funcionarios  de su gabinete inmiscuidos en el mismo y legisladores panistas y  pri\u00edsta.<\/p>\n<p>&#13;<\/p>\n<p align=\"justify\" class=\"text1noticias\">Dos oportunas aclaraciones son de la mayor importancia: Beatriz  Paredes Rangel, presidenta nacional del Partido Revolucionario  Institucional, afirm\u00f3 que cualquier decisi\u00f3n que tomen los legisladores  tricolores, debe ser acorde con los documentos b\u00e1sicos de su instituto, en  defensa de la rector\u00eda del Estado y la vigencia de Pemex como paraestatal.<\/p>\n<p>&#13;<\/p>\n<p align=\"justify\" class=\"text1noticias\">Por su parte, el senador del Partido de la Revoluci\u00f3n Democr\u00e1tica,  Graco Ram\u00edrez aclar\u00f3 que su bancada no est\u00e1 contra la inversi\u00f3n privada  en Pemex, sino de la intenci\u00f3n del gobierno de entregar veinte por  ciento del capital accionario, a ello nos oponemos afirm\u00f3 contundente, simplemente porque es impensable que ocupe alg\u00fan extranjero un  asiento en el Consejo de Administraci\u00f3n de la paraestatal, que es  propiedad, de acuerdo al mandato de nuestra Constituci\u00f3n, del pueblo de M\u00e9xico.<\/p>\n<p>&#13;<\/p>\n<p align=\"justify\" class=\"text1noticias\">Es de referirnos al encuentro que se llev\u00f3 al cabo en Guatemala,  en el marco de la toma de posesi\u00f3n del flamante presidente izquierdista socialdem\u00f3crata, \u00c1lvaro Colom, entre el presidente Felipe Calder\u00f3n Hinojosa y sus hom\u00f3logos, el venezolano Hugo Ch\u00e1vez Fr\u00edas y el  brasile\u00f1o Luiz Inacio, Lula, da Silva, no obstante que fue calificado de  informal.<\/p>\n<p>&#13;<\/p>\n<p align=\"justify\" class=\"text1noticias\">El encuentro reviste la mayor importancia porque en el mismo se  abord\u00f3 entre otros t\u00f3picos el del petr\u00f3leo. Hasta donde sabemos, Calder\u00f3n  y sus pares sudamericanos tienen visiones totalmente diferentes, estos  \u00faltimos se han separado diametralmente del neoliberalismo dictado por la  gran potencia del norte y llevan al cabo una pol\u00edtica energ\u00e9tica profundamente nacionalista.<\/p>\n<p>&#13;<\/p>\n<p align=\"justify\" class=\"text1noticias\">Felipe Calder\u00f3n ha insistido en la necesidad de dar prioridad a  las relaciones con los pa\u00edses hermanos de Latinoamericana, en un  viraje altamente positivo de 180 grados respecto a la absurda pol\u00edtica  que mantuvo, inclusive con actitudes desp\u00f3ticas, prepotentes y  majaderas, su antecesor, el tambi\u00e9n panista, Vicente Fox Quesada.<\/p>\n<p>&#13;<\/p>\n<p align=\"justify\" class=\"text1noticias\">El encuentro fue calificado por Hugo Ch\u00e1vez de bueno y positivo.  Sus palabras no dejaron nada a la duda. \u201cPor fin podemos hablar,  vernos las caras y ratificarle mi amistad con M\u00e9xico\u201d, declar\u00f3 Ch\u00e1vez ante  los periodistas.<\/p>\n<p>&#13;<\/p>\n<p align=\"justify\" class=\"text1noticias\">\u201cHablamos del petr\u00f3leo, con Lula y Calder\u00f3n, hablamos de la  importancia de reactivar las relaciones\u201d.<\/p>\n<p>&#13;<\/p>\n<p align=\"justify\" class=\"text1noticias\">Otra declaraci\u00f3n que llama la atenci\u00f3n es la de Germ\u00e1n Mart\u00ednez, presidente del Partido Acci\u00f3n Nacional, puesto que tambi\u00e9n al  contrario de su antecesor el yunquista, Manuel Espino Barrientos, no se  cierra a la discusi\u00f3n, al afirmar que est\u00e1n dispuestos a debatir el tema de  PEMEX y cualquier otro de la llamada agenda nacional en el Congreso de la Uni\u00f3n.<\/p>\n<p>&#13;<\/p>\n<p align=\"justify\" class=\"text1noticias\">Por su parte, Santiago Creel Miranda, coordinador panista en el  Senado, ha sido el \u00fanico que quiso salirse por peteneras del asunto, al  decir que por ahora s\u00f3lo son especulaciones, pues a\u00fan est\u00e1 en  elaboraci\u00f3n la iniciativa correspondiente.<\/p>\n<p>&#13;<\/p>\n<p align=\"justify\" class=\"text1noticias\">Esa no es la realidad, \u00e9sta identifica ya un pleno debate nacional  sobre las intenciones privatizadoras del hidrocarburo, y si nos  descuidamos, de toda la industria energ\u00e9tica.<br \/>&#13;<br \/>\n  <br \/> &#13;<br \/>\nConsideramos, que a pesar de los desnacionalizados de siempre, a pesar de los cambios que se hagan,  se respetar\u00e1 el mandato constitucional que da protecci\u00f3n plena a la soberan\u00eda de la naci\u00f3n.<\/p>\n<p>&#13;<\/p>\n<p align=\"justify\" class=\"text1noticias\">&#8211; Teodoro Renter\u00eda Arr\u00f3yave es periodista y escritor mexicano.<\/p>\n<p>&#13;<\/p>\n<h6> 2008-01-17 13:33:43 <\/h6>\n<p><!--\n<link rel=\"stylesheet\" href=\"css\/bootstrap.min.css\">\n\n\n<ul class=\"pagination\">\n\t    \n\t\n\n<li >\n\t<a href='?page_no=12362'>Previous<\/a>\n\t<\/li>\n\n\n       \n    \n\n<li><a href='?page_no=1'>1<\/a><\/li>\n\n\n\n<li><a href='?page_no=2'>2<\/a><\/li>\n\n\n\n<li><a>...<\/a><\/li>\n\n\n\n<li><a href='?page_no=12361'>12361<\/a><\/li>\n\n\n\n<li><a href='?page_no=12362'>12362<\/a><\/li>\n\n\n\n<li class='active'><a>12363<\/a><\/li>\n\n\n\n<li><a href='?page_no=12364'>12364<\/a><\/li>\n\n\n\n<li><a href='?page_no=12365'>12365<\/a><\/li>\n\n\n\n<li><a>...<\/a><\/li>\n\n\n\n<li><a href='?page_no=13611'>13611<\/a><\/li>\n\n\n\n<li><a href='?page_no=13612'>13612<\/a><\/li>\n\n    \n\t\n\n<li >\n\t<a href='?page_no=12364'>Next<\/a>\n\t<\/li>\n\n\n    \n\n<li><a href='?page_no=13612'>Last &rsaquo;&rsaquo;<\/a><\/li>\n\n<\/ul>\n\n\n--><br \/>\n<\/body><\/p>\n","protected":false},"excerpt":{"rendered":"<p>M\u00e9xico: Privatizaci\u00f3n energ\u00e9tica &#13; Teodoro Renter\u00eda Arr\u00f3yave &#13; ALAI AMLATINA, 16\/01\/2008, M\u00e9xico DF.- La realidad es que el debate en torno al posible intento de privatizaci\u00f3n de Petr\u00f3leos Mexicanos que podr\u00eda incluir a todo el sector energ\u00e9tico por parte de la c\u00fapula del grupo en el poder, es ya nacional. &#13; El ex candidato presidencial [&hellip;]<\/p>\n","protected":false},"author":3,"featured_media":0,"comment_status":"open","ping_status":"open","sticky":false,"template":"","format":"standard","meta":{"footnotes":""},"categories":[16],"tags":[],"class_list":["post-36507","post","type-post","status-publish","format-standard","hentry","category-opiniones"],"_links":{"self":[{"href":"https:\/\/diariodominicano.com\/index.php?rest_route=\/wp\/v2\/posts\/36507","targetHints":{"allow":["GET"]}}],"collection":[{"href":"https:\/\/diariodominicano.com\/index.php?rest_route=\/wp\/v2\/posts"}],"about":[{"href":"https:\/\/diariodominicano.com\/index.php?rest_route=\/wp\/v2\/types\/post"}],"author":[{"embeddable":true,"href":"https:\/\/diariodominicano.com\/index.php?rest_route=\/wp\/v2\/users\/3"}],"replies":[{"embeddable":true,"href":"https:\/\/diariodominicano.com\/index.php?rest_route=%2Fwp%2Fv2%2Fcomments&post=36507"}],"version-history":[{"count":0,"href":"https:\/\/diariodominicano.com\/index.php?rest_route=\/wp\/v2\/posts\/36507\/revisions"}],"wp:attachment":[{"href":"https:\/\/diariodominicano.com\/index.php?rest_route=%2Fwp%2Fv2%2Fmedia&parent=36507"}],"wp:term":[{"taxonomy":"category","embeddable":true,"href":"https:\/\/diariodominicano.com\/index.php?rest_route=%2Fwp%2Fv2%2Fcategories&post=36507"},{"taxonomy":"post_tag","embeddable":true,"href":"https:\/\/diariodominicano.com\/index.php?rest_route=%2Fwp%2Fv2%2Ftags&post=36507"}],"curies":[{"name":"wp","href":"https:\/\/api.w.org\/{rel}","templated":true}]}}