{"id":36502,"date":"2008-01-17T13:59:20","date_gmt":"2008-01-17T13:59:20","guid":{"rendered":"http:\/\/diariodominicano.ddns.net\/?p=36502"},"modified":"2008-01-17T13:59:20","modified_gmt":"2008-01-17T13:59:20","slug":"el-tiro-rapido-302","status":"publish","type":"post","link":"https:\/\/diariodominicano.com\/?p=36502","title":{"rendered":"EL TIRO RAPIDO"},"content":{"rendered":"<p><body><\/p>\n<p><span class=\"titulogrande1\">EL TIRO RAPIDO<\/span><br \/>&#13;<br \/>\n  <br \/>&#13;<br \/>\n    <strong>de<\/strong><span class=\"textogrande\"><br \/>&#13;<br \/>\n  <br \/>&#13;<br \/>\nMario  Rivadulla<\/span><\/p>\n<p>&#13;<\/p>\n<p align=\"justify\" class=\"text1noticias\">A comienzos de semana fue la voz del Cardenal L\u00f2pez  Rodr\u00ecguez la que se dej\u00f2 escuchar para exhortar a los candidatos que se  disputar\u00e0n la victoria electoral el pr\u00f2ximo 16 de Mayo, a que presenten al pa\u00ecs  propuestas concretas sobre la forma en que abordar\u00ecan y tratar\u00ecan de  solucionar, o al menos aliviar, el peso de los graves problemas que  confrontamos.<\/p>\n<p>&#13;<\/p>\n<p align=\"justify\" class=\"text1noticias\">Ahora, es la del Presidente de la Junta Central  Electoral, Julio C\u00e8sar Casta\u00f1os Guzm\u00e0n, quien al declara formalmente abierta la  que ven\u00eca desarroll\u00e0ndose de manera anticipada,\u00a0  aboga a su vez por una campa\u00f1a llevada a cabo con \u201ccomedimiento y  mesura\u201d, dos palabras que parecen haber sido extra\u00f1adas de nuestro diccionario  pol\u00ectico.<\/p>\n<p>&#13;<\/p>\n<p align=\"justify\" class=\"text1noticias\">\u00bfHasta d\u00f2nde pudieran encontrar  eco estas dos voces tan calificadas?<\/p>\n<p>&#13;<\/p>\n<p align=\"justify\" class=\"text1noticias\">Hay que decir con toda  honestidad que ahora mismo se tiene la impresi\u00f2n de que se perder\u00ecan en el  desierto.\u00a0 Al menos, no parece existir el  menor indicio de que pueda cambiar el sesgo de violencia verbal que ha caracterizado  hasta ahora el discurso pol\u00ectico.\u00a0 <\/p>\n<p>&#13;<\/p>\n<p align=\"justify\" class=\"text1noticias\">Lamentablemente el ejercicio  actual de la que Juan Pablo Duarte proclam\u00f2, en su tiempo, que despues de la Filosof\u00eca era la  actividad m\u00e0s noble a la que pudiera dedicarse el hombre, se ha ido degradando  en nuestro medio hasta niveles cada vez m\u00e0s bajos.\u00a0 No se apela a razones. No se argumenta, se  insulta.\u00a0 Se busca tan solo descalificar  al adversario, arrancarle las tiras de la piel, escarnecerlo y tratar de  desacreditarlo como \u00f9nica estrategia v\u00e0lida para alcanzar el poder.\u00a0 El mensaje sobrado de ofensas y hu\u00e8rfano de  sustancia.<\/p>\n<p>&#13;<\/p>\n<p align=\"justify\" class=\"text1noticias\">Rebosa, eso s\u00ec, de  promesas.\u00a0 Las m\u00e0s de ellas demag\u00f2gicas,  irreales, fantasiosas, sin el menor asidero que les sirva de sustentaci\u00f2n y  apoyo.\u00a0 Como si se pretendiera y pudieran  resolver los problemas del pa\u00ecs a base de actos de magia e inexistentes varitas  m\u00e0gicas en vez de acciones viables y efectivas.<\/p>\n<p>&#13;<\/p>\n<p align=\"justify\" class=\"text1noticias\">Lo que ha venido ocurriendo en  estas semanas precedentes nos d\u00e0 la t\u00f2nica amarga, frustratoria de lo que nos  espera en los cuatro meses que nos separa del momento de acudir a las urnas, si  no ocurre el milagro bastante improbable de una rectificaci\u00f2n de rumbo.\u00a0 <\/p>\n<p>&#13;<\/p>\n<p align=\"justify\" class=\"text1noticias\">Mientras por un lado se habla  de evitar la violencia f\u00ecsica y hasta se firman pactos en ese sentido, lo que  se produce en cada campa\u00f1a electoral,\u00a0  por otro se hace uso y abuso de la verbal que es precisamente la  antesala de aquella.\u00a0 El detonante para  que las pasiones se desborden y el m\u00e0s ciego fanatismo asome a la superficie,\u00a0 con el siempre latente riesgo de provocar  v\u00ecctimas fatales empa\u00f1ando un proceso que debiera ser un ejemplar ejercicio  c\u00ecvico y de fortalecimiento democr\u00e0tico.<\/p>\n<p>&#13;<\/p>\n<p align=\"justify\" class=\"text1noticias\">Basta abrir la prensa diaria,  escuchar la radio o enceder la pantalla del televisor a la b\u00f9squeda de noticias  y orientaciones para salvo con muy contadas excepciones, no recibir la bofetada  de la declaraci\u00f2n insultante, la diatriba incendiaria, el mensaje que se nos  quiere vender como objetivo pero aparece te\u00f1ido de la m\u00e0s ciega y absoluta  parcialidad.\u00a0 De los se\u00f1alamientos m\u00e0s  absurdos y las acusaciones m\u00e0s burdas, desprovistas por lo general de todo  elemento probatorio, a\u00f9n cuando arrastren por el fango el buen nombre del  adversario.<\/p>\n<p>&#13;<\/p>\n<p align=\"justify\" class=\"text1noticias\">Mientras tanto, los problemas  del pa\u00ecs, tanto los que venimos padeciendo desde tiempos a\u00f1ejos como es la  intermianble crisis el\u00e8ctrica,\u00a0 y los de  m\u00e0s reciente factura, cual el desmadre del precio internacional del  petr\u00f2leo,\u00a0 contin\u00f9an golpeando duramente  la econom\u00eca de todos y encareciendo y restando competitividad al aparato  productivo.<\/p>\n<p>&#13;<\/p>\n<p align=\"justify\" class=\"text1noticias\">La prensa nos ha tra\u00ecdo unas  inquietantes declaraciones del ex director de la Reserva Federal de  los Estados Unidos, Alan Greenspan.\u00a0 A\u00f9n  cuando ya no ocupa el influyente cargo,su vasta experiencia, aciertos y  prestigio hacen que se le siga considerando el gran gur\u00f9 de la econom\u00eca  norteamericana.<\/p>\n<p>&#13;<\/p>\n<p align=\"justify\" class=\"text1noticias\">Greenspan confirma desde  adentro lo que se ha venido se\u00f1alando desde afuera. Esto es, que la econom\u00eca de  la primera potencia del mundo est\u00e0 a las puertas de un proceso de recesi\u00f2n, si  no ha traspasado ya dicho umbral.<\/p>\n<p>&#13;<\/p>\n<p align=\"justify\" class=\"text1noticias\">Son m\u00e0s que meras palabras. Los  propios medios divulgan el caso del poderoso consorcio Citigroup que ha  reportado p\u00e8rdidas sin precedentes en sus casi dos siglos de existencia, de  nada menos que diez mil millones de d\u00f2lares en el \u00f9ltimo trimestre del pasado  a\u00f1o. La raz\u00f2n fundamental es la crisis hipotecaria norteamericana que afecta  sobre todo a la poblaci\u00f2n negra y la inmigraci\u00f2n hispana, en la cual estamos  inclu\u00ecdos.<\/p>\n<p>&#13;<\/p>\n<p align=\"justify\" class=\"text1noticias\">No hay que decir de qu\u00e8 forma  adversa esa situaci\u00f2n repercutir\u00e0 en nosotros, sum\u00e0ndose a la abultada agenda  de problemas que arrastramos y de que nos sirve de oportuno recordatorio la  importante pastoral de la   Conferencia del Episcopado.<\/p>\n<p>&#13;<\/p>\n<p align=\"justify\" class=\"text1noticias\">Mientras tanto aqu\u00ec seguimos  jugando a la pol\u00ectica menuda, ausente de contenido y real mensaje.\u00a0<br \/>&#13;<br \/>\n  <br \/> &#13;<br \/>\nInmersos en una campa\u00f1a de puras diatribas.  Dedicados a agotar hasta el m\u00e0ximo las expresiones m\u00e0s insultantes de la Lengua Espa\u00f1ola  con un entusiasmo y dedicaci\u00f2n dignos de mucha mejor causaa.<\/p>\n<p>&#13;<\/p>\n<p align=\"justify\" class=\"text1noticias\">\u00bfCoger\u00e0 cabeza y se llamar\u00e0 a  sensatez el liderazgo pol\u00ectico recordando que m\u00e0s que el poder lo que est\u00e0 en juego  es el destino del pa\u00ecs?\u00a0 Ojal\u00e0 lo  haga.\u00a0 Tiene cuatro meses para  demostrarlo.<\/p>\n<p>&#13;<\/p>\n<h6> 2008-01-17 13:59:20 <\/h6>\n<p><!--\n<link rel=\"stylesheet\" href=\"css\/bootstrap.min.css\">\n\n\n<ul class=\"pagination\">\n\t    \n\t\n\n<li >\n\t<a href='?page_no=12358'>Previous<\/a>\n\t<\/li>\n\n\n       \n    \n\n<li><a href='?page_no=1'>1<\/a><\/li>\n\n\n\n<li><a href='?page_no=2'>2<\/a><\/li>\n\n\n\n<li><a>...<\/a><\/li>\n\n\n\n<li><a href='?page_no=12357'>12357<\/a><\/li>\n\n\n\n<li><a href='?page_no=12358'>12358<\/a><\/li>\n\n\n\n<li class='active'><a>12359<\/a><\/li>\n\n\n\n<li><a href='?page_no=12360'>12360<\/a><\/li>\n\n\n\n<li><a href='?page_no=12361'>12361<\/a><\/li>\n\n\n\n<li><a>...<\/a><\/li>\n\n\n\n<li><a href='?page_no=13611'>13611<\/a><\/li>\n\n\n\n<li><a href='?page_no=13612'>13612<\/a><\/li>\n\n    \n\t\n\n<li >\n\t<a href='?page_no=12360'>Next<\/a>\n\t<\/li>\n\n\n    \n\n<li><a href='?page_no=13612'>Last &rsaquo;&rsaquo;<\/a><\/li>\n\n<\/ul>\n\n\n--><br \/>\n<\/body><\/p>\n","protected":false},"excerpt":{"rendered":"<p>EL TIRO RAPIDO&#13; &#13; de&#13; &#13; Mario Rivadulla &#13; A comienzos de semana fue la voz del Cardenal L\u00f2pez Rodr\u00ecguez la que se dej\u00f2 escuchar para exhortar a los candidatos que se disputar\u00e0n la victoria electoral el pr\u00f2ximo 16 de Mayo, a que presenten al pa\u00ecs propuestas concretas sobre la forma en que abordar\u00ecan y [&hellip;]<\/p>\n","protected":false},"author":3,"featured_media":0,"comment_status":"open","ping_status":"open","sticky":false,"template":"","format":"standard","meta":{"footnotes":""},"categories":[16],"tags":[],"class_list":["post-36502","post","type-post","status-publish","format-standard","hentry","category-opiniones"],"_links":{"self":[{"href":"https:\/\/diariodominicano.com\/index.php?rest_route=\/wp\/v2\/posts\/36502","targetHints":{"allow":["GET"]}}],"collection":[{"href":"https:\/\/diariodominicano.com\/index.php?rest_route=\/wp\/v2\/posts"}],"about":[{"href":"https:\/\/diariodominicano.com\/index.php?rest_route=\/wp\/v2\/types\/post"}],"author":[{"embeddable":true,"href":"https:\/\/diariodominicano.com\/index.php?rest_route=\/wp\/v2\/users\/3"}],"replies":[{"embeddable":true,"href":"https:\/\/diariodominicano.com\/index.php?rest_route=%2Fwp%2Fv2%2Fcomments&post=36502"}],"version-history":[{"count":0,"href":"https:\/\/diariodominicano.com\/index.php?rest_route=\/wp\/v2\/posts\/36502\/revisions"}],"wp:attachment":[{"href":"https:\/\/diariodominicano.com\/index.php?rest_route=%2Fwp%2Fv2%2Fmedia&parent=36502"}],"wp:term":[{"taxonomy":"category","embeddable":true,"href":"https:\/\/diariodominicano.com\/index.php?rest_route=%2Fwp%2Fv2%2Fcategories&post=36502"},{"taxonomy":"post_tag","embeddable":true,"href":"https:\/\/diariodominicano.com\/index.php?rest_route=%2Fwp%2Fv2%2Ftags&post=36502"}],"curies":[{"name":"wp","href":"https:\/\/api.w.org\/{rel}","templated":true}]}}