{"id":36501,"date":"2008-01-17T14:42:37","date_gmt":"2008-01-17T14:42:37","guid":{"rendered":"http:\/\/diariodominicano.ddns.net\/?p=36501"},"modified":"2008-01-17T14:42:37","modified_gmt":"2008-01-17T14:42:37","slug":"orlando-dice-9","status":"publish","type":"post","link":"https:\/\/diariodominicano.com\/?p=36501","title":{"rendered":"Orlando dice&#8230;"},"content":{"rendered":"<p><body><\/p>\n<p class=\"titulogrande1\">Orlando dice&#8230;<\/p>\n<p>&#13;<\/p>\n<p class=\"text1noticias\"><strong>Orlando Gil<\/strong> &#8211; 1\/17\/2008<\/p>\n<p>&#13;<\/p>\n<p align=\"justify\" class=\"text1noticias\"><strong>LA REACCI\u00d3N.-<\/strong> La respuesta del Comando de Campa\u00f1a del PRD no era la   que se esperaba, pues despu\u00e9s de tantos meses llamando al Diablo, no deb\u00eda   sorprenderse de que llegara. La estrategia nunca la entend\u00ed, y sigo sin   entenderla, pero los perrede\u00ecstas quer\u00edan un cuerpo a cuerpo, y ahora lo tienen,   pues los pelede\u00ecstas se fueron a su terreno. Lo de candidato a candidato es una   forma de huida. Como se trata de un boxeo pol\u00ectico, pueden irse debilitando   hasta los rounds decisivos.<br \/>&#13;<br \/>\n  <br \/> &#13;<br \/>\nDeben atender, por dem\u00e1s, los detalles. Decir que   Leonel Fern\u00e1ndez es uno de los hombres m\u00e1s ricos del pa\u00eds, y que tiene   inversiones dentro y fuera, no es un ataque tan directo como cuando se hace   referencia a la residencia de Miguel Vargas en La Romana o a negocios de compra   y venta de inmuebles espec\u00edficos. Aparentemente el candidato Vargas estaba   preparado para afrontar lo de Marbella, que era el temor desde el principio, sin   saber que por el momento se pondr\u00edan sobre el tapete expedientes nacionales.   Hasta ahora han sacado la villa, los terrenos de Saman\u00e1 y el hotel Hispaniola,   pero no son los \u00fanicos casos que demandar\u00e1n dilucidar. Incluso los papeles que   sustentan esas operaciones, no s\u00f3lo fueron puestos en manos de los voceros   generales, sino tambi\u00e9n de los provinciales, de manera que la discusi\u00f3n se   realice en todo el territorio nacional. Si los perrede\u00edstas quer\u00edan guerra, los   pelede\u00edstas afirman que por batallas no se va a parar\u2026<\/p>\n<p>&#13;<\/p>\n<p align=\"justify\" class=\"text1noticias\"><strong>EL PLAN.-<\/strong> Los perrede\u00ecstas deben considerar bien el plan de ataque de   los pelede\u00ecstas, pues la del pasado martes fue una primera incursi\u00f3n en la que   dieron la cara los miembros de la Comisi\u00f3n de Estrategia, que como se vio es un   \u00f3rgano superior. Incluso hay que atender el tono de beligerancia de Tem\u00edstocles   Mont\u00e1s, pues es un dirigente que anduvo de bajo perfil durante los \u00faltimos   meses, primero, queriendo apagar los fuegos internos de Danilo Medina y su   gente, y segundo, disertando en todos los foros a que fuera invitado, como una   entretenci\u00f3n personal. Si vuelve al ruedo, y no solo ley\u00f3 el documento, sino que   se ocupo de plant\u00e1rsele al presidente del PRD, Ram\u00f3n Alburquerque, no hay dudas   de que est\u00e1 dispuesto a dar la cara. Incluso, esta confrontaci\u00f3n entre Mont\u00e1s y   Alburquerque fuera buena, porque parece que se conocen m\u00e1s de lo que se piensa y   hay cap\u00edtulos que se le olvidaron a Cervantes que ellos escribieron cuando uno   era secretario t\u00e9cnico de la Presidencia y el otro presidente del Senado. Mont\u00e1s   fue muy enf\u00e1tico en afirmar que Alburquerque \u201cno tiene moral\u2026\u201d, y s\u00ed la tiene,   deber\u00e1 reaccionar, pues tal vez no se advierta, pero en la presente campa\u00f1a lo   personal ser\u00e1 m\u00e1s importante que lo pol\u00edtico. Habr\u00e1 la gran confrontaci\u00f3n entre   candidatos o entre partidos, pero tambi\u00e9n las peque\u00f1as escaramuzas entre   iguales\u2026<\/p>\n<p>&#13;<\/p>\n<p align=\"justify\" class=\"text1noticias\"><strong>LOS OTROS.-<\/strong> Lo anterior es tan cierto que hay que ver como en el   \u00faltimo spot que tiene como escenario el play, el primer lanzamiento recuerda la   gesti\u00f3n de Salvador Jorge Blanco, para descalificarla. Cuando se decidi\u00f3 tomar   esas im\u00e1genes, y asociarla a todo el desastre que implica el PRD en el poder, no   se pens\u00f3 tanto en el ex presidente de la Rep\u00fablica como en el secretario general   del partido blanco, su hijo, que como espada justiciera anda bati\u00e9ndose con el   contrato de la Sunland. Orlando Jorge Mera debe saber desde ahora que as\u00ed como   se le dijo a Ram\u00f3n Alburqueque que \u201cno ten\u00eda moral\u2026\u201d, se le enrostrara otro   tanto a \u00e9l, seg\u00fan sea menester en el transcurso de esta lucha. Es bueno ser   martillo, y clavo, pero malo ser madera, pues cuando el carpintero no es muy   diestro, la raja. La impresi\u00f3n de los meses finales del a\u00f1o pasado era de que   Miguel Vargas y los suyos estaban peleando en un ring vac\u00edo, o dando golpes a un   mu\u00f1eco inflado, como hacen los japoneses para curarse la ira. Ahora que Leonel   Fern\u00e1ndez y su cohorte atacan, a algunos p\u00fagiles les convendr\u00eda que monse\u00f1or   Agripino N\u00fa\u00f1ez Collado d\u00e9 un toque de campana que haga que los contendientes   vuelvan a sus respectivas esquinas. Los estrategas de Vargas llegaron a creerse   que Fern\u00e1ndez o su equipo no reaccionar\u00edan en ese terreno, que har\u00edan campa\u00f1a   pintando pajaritos en el aire, y posiblemente hayan venido tarde a darse cuenta   de su error\u2026<\/p>\n<p>&#13;<\/p>\n<p align=\"justify\">\u00a0<\/p>\n<p>&#13;<\/p>\n<h6> 2008-01-17 14:42:37 <\/h6>\n<p><!--\n<link rel=\"stylesheet\" href=\"css\/bootstrap.min.css\">\n\n\n<ul class=\"pagination\">\n\t    \n\t\n\n<li >\n\t<a href='?page_no=12357'>Previous<\/a>\n\t<\/li>\n\n\n       \n    \n\n<li><a href='?page_no=1'>1<\/a><\/li>\n\n\n\n<li><a href='?page_no=2'>2<\/a><\/li>\n\n\n\n<li><a>...<\/a><\/li>\n\n\n\n<li><a href='?page_no=12356'>12356<\/a><\/li>\n\n\n\n<li><a href='?page_no=12357'>12357<\/a><\/li>\n\n\n\n<li class='active'><a>12358<\/a><\/li>\n\n\n\n<li><a href='?page_no=12359'>12359<\/a><\/li>\n\n\n\n<li><a href='?page_no=12360'>12360<\/a><\/li>\n\n\n\n<li><a>...<\/a><\/li>\n\n\n\n<li><a href='?page_no=13611'>13611<\/a><\/li>\n\n\n\n<li><a href='?page_no=13612'>13612<\/a><\/li>\n\n    \n\t\n\n<li >\n\t<a href='?page_no=12359'>Next<\/a>\n\t<\/li>\n\n\n    \n\n<li><a href='?page_no=13612'>Last &rsaquo;&rsaquo;<\/a><\/li>\n\n<\/ul>\n\n\n--><br \/>\n<\/body><\/p>\n","protected":false},"excerpt":{"rendered":"<p>Orlando dice&#8230; &#13; Orlando Gil &#8211; 1\/17\/2008 &#13; LA REACCI\u00d3N.- La respuesta del Comando de Campa\u00f1a del PRD no era la que se esperaba, pues despu\u00e9s de tantos meses llamando al Diablo, no deb\u00eda sorprenderse de que llegara. La estrategia nunca la entend\u00ed, y sigo sin entenderla, pero los perrede\u00ecstas quer\u00edan un cuerpo a cuerpo, [&hellip;]<\/p>\n","protected":false},"author":3,"featured_media":0,"comment_status":"open","ping_status":"open","sticky":false,"template":"","format":"standard","meta":{"footnotes":""},"categories":[16],"tags":[],"class_list":["post-36501","post","type-post","status-publish","format-standard","hentry","category-opiniones"],"_links":{"self":[{"href":"https:\/\/diariodominicano.com\/index.php?rest_route=\/wp\/v2\/posts\/36501","targetHints":{"allow":["GET"]}}],"collection":[{"href":"https:\/\/diariodominicano.com\/index.php?rest_route=\/wp\/v2\/posts"}],"about":[{"href":"https:\/\/diariodominicano.com\/index.php?rest_route=\/wp\/v2\/types\/post"}],"author":[{"embeddable":true,"href":"https:\/\/diariodominicano.com\/index.php?rest_route=\/wp\/v2\/users\/3"}],"replies":[{"embeddable":true,"href":"https:\/\/diariodominicano.com\/index.php?rest_route=%2Fwp%2Fv2%2Fcomments&post=36501"}],"version-history":[{"count":0,"href":"https:\/\/diariodominicano.com\/index.php?rest_route=\/wp\/v2\/posts\/36501\/revisions"}],"wp:attachment":[{"href":"https:\/\/diariodominicano.com\/index.php?rest_route=%2Fwp%2Fv2%2Fmedia&parent=36501"}],"wp:term":[{"taxonomy":"category","embeddable":true,"href":"https:\/\/diariodominicano.com\/index.php?rest_route=%2Fwp%2Fv2%2Fcategories&post=36501"},{"taxonomy":"post_tag","embeddable":true,"href":"https:\/\/diariodominicano.com\/index.php?rest_route=%2Fwp%2Fv2%2Ftags&post=36501"}],"curies":[{"name":"wp","href":"https:\/\/api.w.org\/{rel}","templated":true}]}}