{"id":36500,"date":"2008-01-18T02:43:07","date_gmt":"2008-01-18T02:43:07","guid":{"rendered":"http:\/\/diariodominicano.ddns.net\/?p=36500"},"modified":"2008-01-18T02:43:07","modified_gmt":"2008-01-18T02:43:07","slug":"favoritismos-y-derroches-oficiales","status":"publish","type":"post","link":"https:\/\/diariodominicano.com\/?p=36500","title":{"rendered":"Favoritismos y derroches oficiales"},"content":{"rendered":"<p><body><\/p>\n<style type=\"text\/css\"><![CDATA[\n<!--\n.style1 {font-weight: bold}\n-->\n]]><\/style>\n<p>&#13;<\/p>\n<p align=\"justify\"><span class=\"text1noticias\"><strong>Opini\u00f3n<\/strong><\/span><br \/>&#13;<br \/>\n  <br \/>&#13;<br \/>\n    <span class=\"titulogrande1\">Favoritismos y derroches  oficiales<\/span><br \/>&#13;<br \/>\n  <br \/>&#13;<br \/>\n  <strong>Lo primero que deb\u00eda hacer el gobierno para resarcir el  da\u00f1o infligido a la econom\u00eda y la poblaci\u00f3n dominicanas es reconocer la  ineficiencia de sus pol\u00edticas y admitir su fracaso<\/strong><br \/>&#13;<br \/>\n  <br \/>&#13;<br \/>\n  <strong>Por: <\/strong><span class=\"textogrande\">Guillermo Caram<\/span>\u00a0\/ <span class=\"text1noticias\">El Caribe<\/span><\/p>\n<p>&#13;<\/p>\n<p><span class=\"style1\"><em>Jueves 17 de enero del 2008<\/em> <em>actualizado el  miercoles 16 de enero del 2008   a las 11:37 PM<\/em><\/span><\/p>\n<p>&#13;<\/p>\n<p align=\"justify\" class=\"text1noticias\">El Informe sobre competitividad de 131 econom\u00edas del mundo  recientemente estudiadas por el Foro Econ\u00f3mico Mundial, una instituci\u00f3n privada  sin fines de lucro con sede en Suiza que re\u00fane personalidades destacadas de la  pol\u00edtica y la econom\u00eda internacional, acaba de colocar a la Rep\u00fablica Dominicana  en el lugar 96, es decir dentro del grupo de pa\u00edses menos competitivos; por  debajo de todas las naciones signatarias del DR-Cafta y solo por encima de 4 de  las que se incorporar\u00e1n cuando entre en vigencia el Acuerdo de Asociaci\u00f3n  Econ\u00f3mica con la Uni\u00f3n   Europea que incluir\u00e1 todas las ex colonias europeas de  Am\u00e9rica, \u00c1frica y Asia. <\/p>\n<p>&#13;<\/p>\n<p align=\"justify\" class=\"text1noticias\">Este informe puede leerse v\u00eda Internet procurando Global  Competitiveness Index.<br \/>&#13;<br \/>\n  <br \/>&#13;<br \/>\n  Para esta evaluaci\u00f3n, \u00e9ste prestigioso organismo evalu\u00f3 comportamientos de  poderes p\u00fablicos y sociedades de cada econom\u00eda estudiada. <br \/>&#13;<br \/>\n  <br \/>&#13;<br \/>\n  La mala calificaci\u00f3n dominicana se debi\u00f3 a la peor calidad del servicio  el\u00e9ctrico del mundo y a otros criterios relacionados con educaci\u00f3n primaria,  servicio educativo, ciencias y matem\u00e1ticas, infraestructura f\u00edsica e  institucional y confianza en su liderazgo.<br \/>&#13;<br \/>\n  <br \/>&#13;<br \/>\n  Pero hubo dos criterios vergonzosos que llevan directa y exclusivamente al  accionar del gobierno del PLD, encabezado por el presidente Fern\u00e1ndez, hasta  provocar \u00e9sta p\u00e9sima calificaci\u00f3n: el favoritismo en las decisiones oficiales y  el derroche de gastos gubernamentales. De las 131 econom\u00edas estudiadas solo en  3 reg\u00edan favoritismos\u00a0 peores que en la nuestra y solo 6 derrochaban m\u00e1s  recursos p\u00fablicos.<br \/>&#13;<br \/>\n  <br \/>&#13;<br \/>\n  Lo que ven\u00edamos anticipando desde hace meses por \u00e9ste y otros medios, queda  ahora certificado por una acreditada, prestigiosa e influyente fundaci\u00f3n  privada internacional.<br \/>&#13;<br \/>\n  <br \/>&#13;<br \/>\n  Y como la competitividad e inserci\u00f3n en la comunidad internacional constituyen  dos piezas fundamentales del discurso gubernamental hasta alcanzar niveles de  vocingler\u00eda propagand\u00edstica, lo primero que deb\u00eda hacer el gobierno para  resarcir el da\u00f1o infligido a la econom\u00eda y la poblaci\u00f3n dominicanas es  reconocer la ineficiencia de sus pol\u00edticas y admitir su fracaso, en lugar de  seguir pregonando y cacareando logros solo existentes en su imaginaci\u00f3n, como  premisa para rectificar.<br \/>&#13;<br \/>\n  <br \/>&#13;<br \/>\n  Los dominicanos merecemos al menos una reacci\u00f3n como esa a la verg\u00fcenza que  hemos sufrido ante la comunidad internacional.<br \/>&#13;<br \/>\n  <br \/>&#13;<br \/>\n  Y cobrarla en los pr\u00f3ximos comicios presidenciales.<br \/>&#13;<br \/>\n  <br \/>  &#13;<br \/>\n  <strong>Guillermo Caram es pol\u00edtico<br \/>&#13;<br \/>\n  <br \/>&#13;<br \/>\n  guillermocaram_candidato@hotmail.com<\/strong> <br \/>&#13;\n<\/p>\n<p>&#13;<\/p>\n<h6> 2008-01-18 02:43:07 <\/h6>\n<p><!--\n<link rel=\"stylesheet\" href=\"css\/bootstrap.min.css\">\n\n\n<ul class=\"pagination\">\n\t    \n\t\n\n<li >\n\t<a href='?page_no=12356'>Previous<\/a>\n\t<\/li>\n\n\n       \n    \n\n<li><a href='?page_no=1'>1<\/a><\/li>\n\n\n\n<li><a href='?page_no=2'>2<\/a><\/li>\n\n\n\n<li><a>...<\/a><\/li>\n\n\n\n<li><a href='?page_no=12355'>12355<\/a><\/li>\n\n\n\n<li><a href='?page_no=12356'>12356<\/a><\/li>\n\n\n\n<li class='active'><a>12357<\/a><\/li>\n\n\n\n<li><a href='?page_no=12358'>12358<\/a><\/li>\n\n\n\n<li><a href='?page_no=12359'>12359<\/a><\/li>\n\n\n\n<li><a>...<\/a><\/li>\n\n\n\n<li><a href='?page_no=13611'>13611<\/a><\/li>\n\n\n\n<li><a href='?page_no=13612'>13612<\/a><\/li>\n\n    \n\t\n\n<li >\n\t<a href='?page_no=12358'>Next<\/a>\n\t<\/li>\n\n\n    \n\n<li><a href='?page_no=13612'>Last &rsaquo;&rsaquo;<\/a><\/li>\n\n<\/ul>\n\n\n--><br \/>\n<\/body><\/p>\n","protected":false},"excerpt":{"rendered":"<p>&#13; Opini\u00f3n&#13; &#13; Favoritismos y derroches oficiales&#13; &#13; Lo primero que deb\u00eda hacer el gobierno para resarcir el da\u00f1o infligido a la econom\u00eda y la poblaci\u00f3n dominicanas es reconocer la ineficiencia de sus pol\u00edticas y admitir su fracaso&#13; &#13; Por: Guillermo Caram\u00a0\/ El Caribe &#13; Jueves 17 de enero del 2008 actualizado el miercoles 16 [&hellip;]<\/p>\n","protected":false},"author":3,"featured_media":0,"comment_status":"open","ping_status":"open","sticky":false,"template":"","format":"standard","meta":{"footnotes":""},"categories":[16],"tags":[],"class_list":["post-36500","post","type-post","status-publish","format-standard","hentry","category-opiniones"],"_links":{"self":[{"href":"https:\/\/diariodominicano.com\/index.php?rest_route=\/wp\/v2\/posts\/36500","targetHints":{"allow":["GET"]}}],"collection":[{"href":"https:\/\/diariodominicano.com\/index.php?rest_route=\/wp\/v2\/posts"}],"about":[{"href":"https:\/\/diariodominicano.com\/index.php?rest_route=\/wp\/v2\/types\/post"}],"author":[{"embeddable":true,"href":"https:\/\/diariodominicano.com\/index.php?rest_route=\/wp\/v2\/users\/3"}],"replies":[{"embeddable":true,"href":"https:\/\/diariodominicano.com\/index.php?rest_route=%2Fwp%2Fv2%2Fcomments&post=36500"}],"version-history":[{"count":0,"href":"https:\/\/diariodominicano.com\/index.php?rest_route=\/wp\/v2\/posts\/36500\/revisions"}],"wp:attachment":[{"href":"https:\/\/diariodominicano.com\/index.php?rest_route=%2Fwp%2Fv2%2Fmedia&parent=36500"}],"wp:term":[{"taxonomy":"category","embeddable":true,"href":"https:\/\/diariodominicano.com\/index.php?rest_route=%2Fwp%2Fv2%2Fcategories&post=36500"},{"taxonomy":"post_tag","embeddable":true,"href":"https:\/\/diariodominicano.com\/index.php?rest_route=%2Fwp%2Fv2%2Ftags&post=36500"}],"curies":[{"name":"wp","href":"https:\/\/api.w.org\/{rel}","templated":true}]}}