{"id":36498,"date":"2008-01-18T16:16:08","date_gmt":"2008-01-18T16:16:08","guid":{"rendered":"http:\/\/diariodominicano.ddns.net\/?p=36498"},"modified":"2008-01-18T16:16:08","modified_gmt":"2008-01-18T16:16:08","slug":"los-temas-de-teledebate-5","status":"publish","type":"post","link":"https:\/\/diariodominicano.com\/?p=36498","title":{"rendered":"LOS TEMAS DE TELEDEBATE"},"content":{"rendered":"<p><body><\/p>\n<p class=\"titulogrande1\">LOS TEMAS DE TELEDEBATE<\/p>\n<p>&#13;<\/p>\n<p align=\"justify\" class=\"text1noticias\"><strong>VENEZUELA.\u00a0<\/strong> La  situaci\u00f2n de PEDEVESA, la empresa estatal que tiene el monopolio de la  producci\u00f2n, venta y exportaci\u00f2n del petr\u00f2leo venezolano, parece estar  confrontando ahora mismo algunas serias dificultades. Estas son financieras por  un lado y de significativa disminuci\u00f2n de la producci\u00f2n por otro.\u00a0 Como consecuencia de ello, el gobierno de  Ch\u00e0vez ha tomado algunas disposiciones dr\u00e0sticas reduciendo el plazo de 30 d\u00ecas  a solo 8 para el pago de las compras de petr\u00f2leo en el caso de los pa\u00ecses que  no figuran dentro del acuerdo de PETROCARIBE.\u00a0  Es conveniente recordar que en el caso nuestro el acuerdo se limita a 50  mil barriles diarios, de los cuales el 40 porciento disfruta de un cr\u00e8dito a  largo plazo cuando el precio sobrepase los cincuenta d\u00f2lares el barril.\u00a0 Para el otro 60\u00a0 que hay que pagar a precio de referencia del  mercado internacional, ten\u00ecamos un plazo de 90 d\u00ecas que ahora quedar\u00e0 reducido  a 66.\u00a0 Esto en base a las informaciones  que traen los medios. Pero entendemos que procede que el Secretario de Hacienda  ofrezca orientaciones al respecto para saber en qu\u00e8 pie vamos a quedar parados.<\/p>\n<p>&#13;<\/p>\n<p align=\"justify\" class=\"text1noticias\"><strong>BUENA INICIATIVA.\u00a0  <\/strong>Oportuna la iniciativa del Superintendente de Energ\u00eca de promover la  celebraci\u00f2n en el pa\u00ecs de la   Primera Semana Internacional de Energ\u00eca.\u00a0 Con ello Ar\u00ecstides Mart\u00ecnez Zucco, titular de  la posici\u00f2n, se ha anota un logro en su gesti\u00f2n pero sobre todo hace un buen  aporte al pa\u00ecs en un tema tan vital como lo es el servicio energ\u00e8tico.\u00a0 El evento ha contando con la participaci\u00f2n de  autoridades en la materia, tanto nacionales como internacionales.\u00a0 Ha servido tambi\u00e8n de marco para promover los  necesarios proyectos de desarrollo de energ\u00eca alternativa.\u00a0 <br \/>&#13;<br \/>\n  <br \/>&#13;<br \/>\nAsimismo para exponer la situaci\u00f2n del sector  en detalles, abordar sus problemas y sugerir soluciones.\u00a0 Dentro de este marco, hoy la C\u00e0mara Brit\u00e0nica  de Comercio patrocin\u00f2 la interesante disertaci\u00f2n del especialista internacional  John Heath, quien a sus profundos conocimientos sobre la realidad energ\u00e8tico de  la Rep\u00f9blica   Dominicana aporta la experiencia que ha cosechado por su  valioso trabajo de asesor\u00eca en numerosos pa\u00ecses.\u00a0 En ese mismo evento, el presidente de la C\u00e0mara, Roberto Herrera,  record\u00f2 que el Tal\u00f2n de Aquiles del sistema sigue siendo el robo y el fraude  el\u00e8ctricos que mantienen el nivel de cobro en apenas un 60 porciento y que es  preciso llevar hasta el 85 para sustentar el sistema.<\/p>\n<p>&#13;<\/p>\n<p align=\"justify\" class=\"text1noticias\"><strong>NUESTRA ENERGIA.\u00a0<\/strong> El  Presidente de la   Comisi\u00f2n Nacional de Energ\u00eca, Ar\u00ecstides Fern\u00e0ndez Zucco, dijo  tres verdades de a pu\u00f1o esta tarde.\u00a0 La primera:  que nuestro petr\u00f2leo es el agua, el aire y el sol.\u00a0 La segunda: que el tema energ\u00eca debe ser  colocado al mismo nivel de prioridad que la salud y la educaci\u00f2n, ya que sin  garantizar aquella no es posible impulsar \u00e8stas.\u00a0 Y la tercera: que es hora de que cobremos  conciencia de que somos un pa\u00ecs pobre y por tanto no podemos seguir  dispendiando la energ\u00eca.\u00a0 Como postadata  record\u00f2 que todos tenemos que pagar por el servicio.<\/p>\n<p>&#13;<\/p>\n<p align=\"justify\" class=\"text1noticias\"><strong>ASTILLEROS DOMINICANOS.\u00a0<\/strong>  Muy interesante y merecedor de respaldo el trabajo que se lleva a cabo  en los astilleros navales de Las Calderas, que tuvimos oportunidad de visitar  unos a\u00f1os atr\u00e0s. <br \/>&#13;<br \/>\n  <br \/>&#13;<br \/>\nLa empresa Ciramar fundada por Luis Contreras Pe\u00f1a, hijo del  famoso m\u00e8dico Dar\u00eco Contreras en cuya memoria se le puso su nombre al hospital  traumatol\u00f2gico, representa una inversi\u00f2n en infraestructura de m\u00e0s de  cuatrocientos millones de pesos.\u00a0 En los  astilleros laboran m\u00e0s de cuatrocientas cincuenta trabajadores, muchos de los  cuales disfrutan de un elevado nivel t\u00e8cnico. <br \/>&#13;<br \/>\n<br \/>&#13;<br \/>\nTan solo el pasado a\u00f1o, la  empresa pag\u00f2 125 millones de pesos en salarios, en tanto aport\u00f2 diez millones  de d\u00f2lares a la econom\u00eca nacional.\u00a0  Ciramar es uno de los astilleros m\u00e0s recoocidos en Am\u00e8rica Latina y el  \u00f9nico en toda el \u00e0rea del Caribe dedicado a la construcci\u00f2n de barcos.\u00a0 La empresa est\u00e0 urgida de expansi\u00f2n, lo que  por otra parte concilia con el inter\u00e8s nacional de un territorio insular como  el nuestro que sin embargo carece de marina mercante y flota pesquera. Una de  nuestras tantas contradicciones.<\/p>\n<p>&#13;<\/p>\n<p align=\"justify\" class=\"text1noticias\"><strong>BUEN APORTE.<\/strong> V\u00eca el despacho de la Primera Dama, el  embajador de Taiw\u00e0n en el pa\u00ecs hizo entrega de un aporte de su gobierno de 700  mil d\u00f2lares, al cambio alrededor de 25 millones de pesos para mejorar la  infraestructura del hospital infantil doctor Robert Reid Cabral.\u00a0 Otro motivo de agradecimiento al gobierno y  al pueblo taiwan\u00e8s, que anuda a\u00f9n m\u00e0s los estrechos lazos de amistad que nos  unen a trav\u00e8s de la distancia.<\/p>\n<p>&#13;<\/p>\n<p align=\"justify\" class=\"text1noticias\"><strong>NUEVOS RELATOS.\u00a0<\/strong> La  prensa colombiana y por extensi\u00f2n la internacional siguen divulgando cartas de  varios de los secuestrados por las FARC relatando los horrores de su  cautiverio.\u00a0 <br \/>&#13;<br \/>\n  <br \/>&#13;<br \/>\nAfectados por las m\u00e0s  diversas enfermedades, encadenados y sometidos a las peores humillaciones  esperan, en no pocos casos desde hace varios a\u00f1os, porque la presi\u00f2n  internacional logre su liberaci\u00f2n de las garras del ej\u00e8rcito  narco-guerrillero.\u00a0 No es de extra\u00f1ar que  la petici\u00f2n de Hugo Ch\u00e0vez de que fueran sacados de la lista de los grupos  terroristas, haya sido rechazada de manera categ\u00f2rica. Por cierto que Ch\u00e0vez  volvi\u00f2 a violar las normas m\u00e0s elementales de respeto a la soberan\u00eca de  Colombia, olvidando que una gesti\u00f2n de esa naturaleza ten\u00eca que ser  obligatoriamente planteada primero al gobierno de Colombia que fue elegido en  forma democr\u00e0tica y representa a su naci\u00f2n y pueblo con toda dignidad. <\/p>\n<p>&#13;<\/p>\n<h6> 2008-01-18 16:16:08 <\/h6>\n<p><!--\n<link rel=\"stylesheet\" href=\"css\/bootstrap.min.css\">\n\n\n<ul class=\"pagination\">\n\t    \n\t\n\n<li >\n\t<a href='?page_no=12354'>Previous<\/a>\n\t<\/li>\n\n\n       \n    \n\n<li><a href='?page_no=1'>1<\/a><\/li>\n\n\n\n<li><a href='?page_no=2'>2<\/a><\/li>\n\n\n\n<li><a>...<\/a><\/li>\n\n\n\n<li><a href='?page_no=12353'>12353<\/a><\/li>\n\n\n\n<li><a href='?page_no=12354'>12354<\/a><\/li>\n\n\n\n<li class='active'><a>12355<\/a><\/li>\n\n\n\n<li><a href='?page_no=12356'>12356<\/a><\/li>\n\n\n\n<li><a href='?page_no=12357'>12357<\/a><\/li>\n\n\n\n<li><a>...<\/a><\/li>\n\n\n\n<li><a href='?page_no=13611'>13611<\/a><\/li>\n\n\n\n<li><a href='?page_no=13612'>13612<\/a><\/li>\n\n    \n\t\n\n<li >\n\t<a href='?page_no=12356'>Next<\/a>\n\t<\/li>\n\n\n    \n\n<li><a href='?page_no=13612'>Last &rsaquo;&rsaquo;<\/a><\/li>\n\n<\/ul>\n\n\n--><br \/>\n<\/body><\/p>\n","protected":false},"excerpt":{"rendered":"<p>LOS TEMAS DE TELEDEBATE &#13; VENEZUELA.\u00a0 La situaci\u00f2n de PEDEVESA, la empresa estatal que tiene el monopolio de la producci\u00f2n, venta y exportaci\u00f2n del petr\u00f2leo venezolano, parece estar confrontando ahora mismo algunas serias dificultades. Estas son financieras por un lado y de significativa disminuci\u00f2n de la producci\u00f2n por otro.\u00a0 Como consecuencia de ello, el gobierno [&hellip;]<\/p>\n","protected":false},"author":3,"featured_media":0,"comment_status":"open","ping_status":"open","sticky":false,"template":"","format":"standard","meta":{"footnotes":""},"categories":[16],"tags":[],"class_list":["post-36498","post","type-post","status-publish","format-standard","hentry","category-opiniones"],"_links":{"self":[{"href":"https:\/\/diariodominicano.com\/index.php?rest_route=\/wp\/v2\/posts\/36498","targetHints":{"allow":["GET"]}}],"collection":[{"href":"https:\/\/diariodominicano.com\/index.php?rest_route=\/wp\/v2\/posts"}],"about":[{"href":"https:\/\/diariodominicano.com\/index.php?rest_route=\/wp\/v2\/types\/post"}],"author":[{"embeddable":true,"href":"https:\/\/diariodominicano.com\/index.php?rest_route=\/wp\/v2\/users\/3"}],"replies":[{"embeddable":true,"href":"https:\/\/diariodominicano.com\/index.php?rest_route=%2Fwp%2Fv2%2Fcomments&post=36498"}],"version-history":[{"count":0,"href":"https:\/\/diariodominicano.com\/index.php?rest_route=\/wp\/v2\/posts\/36498\/revisions"}],"wp:attachment":[{"href":"https:\/\/diariodominicano.com\/index.php?rest_route=%2Fwp%2Fv2%2Fmedia&parent=36498"}],"wp:term":[{"taxonomy":"category","embeddable":true,"href":"https:\/\/diariodominicano.com\/index.php?rest_route=%2Fwp%2Fv2%2Fcategories&post=36498"},{"taxonomy":"post_tag","embeddable":true,"href":"https:\/\/diariodominicano.com\/index.php?rest_route=%2Fwp%2Fv2%2Ftags&post=36498"}],"curies":[{"name":"wp","href":"https:\/\/api.w.org\/{rel}","templated":true}]}}