{"id":36496,"date":"2008-01-18T22:10:07","date_gmt":"2008-01-18T22:10:07","guid":{"rendered":"http:\/\/diariodominicano.ddns.net\/?p=36496"},"modified":"2008-01-18T22:10:07","modified_gmt":"2008-01-18T22:10:07","slug":"miguel-vargas-y-el-debate","status":"publish","type":"post","link":"https:\/\/diariodominicano.com\/?p=36496","title":{"rendered":"Miguel Vargas y el Debate"},"content":{"rendered":"<p><body><\/p>\n<p class=\"titulogrande1\"><strong>Miguel Vargas y el Debate<\/strong><\/p>\n<p>&#13;<\/p>\n<p align=\"justify\" class=\"text1noticias\"><img loading=\"lazy\" decoding=\"async\" src=\"http:\/\/10.0.0.82:8080\/pictures\/evelio arroyo.jpg\" width=\"269\" height=\"333\" hspace=\"4\" align=\"left\" \/>Dice el viejo adagio que \u201cquien no tiene  hecha no tiene sospecha\u201d. Por eso quien tiene sus cuentas claras\u00a0 no tiene nada que temer ni nada que ocultar  al pa\u00eds. Por tanto, lo mejor es  aceptar debatir sobres los principales  temas nacionales y sobre sus propuestas  de cara\u00a0  a la naci\u00f3n.<\/p>\n<p>&#13;<\/p>\n<p align=\"justify\" class=\"text1noticias\">El debate de cara al pa\u00eds por parte de  los candidatos es una oportunidad de oro  para que se le diga a la naci\u00f3n cu\u00e1les han sido los m\u00e9todos utilizados para  ocupar la posici\u00f3n econ\u00f3mica que hoy se ostenta\u00a0y cu\u00e1les han si las fuentes de esas riquezas que hoy se exhiben. <\/p>\n<p>&#13;<\/p>\n<p align=\"justify\" class=\"text1noticias\">El debate es una oportunidad que debe  aprovechar todo aquel que no tiene nada que ocultarle al pa\u00eds. Este le ofrece  el chance para que digan cu\u00e1l ha sido su trayectoria, \u00a0tanto en su vida publica como privada.<\/p>\n<p>&#13;<\/p>\n<p align=\"justify\" class=\"text1noticias\"> Cuando se reuye el debate se pierde la  oportunidad de exponerle al pueblo aspectos cruciales sobre su desarrollo a trav\u00e9s de propuestas bien  definidas, sobre todo cuando quien reuye el debate se ha autocalificado de  \u201cgrande ligas\u201d. Esa actitud en vez de favorecerle frente al electorado le  desfavorece, ya que ante los ojos de la gente la misma denota temor de decirle a la naci\u00f3n cosas que se conocen,  pero no se quieren decir.<\/p>\n<p>&#13;<\/p>\n<p align=\"justify\" class=\"text1noticias\">Cuando se ha actuado con claridad ante la  naci\u00f3n no se debe tener temor, ya que el debate es una tribuna que vendr\u00eda a reforzar \u201cesa transparencia\u201d.  En caso contrario si se reuye el debate, entonces la poblaci\u00f3n se hace sus  propios juicios y muchas veces esos  juicios van en\u00a0 contra de quien reuye debatir  sobre temas medulares, como son el uso, para usufructo propio, de las riquezas  econ\u00f3micos y naturales del pa\u00eds.<\/p>\n<p>&#13;<\/p>\n<p align=\"justify\" class=\"text1noticias\">Todas las acusaciones y se\u00f1alamientos  ocurridos en los \u00faltimos d\u00edas contra \u00a0el Ing. Miguel Vargas vienen a demostrar una intenci\u00f3n marcada por parte del gobierno y la reelecci\u00f3n, por  da\u00f1ar su imagen publica\u00a0 ante el empuje y  crecimiento de su candidatura. <\/p>\n<p>&#13;<\/p>\n<p align=\"justify\" class=\"text1noticias\">El debate ofrece al gobierno un espacio  que debe aprovechar para que ponga en evidencia todas las acusaciones, esa  seria una forma \u00fanica de lograr su objetivo y si no lo hace es porque no quiere  enfrentarse a la reacci\u00f3n del pa\u00eds ante la debilidad de sus argumentos y la  falta de seriedad de las denuncias que ha venido haciendo.<\/p>\n<p>&#13;<\/p>\n<p align=\"justify\" class=\"text1noticias\">El gobierno da connotaci\u00f3n de  desesperaci\u00f3n, ya que si observamos sus\u00a0ultimas actuaciones encontramos que este ha estado recurriendo a  acusaciones inconsistentes repetidas en todo este proceso electoral y eso es  una evidencia de que no tienen propuestas para resolver los principales  problemas nacionales y que\u00a0 est\u00e1n  azotando al pa\u00eds como son el hambre y la delincuencia.<\/p>\n<p>&#13;<\/p>\n<p align=\"justify\" class=\"text1noticias\">El gobierno est\u00e1 desesperado porque no tiene forma de  explicarle a la gente sus p\u00e9simas  actuaciones al frente al Estado y\u00a0 que  han dado como resultado tres reformas fiscales que han sacado 300,000 millones  de\u00a0 pesos\u00a0de los bolsillos de los dominicanos y dominicanas de clases medias y  pobres. En el debate se va a evidenciar, ante el pa\u00eds, que esa es la causa principal por la\u00a0 que hoy la mayor\u00eda de familias dominicanas no  tienen que comer en sus hogares.<\/p>\n<p>&#13;<\/p>\n<p align=\"justify\" class=\"text1noticias\">El debate vendr\u00eda a poner en evidencia la  profunda diferencia que existe entre el grupo en el gobierno, que hoy exhibe  grandes riquezas y solvencia econ\u00f3mica\u00a0frente a una poblaci\u00f3n mayoritaria que raya los limites de la  indigencia. <\/p>\n<p>&#13;<\/p>\n<p align=\"justify\" class=\"text1noticias\">El Ing. Miguel Vargas tiene las cuentas  claras y exige el debate para exhibirlas ante el pa\u00eds, si el gobierno tiene las  suyas claras debe aceptar el debate, as\u00ed podr\u00e1 como \u201cgrandes ligas\u201d ganar el  debate a un peque\u00f1a ligas. Que se anime para que siga ocupando la posici\u00f3n de  invencibles que ellos mismos se\u00a0atribuyen.<\/p>\n<p>&#13;<\/p>\n<p align=\"justify\" class=\"text1noticias\"><strong>El Dr. Evelio Arroyo es Soci\u00f3logo, Abogado y Escritor.  Es, adem\u00e1s, Director Nacional de Comunicaciones y Estrategias del Movimiento en  L\u00ednea con Miguel, que preside el Dr. Francisco Fern\u00e1ndez <\/strong><\/p>\n<p>&#13;<\/p>\n<h6> 2008-01-18 22:10:07 <\/h6>\n<p><!--\n<link rel=\"stylesheet\" href=\"css\/bootstrap.min.css\">\n\n\n<ul class=\"pagination\">\n\t    \n\t\n\n<li >\n\t<a href='?page_no=12352'>Previous<\/a>\n\t<\/li>\n\n\n       \n    \n\n<li><a href='?page_no=1'>1<\/a><\/li>\n\n\n\n<li><a href='?page_no=2'>2<\/a><\/li>\n\n\n\n<li><a>...<\/a><\/li>\n\n\n\n<li><a href='?page_no=12351'>12351<\/a><\/li>\n\n\n\n<li><a href='?page_no=12352'>12352<\/a><\/li>\n\n\n\n<li class='active'><a>12353<\/a><\/li>\n\n\n\n<li><a href='?page_no=12354'>12354<\/a><\/li>\n\n\n\n<li><a href='?page_no=12355'>12355<\/a><\/li>\n\n\n\n<li><a>...<\/a><\/li>\n\n\n\n<li><a href='?page_no=13611'>13611<\/a><\/li>\n\n\n\n<li><a href='?page_no=13612'>13612<\/a><\/li>\n\n    \n\t\n\n<li >\n\t<a href='?page_no=12354'>Next<\/a>\n\t<\/li>\n\n\n    \n\n<li><a href='?page_no=13612'>Last &rsaquo;&rsaquo;<\/a><\/li>\n\n<\/ul>\n\n\n--><br \/>\n<\/body><\/p>\n","protected":false},"excerpt":{"rendered":"<p>Miguel Vargas y el Debate &#13; Dice el viejo adagio que \u201cquien no tiene hecha no tiene sospecha\u201d. Por eso quien tiene sus cuentas claras\u00a0 no tiene nada que temer ni nada que ocultar al pa\u00eds. Por tanto, lo mejor es aceptar debatir sobres los principales temas nacionales y sobre sus propuestas de cara\u00a0 a [&hellip;]<\/p>\n","protected":false},"author":3,"featured_media":0,"comment_status":"open","ping_status":"open","sticky":false,"template":"","format":"standard","meta":{"footnotes":""},"categories":[16],"tags":[],"class_list":["post-36496","post","type-post","status-publish","format-standard","hentry","category-opiniones"],"_links":{"self":[{"href":"https:\/\/diariodominicano.com\/index.php?rest_route=\/wp\/v2\/posts\/36496","targetHints":{"allow":["GET"]}}],"collection":[{"href":"https:\/\/diariodominicano.com\/index.php?rest_route=\/wp\/v2\/posts"}],"about":[{"href":"https:\/\/diariodominicano.com\/index.php?rest_route=\/wp\/v2\/types\/post"}],"author":[{"embeddable":true,"href":"https:\/\/diariodominicano.com\/index.php?rest_route=\/wp\/v2\/users\/3"}],"replies":[{"embeddable":true,"href":"https:\/\/diariodominicano.com\/index.php?rest_route=%2Fwp%2Fv2%2Fcomments&post=36496"}],"version-history":[{"count":0,"href":"https:\/\/diariodominicano.com\/index.php?rest_route=\/wp\/v2\/posts\/36496\/revisions"}],"wp:attachment":[{"href":"https:\/\/diariodominicano.com\/index.php?rest_route=%2Fwp%2Fv2%2Fmedia&parent=36496"}],"wp:term":[{"taxonomy":"category","embeddable":true,"href":"https:\/\/diariodominicano.com\/index.php?rest_route=%2Fwp%2Fv2%2Fcategories&post=36496"},{"taxonomy":"post_tag","embeddable":true,"href":"https:\/\/diariodominicano.com\/index.php?rest_route=%2Fwp%2Fv2%2Ftags&post=36496"}],"curies":[{"name":"wp","href":"https:\/\/api.w.org\/{rel}","templated":true}]}}