{"id":36495,"date":"2008-01-20T23:24:29","date_gmt":"2008-01-20T23:24:29","guid":{"rendered":"http:\/\/diariodominicano.ddns.net\/?p=36495"},"modified":"2008-01-20T23:24:29","modified_gmt":"2008-01-20T23:24:29","slug":"estados-neoliberales-y-delincuentes","status":"publish","type":"post","link":"https:\/\/diariodominicano.com\/?p=36495","title":{"rendered":"Estados neoliberales y delincuentes"},"content":{"rendered":"<p><body><\/p>\n<p align=\"center\" class=\"titulogrande1\">Estados  neoliberales y delincuentes<\/p>\n<p>&#13;<\/p>\n<p align=\"center\" class=\"textogrande\">Narciso Isa Conde<\/p>\n<p>&#13;<\/p>\n<p align=\"justify\" class=\"text1noticias\">No se cual de esta dos  acusaciones es mas grave o si las dos, en las presentes circunstancias, son  cosas similares, parecidas o complementarias.<\/p>\n<p>&#13;<\/p>\n<p align=\"justify\" class=\"text1noticias\">Ambas tienen mucho que ver con la  lumpen-partidocracia y la lumpen-burgues\u00eda tuteladas por una especie de lumpen -imperialismo\u2026Todos  ellos con enorme vigencia en esta isla caribe\u00f1a y m\u00e1s all\u00e1.<\/p>\n<p>&#13;<\/p>\n<p align=\"justify\" class=\"text1noticias\">Este \u00faltimo, el  lumpen-imperialismo actual, secuestrando a su favor la cuarta ola de la  revoluci\u00f3n cient\u00edfico-t\u00e9cnica, le imprime aires modernos y posmodernos a esta  alianza dominante, siempre mezclados con las m\u00e1s viejas pr\u00e1cticas de  explotaci\u00f3n, opresi\u00f3n, saqueo, criminalidad, extorsi\u00f3n y perversi\u00f3n econ\u00f3mica,  pol\u00edtica, social y moral.<\/p>\n<p>&#13;<\/p>\n<p align=\"justify\" class=\"text1noticias\">Un \u201cliberalismo\u201d de \u201cnuevo cu\u00f1o\u201d  que montado sobre un alt\u00edsimo grado de concentraci\u00f3n capitalista ha devenido en  ficci\u00f3n, esgrimiendo un \u201crespeto a la propiedad privada\u201d que los monopolios y  oligopolios no practican; un \u201clibre comercio\u201d inexistente, una \u201ccompetitividad\u201d  entre actores desiguales, un \u201crespecto a la ciudadan\u00eda\u201d que la reduce a simple  clientela y un \u201camor\u201d por la libertad que se traduce en guerras destructivas y  empobrecimientos atroces.<\/p>\n<p>&#13;<\/p>\n<p align=\"justify\" class=\"text1noticias\">Un neoliberalismo de factura  importada (que ni es nuevo ni es liberalismo, que es otra fase, m\u00e1s destructiva  y deshumanizada aun, del capitalismo-imperialismo); un proceso que el analista  ecuatoriano Ren\u00e9 B\u00e1ez describe acertadamente cuando examina as\u00ed el desmonte  acelerado de los d\u00e9biles Estados nacionales del continente:<\/p>\n<p>&#13;<\/p>\n<p align=\"justify\" class=\"text1noticias\"><em>\u201cEl mayor obst\u00e1culo a la mundializaci\u00f3n del capitalismo \u2013fen\u00f3meno  conocido por sus cr\u00edticos como globalizaci\u00f3n corporativa o  \u201cglobo-colonizaci\u00f3n\u201d- deriva de la existencia de estados nacionales, con sus  inherentes sistemas de protecci\u00f3n. Para vulnerar tales sistemas, la lumpen-gran  burgues\u00eda planetaria no se ha dado abasto en desmontar la institucionalidad de  los pa\u00edses perif\u00e9ricos, contando con la invaluable cooperaci\u00f3n de sus peones  criollos y en un operativo cabalmente tipificado como de \u201cdesnacionalizaci\u00f3n de los estados nacionales\u201d.  (Ander-Egg)\u201d<\/em><br \/>&#13;<br \/>\n  <em><br \/>&#13;<br \/>\n\u00abConcretamente, y a pretexto de crear condiciones favorables para la  inversi\u00f3n extranjera, ha presionado por la firma de tratados de \u201clibre  comercio\u201d, la reducci\u00f3n de las tarifas arancelarias y para-arancelarias, la  eliminaci\u00f3n de reg\u00edmenes diferenciales al capital for\u00e1neo, la supresi\u00f3n de  leyes sobre expropiaciones y nacionalizaciones, el debilitamiento de las  empresas p\u00fablicas, la flexibilizaci\u00f3n (\u201cflexplotaci\u00f3n\u201d) laboral.\u201d<\/em><br \/>&#13;<br \/>\n  <em><br \/>&#13;<br \/>\n\u00abEstas pol\u00edticas de inspiraci\u00f3n liberal dieciochesca han tenido el efecto  de socavar a los estados del sub-continente en su condici\u00f3n de piezas claves  para sustentar proyectos de corte nacionalista y latinoamericanista  (alter-globalizadores), como la Alternativa Bolivariana  para la Am\u00e9ricas  (ALBA) al cual han adherido hasta ahora Venezuela, Cuba, Bolivia y Nicaragua.\u201d<\/em><br \/>&#13;<br \/>\n  <em><br \/>&#13;<br \/>\n\u00abPara las potencias o sub-potencias \u2013ll\u00e1mense Estados Unidos, Uni\u00f3n  Europea o el flamante eje Brasil-Rusia-India-China (BRIC)- la fractura de los  estados perif\u00e9ricos, aparte de mantener en vigor la vieja divisa romana del  divide et impera, cumple los prop\u00f3sitos de facilitar el \u201cengullimiento\u201d por sus  conglomerados de los recursos de distinta \u00edndole&#13;<br \/>\n<!--  D([\"mb\",\"localizados en nuestros pa&iacute;ses y fomentar su endeudamiento. Expuesto enu003cbr \/>otros t&eacute;rminos, a trav&eacute;s de la fragmentaci&oacute;n y privatizaci&oacute;n de lau003cbr \/>soberan&iacute;a de nuestros estados, lo que se busca es radicalizar el &ldquo;modelou003cbr \/>de acumulaci&oacute;n por desposesi&oacute;n&rdquo; (Samir Amin), ese capitalismo de rapi&ntilde;au003cbr \/>que en tiempos recientes ha desembocado en la liquidaci&oacute;n de Yugoslaviau003cbr \/>y en la ocupaci&oacute;n militar de Afganist&aacute;n e Iraq. Y que, en su proyecci&oacute;nu003cbr \/>andina, presiona por el desgajamiento del departamento petrolero delu003cbr \/>Zulia en Venezuela, Loreto en Per&uacute;, Santa Cruz y otros en Bolivia y,u003cbr \/>particularmente, de la provincia del Guayas en Ecuador.u003cbr \/>u003cbr \/>La cruzada contra las soberan&iacute;as andinas tiene como su cuartel general au003cbr \/>la Confederaci&oacute;n Internacional por la Libertad y Autonom&iacute;a Regionalu003cbr \/>(CONFILAR, tambi&eacute;n conocida como la Internacional Latinoamericana parau003cbr \/>la Balcanizaci&oacute;n), fundada en Guayaquil en un c&oacute;nclave realizado el 2006.u003cbr \/>u003cbr \/>La &ldquo;Ley Nebot-Moncayo&rdquo;u003cbr \/>u003cbr \/>En el caso ecuatoriano, la derecha tradicional &ndash;la denominadau003cbr \/>&ldquo;partidocracia&rdquo;- ha venido impulsando el &ldquo;modelo auton&oacute;mico&rdquo;, con lau003cbr \/>asesor&iacute;a de agencias multilaterales, como el Banco Mundial, el BID y lau003cbr \/>CAF, desde los tiempos de Sixto Dur&aacute;n y el &ldquo;mago&rdquo; Alberto Dahik , en lau003cbr \/>perspectiva de profundizar la articulaci&oacute;n del pa&iacute;s a la denominadau003cbr \/>nueva divisi&oacute;n internacional del trabajo y satisfacer las ambiciones deu003cbr \/>caciques de visi&oacute;n comarcana interesados en participar a como d&eacute; lugaru003cbr \/>de los dividendos y comisiones que generar&iacute;an nuevas olas deu003cbr \/>privatizaciones (biodiversidad, minerales, petr&oacute;leo, gas, agua, ox&iacute;geno).u003cbr \/>u003cbr \/>Las propuestas &ldquo;auton&oacute;micas&rdquo; exhiben como su principal argumento lau003cbr \/>cr&iacute;tica del &ldquo;Estado centralista&rdquo;, concepto bajo el cual sectoresu003cbr \/>olig&aacute;rquicos y filoimperialistas, respaldados por la Gran Prensa,u003cbr \/>pretenden mimetizar tanto la impotencia hist&oacute;rica de las clasesu003cbr \/>dominantes nativas -coste&ntilde;as y serranas- para dise&ntilde;ar e instrumentar unu003cbr \/>\",1]  );    \/\/-->&#13;<br \/>\nlocalizados en nuestros pa\u00edses y fomentar su endeudamiento.<\/em><\/p>\n<p>&#13;<\/p>\n<p align=\"justify\" class=\"text1noticias\"><em>Expuesto en otros t\u00e9rminos, a  trav\u00e9s de la fragmentaci\u00f3n y privatizaci\u00f3n de la soberan\u00eda de nuestros estados,  lo que se busca es radicalizar el \u201cmodelo de acumulaci\u00f3n por desposesi\u00f3n\u201d  (Samir Amin), ese capitalismo de rapi\u00f1a que en tiempos recientes ha desembocado  en la liquidaci\u00f3n de Yugoslavia y en la ocupaci\u00f3n militar de Afganist\u00e1n e Iraq.  Y que, en su proyecci\u00f3n andina, presiona por el desgajamiento del departamento  petrolero del Zulia en Venezuela, Loreto en Per\u00fa, Santa Cruz y otros en Bolivia  y, particularmente, de la provincia del Guayas en Ecuador.\u201d <br \/>&#13;<br \/>\n  <br \/>&#13;<br \/>\n(<strong>Ren\u00e9 B\u00e1ez.-La derrota de los secesionistas.  ALAI09-01\/2008, Quito.)<\/strong><\/em><\/p>\n<p>&#13;<\/p>\n<p align=\"justify\" class=\"text1noticias\">En pocas palabras se trata de  licencia a unos pocos para matar, robar y destruir a escala planetaria y con  ritmos intensos todo lo que le pertenece a los pueblos.<\/p>\n<p>&#13;<\/p>\n<p align=\"justify\" class=\"text1noticias\">Mafias socio-pol\u00edticas  institucionalizadas en el plano internacional y en escenarios nacionales y  locales.<\/p>\n<p>&#13;<\/p>\n<p align=\"justify\" class=\"text1noticias\">Delincuencia entronizada en los  poderes establecidos.<\/p>\n<p>&#13;<\/p>\n<p align=\"justify\" class=\"text1noticias\">Y si ese el modelo dominante a  escala internacional, los Estados recolonizado como el nuestro son reestructurados  a su imagen y semejanza, provocando un proceso de lumpenizaci\u00f3n de sus  pol\u00edticos y administradores, de las instituciones que controlan, de los  mecanismos de acumulaci\u00f3n econ\u00f3mica, de la gesti\u00f3n social desde arriba y de la  cultura e ideolog\u00edas impuestas por sus portentosos medios de enajenaci\u00f3n y  alienaci\u00f3n.<\/p>\n<p>&#13;<\/p>\n<p align=\"justify\" class=\"text1noticias\">En nuestro pa\u00eds a eso se agregan las profundas  ra\u00edces del neo-trujillismo balaguerista y sus ense\u00f1anzas corruptoras y  perversas, trasegadas a los partidos que han gobernado en estas \u00faltimas d\u00e9cadas.<\/p>\n<p>&#13;<\/p>\n<p align=\"justify\" class=\"text1noticias\">Todo eso \u2013y no otra cosa- es lo  que hoy explica el tipo de proceso electoral en marcha, la guerra (sucia, pero  veraz) entre los candidatos de turno, la podredumbre que arropa altas  jerarqu\u00edas del PLD, el PRD, el PRSC y sus grupos sat\u00e9lites; la pus que emana  del Congreso, la JCE,  la C\u00e1mara de  Cuenta, los Ayuntamientos; la alta criminalidad de las c\u00fapulas policiales y  militares, la capacidad para mentir desde los grandes medios de comunicaci\u00f3n y  la complicidad \u00a0de los jerarcas de la \u201cSanta  Madre Iglesia\u201d romana con el status quo.<\/p>\n<p>&#13;<\/p>\n<p align=\"justify\" class=\"text1noticias\">Y esto no se derrota sin fuerza  organizada, sin esp\u00edritu combativo, sin presencia en el coraz\u00f3n del pueblo, sin  liderazgo de profundo colado y probado arrojo. Esto no tiene componte por s\u00ed mismo,  ni se cae solo, ni se edulcora con \u201cag\u00fcita de melao\u201d y oposici\u00f3n blandengue. <\/p>\n<p>&#13;<\/p>\n<p align=\"justify\" class=\"text1noticias\">Necesita de una vanguardia  renovada, un movimiento pol\u00edtico social combativo, una gran y diversa alianza  anti-neoliberal y anti-imperialista, un programa movilizador y transformador y diversos  torrentes y formas de de luchas populares que generen nuevos liderazgos y  nuevas situaciones. <\/p>\n<p>&#13;<\/p>\n<h6> 2008-01-20 23:24:29 <\/h6>\n<p><!--\n<link rel=\"stylesheet\" href=\"css\/bootstrap.min.css\">\n\n\n<ul class=\"pagination\">\n\t    \n\t\n\n<li >\n\t<a href='?page_no=12351'>Previous<\/a>\n\t<\/li>\n\n\n       \n    \n\n<li><a href='?page_no=1'>1<\/a><\/li>\n\n\n\n<li><a href='?page_no=2'>2<\/a><\/li>\n\n\n\n<li><a>...<\/a><\/li>\n\n\n\n<li><a href='?page_no=12350'>12350<\/a><\/li>\n\n\n\n<li><a href='?page_no=12351'>12351<\/a><\/li>\n\n\n\n<li class='active'><a>12352<\/a><\/li>\n\n\n\n<li><a href='?page_no=12353'>12353<\/a><\/li>\n\n\n\n<li><a href='?page_no=12354'>12354<\/a><\/li>\n\n\n\n<li><a>...<\/a><\/li>\n\n\n\n<li><a href='?page_no=13611'>13611<\/a><\/li>\n\n\n\n<li><a href='?page_no=13612'>13612<\/a><\/li>\n\n    \n\t\n\n<li >\n\t<a href='?page_no=12353'>Next<\/a>\n\t<\/li>\n\n\n    \n\n<li><a href='?page_no=13612'>Last &rsaquo;&rsaquo;<\/a><\/li>\n\n<\/ul>\n\n\n--><br \/>\n<\/body><\/p>\n","protected":false},"excerpt":{"rendered":"<p>Estados neoliberales y delincuentes &#13; Narciso Isa Conde &#13; No se cual de esta dos acusaciones es mas grave o si las dos, en las presentes circunstancias, son cosas similares, parecidas o complementarias. &#13; Ambas tienen mucho que ver con la lumpen-partidocracia y la lumpen-burgues\u00eda tuteladas por una especie de lumpen -imperialismo\u2026Todos ellos con enorme [&hellip;]<\/p>\n","protected":false},"author":3,"featured_media":0,"comment_status":"open","ping_status":"open","sticky":false,"template":"","format":"standard","meta":{"footnotes":""},"categories":[16],"tags":[],"class_list":["post-36495","post","type-post","status-publish","format-standard","hentry","category-opiniones"],"_links":{"self":[{"href":"https:\/\/diariodominicano.com\/index.php?rest_route=\/wp\/v2\/posts\/36495","targetHints":{"allow":["GET"]}}],"collection":[{"href":"https:\/\/diariodominicano.com\/index.php?rest_route=\/wp\/v2\/posts"}],"about":[{"href":"https:\/\/diariodominicano.com\/index.php?rest_route=\/wp\/v2\/types\/post"}],"author":[{"embeddable":true,"href":"https:\/\/diariodominicano.com\/index.php?rest_route=\/wp\/v2\/users\/3"}],"replies":[{"embeddable":true,"href":"https:\/\/diariodominicano.com\/index.php?rest_route=%2Fwp%2Fv2%2Fcomments&post=36495"}],"version-history":[{"count":0,"href":"https:\/\/diariodominicano.com\/index.php?rest_route=\/wp\/v2\/posts\/36495\/revisions"}],"wp:attachment":[{"href":"https:\/\/diariodominicano.com\/index.php?rest_route=%2Fwp%2Fv2%2Fmedia&parent=36495"}],"wp:term":[{"taxonomy":"category","embeddable":true,"href":"https:\/\/diariodominicano.com\/index.php?rest_route=%2Fwp%2Fv2%2Fcategories&post=36495"},{"taxonomy":"post_tag","embeddable":true,"href":"https:\/\/diariodominicano.com\/index.php?rest_route=%2Fwp%2Fv2%2Ftags&post=36495"}],"curies":[{"name":"wp","href":"https:\/\/api.w.org\/{rel}","templated":true}]}}