{"id":36493,"date":"2008-01-21T20:13:47","date_gmt":"2008-01-21T20:13:47","guid":{"rendered":"http:\/\/diariodominicano.ddns.net\/?p=36493"},"modified":"2008-01-21T20:13:47","modified_gmt":"2008-01-21T20:13:47","slug":"la-informacion-veraz","status":"publish","type":"post","link":"https:\/\/diariodominicano.com\/?p=36493","title":{"rendered":"La informaci\u00f3n veraz"},"content":{"rendered":"<p><body><\/p>\n<p align=\"center\" class=\"titulogrande1\"><strong>La  informacion veraz<\/strong><\/p>\n<p>&#13;<\/p>\n<p align=\"center\"><strong>Por:<\/strong>\u00a0<span class=\"textogrande\">Jos\u00e9 G\u00f3mez Cerda<\/span><\/p>\n<p>&#13;<\/p>\n<p align=\"justify\" class=\"text1noticias\">La Asociaci\u00f3n Dominicana de Periodistas y Escritores (ADPE)  coordina con el Instituto\u00a0 Dominicano de  Periodismo (IDP), para que los estudiantes de periodismo tengan amplios  conocimiento sobre la   ETICA PERIODISTICA,\u00a0 que sea realidad el derecho del  pueblo\u00a0 a la informaci\u00f3n veraz. <\/p>\n<p>&#13;<\/p>\n<p align=\"justify\" class=\"text1noticias\">La gente y los individuos tienen el  derecho a adquirir una visi\u00f3n objetiva de la realidad por medio de la  informaci\u00f3n exacta y comprensiva, as\u00ed como a expresarse libremente a trav\u00e9s de  los medios de cultura y de comunicaci\u00f3n. <\/p>\n<p>&#13;<\/p>\n<p align=\"justify\" class=\"text1noticias\">Los periodistas deben tener conceptos,  principios y valores profundos, para aplicar la moral en sus noticias,  comentarios, rese\u00f1as, art\u00edculos y todo tipo de expresi\u00f3n p\u00fablica, para ayudar  en la educaci\u00f3n y la formaci\u00f3n del pueblo, en base a la verdad.<\/p>\n<p>&#13;<\/p>\n<p align=\"justify\" class=\"text1noticias\">Toda medida que se utilice contra este  derecho es una violaci\u00f3n a la libertad de expresi\u00f3n.<\/p>\n<p>&#13;<\/p>\n<p align=\"justify\" class=\"text1noticias\">La Asociaci\u00f3n Dominicana de Periodistas y Escritores, por medio de  los PREMIOS CAONABO DE ORO, reconoce anualmente a periodistas y escritores que  se han destacado, en la trayectoria de su vida, por sus obras, y el bienestar  que han producido a los lectores de diarios, peri\u00f3dicos, revistas y programas  de televisi\u00f3n.<\/p>\n<p>&#13;<\/p>\n<p align=\"justify\" class=\"text1noticias\">Los diarios y publicaciones en general deben  asegurarse de no publicar material inexacto, despistante o distorsionado,  incluyendo fotograf\u00edas. <\/p>\n<p>&#13;<\/p>\n<p align=\"justify\" class=\"text1noticias\"> Aunque todas las publicaciones tienen  la libertad de ser parciales, se debe distinguir claramente la diferencia entre  la opini\u00f3n, las conjeturas y los hechos. <\/p>\n<p>&#13;<\/p>\n<p align=\"justify\" class=\"text1noticias\">La informaci\u00f3n veraz\u00a0  que se enfrente a informaciones inexactas o injustas implica  medidas\u00a0 en el ejercicio period\u00edstico que  pueden convertirse en una amena contra la libertad de prensa. <\/p>\n<p>&#13;<\/p>\n<p align=\"justify\" class=\"text1noticias\">Decidir lo que es verdad y lo que no lo es,\u00a0 no es tan f\u00e1cil como pudiera parecer, pues  est\u00e1 sujeto a muchas interpretaciones y a una infinidad de puntos de vista. <\/p>\n<p>&#13;<\/p>\n<p align=\"justify\" class=\"text1noticias\">La ADPE desde su fundaci\u00f3n en 1962 ha sido fiel defensora  de la informaci\u00f3n veraz.\u00a0 Muchos  periodistas y escritores dominicanos han entregado sus vidas en defensa de \u00e9ste  principio period\u00edstico. <\/p>\n<p>&#13;<\/p>\n<p align=\"justify\" class=\"text1noticias\"><strong>Jos\u00e9 G\u00f3mez Cerda, es\u00a0 Presidente de la Asociaci\u00f3n Dominicana  de Periodistas y Escritores <\/strong><\/p>\n<p>&#13;<\/p>\n<h6> 2008-01-21 20:13:47 <\/h6>\n<p><!--\n<link rel=\"stylesheet\" href=\"css\/bootstrap.min.css\">\n\n\n<ul class=\"pagination\">\n\t    \n\t\n\n<li >\n\t<a href='?page_no=12349'>Previous<\/a>\n\t<\/li>\n\n\n       \n    \n\n<li><a href='?page_no=1'>1<\/a><\/li>\n\n\n\n<li><a href='?page_no=2'>2<\/a><\/li>\n\n\n\n<li><a>...<\/a><\/li>\n\n\n\n<li><a href='?page_no=12348'>12348<\/a><\/li>\n\n\n\n<li><a href='?page_no=12349'>12349<\/a><\/li>\n\n\n\n<li class='active'><a>12350<\/a><\/li>\n\n\n\n<li><a href='?page_no=12351'>12351<\/a><\/li>\n\n\n\n<li><a href='?page_no=12352'>12352<\/a><\/li>\n\n\n\n<li><a>...<\/a><\/li>\n\n\n\n<li><a href='?page_no=13611'>13611<\/a><\/li>\n\n\n\n<li><a href='?page_no=13612'>13612<\/a><\/li>\n\n    \n\t\n\n<li >\n\t<a href='?page_no=12351'>Next<\/a>\n\t<\/li>\n\n\n    \n\n<li><a href='?page_no=13612'>Last &rsaquo;&rsaquo;<\/a><\/li>\n\n<\/ul>\n\n\n--><br \/>\n<\/body><\/p>\n","protected":false},"excerpt":{"rendered":"<p>La informacion veraz &#13; Por:\u00a0Jos\u00e9 G\u00f3mez Cerda &#13; La Asociaci\u00f3n Dominicana de Periodistas y Escritores (ADPE) coordina con el Instituto\u00a0 Dominicano de Periodismo (IDP), para que los estudiantes de periodismo tengan amplios conocimiento sobre la ETICA PERIODISTICA,\u00a0 que sea realidad el derecho del pueblo\u00a0 a la informaci\u00f3n veraz. &#13; La gente y los individuos tienen [&hellip;]<\/p>\n","protected":false},"author":3,"featured_media":0,"comment_status":"open","ping_status":"open","sticky":false,"template":"","format":"standard","meta":{"footnotes":""},"categories":[16],"tags":[],"class_list":["post-36493","post","type-post","status-publish","format-standard","hentry","category-opiniones"],"_links":{"self":[{"href":"https:\/\/diariodominicano.com\/index.php?rest_route=\/wp\/v2\/posts\/36493","targetHints":{"allow":["GET"]}}],"collection":[{"href":"https:\/\/diariodominicano.com\/index.php?rest_route=\/wp\/v2\/posts"}],"about":[{"href":"https:\/\/diariodominicano.com\/index.php?rest_route=\/wp\/v2\/types\/post"}],"author":[{"embeddable":true,"href":"https:\/\/diariodominicano.com\/index.php?rest_route=\/wp\/v2\/users\/3"}],"replies":[{"embeddable":true,"href":"https:\/\/diariodominicano.com\/index.php?rest_route=%2Fwp%2Fv2%2Fcomments&post=36493"}],"version-history":[{"count":0,"href":"https:\/\/diariodominicano.com\/index.php?rest_route=\/wp\/v2\/posts\/36493\/revisions"}],"wp:attachment":[{"href":"https:\/\/diariodominicano.com\/index.php?rest_route=%2Fwp%2Fv2%2Fmedia&parent=36493"}],"wp:term":[{"taxonomy":"category","embeddable":true,"href":"https:\/\/diariodominicano.com\/index.php?rest_route=%2Fwp%2Fv2%2Fcategories&post=36493"},{"taxonomy":"post_tag","embeddable":true,"href":"https:\/\/diariodominicano.com\/index.php?rest_route=%2Fwp%2Fv2%2Ftags&post=36493"}],"curies":[{"name":"wp","href":"https:\/\/api.w.org\/{rel}","templated":true}]}}