{"id":364925,"date":"2022-06-29T10:45:24","date_gmt":"2022-06-29T14:45:24","guid":{"rendered":"http:\/\/diariodominicano.com\/?p=364925"},"modified":"2022-06-29T10:47:22","modified_gmt":"2022-06-29T14:47:22","slug":"periodista-ramon-puello-baez-anuncia-su-retiro-de-la-television","status":"publish","type":"post","link":"https:\/\/diariodominicano.com\/?p=364925","title":{"rendered":"Periodista Ram\u00f3n Puello B\u00e1ez anuncia su retiro de la televisi\u00f3n"},"content":{"rendered":"\n<p>SANTO DOMINGO.- El veterano periodista nativo de San Crist\u00f3bal, Ram\u00f3n Puello B\u00e1ez anunci\u00f3 este martes su retiro de la televisi\u00f3n dominicana, a la que dedic\u00f3 cinco d\u00e9cadas de sus 80 a\u00f1os de edad.<\/p>\n\n\n\n<p>Durante una entrevista en&nbsp;<strong>Telemicro<\/strong>, canal donde ha laborado en los \u00faltimos a\u00f1os, explic\u00f3 que busca dedicarse a escribir libros, estar mayor tiempo con su familia y hacer m\u00e1s cosas de las que le gustan: viajar, cantar estar tranquilo.<\/p>\n\n\n\n<p>El presidente del Grupo de Medios Telemicro, Juan Ram\u00f3n G\u00f3mez D\u00edaz, reconoci\u00f3 la larga trayectoria de Puello B\u00e1ez, fundador de varios noticiarios de televisi\u00f3n en Rep\u00fablica Dominicana, incluyendo el de&nbsp;<strong>\u201cNoticias Telemicro\u201d.<\/strong><\/p>\n\n\n\n<p>Puello B\u00e1ez, quien tambi\u00e9n es abogado, inici\u00f3 como locutor en una emisora de San Crist\u00f3bal, pero fue en 1966 cuando comenz\u00f3 su incidencia en los medios nacionales, seg\u00fan rese\u00f1\u00f3 el portal de Telemicro.<\/p>\n\n\n\n<p>Se gradu\u00f3 de abogado en la Universidad Aut\u00f3noma de Santo Domingo, pero nunca ejerci\u00f3 porque la comunicaci\u00f3n termin\u00f3 asumi\u00e9ndolo como uno de los m\u00e1s relevantes comentaristas de la televisi\u00f3n sobre temas de la actualidad sociopol\u00edtica y econ\u00f3mica.<\/p>\n\n\n\n<p>En los a\u00f1os 70 y 80 dirigi\u00f3 los noticiarios de Color Visi\u00f3n y Telesistema.<\/p>\n\n\n\n<p>cfl-am  <\/p>\n\n\n\n<p>Almomento.net <\/p>\n","protected":false},"excerpt":{"rendered":"<p>SANTO DOMINGO.- El veterano periodista nativo de San Crist\u00f3bal, Ram\u00f3n Puello B\u00e1ez anunci\u00f3 este martes su retiro de la televisi\u00f3n dominicana, a la que dedic\u00f3 cinco d\u00e9cadas de sus 80 a\u00f1os de edad. Durante una entrevista en&nbsp;Telemicro, canal donde ha laborado en los \u00faltimos a\u00f1os, explic\u00f3 que busca dedicarse a escribir libros, estar mayor tiempo [&hellip;]<\/p>\n","protected":false},"author":7,"featured_media":0,"comment_status":"closed","ping_status":"","sticky":false,"template":"","format":"standard","meta":{"footnotes":""},"categories":[36,26,27],"tags":[],"class_list":["post-364925","post","type-post","status-publish","format-standard","hentry","category-hombresmujeresycosas","category-efemerides","category-portada"],"_links":{"self":[{"href":"https:\/\/diariodominicano.com\/index.php?rest_route=\/wp\/v2\/posts\/364925","targetHints":{"allow":["GET"]}}],"collection":[{"href":"https:\/\/diariodominicano.com\/index.php?rest_route=\/wp\/v2\/posts"}],"about":[{"href":"https:\/\/diariodominicano.com\/index.php?rest_route=\/wp\/v2\/types\/post"}],"author":[{"embeddable":true,"href":"https:\/\/diariodominicano.com\/index.php?rest_route=\/wp\/v2\/users\/7"}],"replies":[{"embeddable":true,"href":"https:\/\/diariodominicano.com\/index.php?rest_route=%2Fwp%2Fv2%2Fcomments&post=364925"}],"version-history":[{"count":3,"href":"https:\/\/diariodominicano.com\/index.php?rest_route=\/wp\/v2\/posts\/364925\/revisions"}],"predecessor-version":[{"id":364932,"href":"https:\/\/diariodominicano.com\/index.php?rest_route=\/wp\/v2\/posts\/364925\/revisions\/364932"}],"wp:attachment":[{"href":"https:\/\/diariodominicano.com\/index.php?rest_route=%2Fwp%2Fv2%2Fmedia&parent=364925"}],"wp:term":[{"taxonomy":"category","embeddable":true,"href":"https:\/\/diariodominicano.com\/index.php?rest_route=%2Fwp%2Fv2%2Fcategories&post=364925"},{"taxonomy":"post_tag","embeddable":true,"href":"https:\/\/diariodominicano.com\/index.php?rest_route=%2Fwp%2Fv2%2Ftags&post=364925"}],"curies":[{"name":"wp","href":"https:\/\/api.w.org\/{rel}","templated":true}]}}