{"id":36491,"date":"2008-01-22T00:09:50","date_gmt":"2008-01-22T00:09:50","guid":{"rendered":"http:\/\/diariodominicano.ddns.net\/?p=36491"},"modified":"2008-01-22T00:09:50","modified_gmt":"2008-01-22T00:09:50","slug":"miguel-vargas-aspectos-de-su-propuesta-de-gobierno","status":"publish","type":"post","link":"https:\/\/diariodominicano.com\/?p=36491","title":{"rendered":"Miguel Vargas: Aspectos de su Propuesta de Gobierno"},"content":{"rendered":"<p><body><\/p>\n<p class=\"titulogrande1\"><strong>Miguel Vargas: Aspectos de su Propuesta de Gobierno<\/strong><\/p>\n<p>&#13;<\/p>\n<p align=\"justify\" class=\"text1noticias\"><img loading=\"lazy\" decoding=\"async\" src=\"http:\/\/10.0.0.82:8080\/pictures\/evelio arroyo.jpg\" width=\"269\" height=\"333\" hspace=\"4\" align=\"left\" \/>En estos \u00faltimos d\u00edas que hemos estado  hablando de un\u00a0 debate pol\u00edtico\u00a0 entre los candidatos a la presidencia de la Republica es conveniente  que hablemos de las propuestas que estos est\u00e1n ofertando al pa\u00eds.<\/p>\n<p>&#13;<\/p>\n<p align=\"justify\" class=\"text1noticias\">El Ing. Miguel Vargas tiene una propuesta  integral que se ocupa de la pol\u00edtica econ\u00f3mica, la pol\u00edtica social, el estado  de derecho y el bienestar de la poblaci\u00f3n. <br \/>&#13;<br \/>\n  <br \/>&#13;<br \/>\nCuando un gobierno se propone desarrollar  el pa\u00eds, lo primero que debe plantearse son propuestas que puedan ser  realizables y cumplidas. En lo que concierne al Ing.Vargas esta haciendo una  propuesta integral que abarca cuatro aspectos b\u00e1sicos para lograr la  estabilidad econ\u00f3mica y el crecimiento real de la gente.<\/p>\n<p>&#13;<\/p>\n<p align=\"justify\" class=\"text1noticias\">Con relaci\u00f3n a la pol\u00edtica econ\u00f3mica el  Ing. Vargas est\u00e1 conciente que s\u00f3lo con inversiones en obras publicas y en los  sectores productivos, sobre todo\u00a0 en el  aspecto de inversiones\u00a0 al sector  agr\u00edcola, apoyando a los productores nacionales, ese es el primer paso para  sentar las bases de una pol\u00edtica social eficaz por parte del Estado, ya que  esa\u00a0 es la mayor garant\u00eda para beneficiar  a los sectores sociales mas vulnerables del pa\u00eds. <\/p>\n<p>&#13;<\/p>\n<p align=\"justify\" class=\"text1noticias\">El Ing. Miguel Vargas\u00a0 esta sumamente consciente que la producci\u00f3n  nacional de alimentos debe aumentar, ya que de esa forma se garantiza\u00a0 mayor alimentaci\u00f3n a la poblaci\u00f3n. Para ese  fin las instituciones del Estado ligadas a ese sector\u00a0 dar\u00e1n todo el apoyo financiero necesario para  aumentar la producci\u00f3n de bienes y servicios. Esta propuesta tiene como eje  fundamental la generaci\u00f3n de riquezas de los diferentes sectores productivos  como condici\u00f3n necesaria para el Estado pueda invertir en los sectores m\u00e1s  pobres e indigentes del pa\u00eds.<\/p>\n<p>&#13;<\/p>\n<p align=\"justify\" class=\"text1noticias\">S\u00f3lo desarrollando obras de  infraestructuras y desarrollo material en los sectores m\u00e1s vulnerables del  pa\u00eds\u00a0 se puede contrarrestar el mal mayor  que esta afectando a todo el pa\u00eds como es el auge de la delincuencia y la  inseguridad ciudadana.<\/p>\n<p>&#13;<\/p>\n<p align=\"justify\" class=\"text1noticias\">En cuanto a la propuesta para  contrarrestar la delincuencia \u00e9sta se propone atacar ese mal en sus ra\u00edces, ya  que es la \u00fanica forma de ir reduciendo un mal social que esta afectando a toda  la sociedad. Atacar la delincuencia en sus ra\u00edces significa modificar y mejorar  las condiciones b\u00e1sicas de vida de esos sectores, por eso la propuesta del Ing.  Vargas\u00a0 se\u00a0 enfoca en asignarle a educaci\u00f3n el 4% del PBI  que le corresponde por ley; no el 1.9% como ocurre en el presente\u00a0 Esta propuesta quiere atacar el problema de  la delincuencia buscando nuevas fuentes de empleos para los j\u00f3venes provenientes  de los sectores pobres y de clases medias, adem\u00e1s busca mejorar los  servicios\u00a0 y algunas obras que son  esenciales\u00a0 para esos sectores. Estos son  los primeros pasos para comenzar a modificar el entorne material y cultural  prevaleciente en esos sectores.<\/p>\n<p>&#13;<\/p>\n<p align=\"justify\" class=\"text1noticias\">La propuesta del Ing. Miguel Varga  contempla reforzar la educaci\u00f3n tanto en la construcci\u00f3n de aulas como la capacitaci\u00f3n de los maestros.  Busca, adem\u00e1s construir obras en le \u00e1rea de salud y facilitar\u00a0 puestos de ventas de alimentos para los  sectores\u00a0 mas pobres. Contempla, adem\u00e1s,  multiplicar por dos el n\u00famero de tarjeta de ayudas a los pobres, adem\u00e1s\u00a0 esas mismas tarjetas ser\u00e1n llevadas a 1000  pesos. <\/p>\n<p>&#13;<\/p>\n<p align=\"justify\" class=\"text1noticias\">El Ing. Miguel Vargas esta proponiendo al  pa\u00eds no s\u00f3lo diversificar las inversiones para que un mayor numero de  provincias y comunidades se beneficien, sino que esta proponiendo tambi\u00e9n que  cuando sea presidente\u00a0 desarrollar\u00e1 polos  regionales de desarrollo, donde se propone no s\u00f3lo desarrollar obras de  infraestructuras sino tambi\u00e9n invertir en la producci\u00f3n agr\u00edcola financiando a  los productores de ese sector y al mismo tiempo se propone llevar los servicios  de salud\u00a0 y educaci\u00f3n a esas provincias  como condici\u00f3n necesaria para que los que all\u00ed viven no tengan que desplazarse  a los grandes\u00a0 centros urbanos a buscar  mejores condiciones de vida. Ofreci\u00e9ndoles los servicios b\u00e1sicos a esas  familias, \u00e9stas no tendr\u00e1n raz\u00f3n para venir a formar grandes cinturones de  miserias a las grandes ciudades como ocurre en la actualidad.<\/p>\n<p>&#13;<\/p>\n<p align=\"justify\" class=\"text1noticias\">En lo que concierne al aspecto legal y al  Estado de derecho la propuesta\u00a0 de nuestro  candidato plantea el apego a la ley y a la constituci\u00f3n para respetar todos los  convenios y contratos firmados por el Estado. Cualquier modificaci\u00f3n a un  contrato deber\u00e1 hacerse respetando los derechos de cada quien. Esa es\u00a0 una garant\u00eda para que la continuidad del  estado siga su desarrollo normal.<\/p>\n<p>&#13;<\/p>\n<p align=\"justify\" class=\"text1noticias\"><strong>Evelio Arroyo es Soci\u00f3logo, Abogado y Escritor. Es,  adem\u00e1s, Director Nacional de Comunicaciones y Estrategias del Movimiento en  L\u00ednea con Miguel, que preside el Dr. Francisco Fern\u00e1ndez<\/strong>.<\/p>\n<p>&#13;<\/p>\n<h6> 2008-01-22 00:09:50 <\/h6>\n<p><!--\n<link rel=\"stylesheet\" href=\"css\/bootstrap.min.css\">\n\n\n<ul class=\"pagination\">\n\t    \n\t\n\n<li >\n\t<a href='?page_no=12348'>Previous<\/a>\n\t<\/li>\n\n\n       \n    \n\n<li><a href='?page_no=1'>1<\/a><\/li>\n\n\n\n<li><a href='?page_no=2'>2<\/a><\/li>\n\n\n\n<li><a>...<\/a><\/li>\n\n\n\n<li><a href='?page_no=12347'>12347<\/a><\/li>\n\n\n\n<li><a href='?page_no=12348'>12348<\/a><\/li>\n\n\n\n<li class='active'><a>12349<\/a><\/li>\n\n\n\n<li><a href='?page_no=12350'>12350<\/a><\/li>\n\n\n\n<li><a href='?page_no=12351'>12351<\/a><\/li>\n\n\n\n<li><a>...<\/a><\/li>\n\n\n\n<li><a href='?page_no=13611'>13611<\/a><\/li>\n\n\n\n<li><a href='?page_no=13612'>13612<\/a><\/li>\n\n    \n\t\n\n<li >\n\t<a href='?page_no=12350'>Next<\/a>\n\t<\/li>\n\n\n    \n\n<li><a href='?page_no=13612'>Last &rsaquo;&rsaquo;<\/a><\/li>\n\n<\/ul>\n\n\n--><br \/>\n<\/body><\/p>\n","protected":false},"excerpt":{"rendered":"<p>Miguel Vargas: Aspectos de su Propuesta de Gobierno &#13; En estos \u00faltimos d\u00edas que hemos estado hablando de un\u00a0 debate pol\u00edtico\u00a0 entre los candidatos a la presidencia de la Republica es conveniente que hablemos de las propuestas que estos est\u00e1n ofertando al pa\u00eds. &#13; El Ing. Miguel Vargas tiene una propuesta integral que se ocupa [&hellip;]<\/p>\n","protected":false},"author":3,"featured_media":0,"comment_status":"open","ping_status":"open","sticky":false,"template":"","format":"standard","meta":{"footnotes":""},"categories":[16],"tags":[],"class_list":["post-36491","post","type-post","status-publish","format-standard","hentry","category-opiniones"],"_links":{"self":[{"href":"https:\/\/diariodominicano.com\/index.php?rest_route=\/wp\/v2\/posts\/36491","targetHints":{"allow":["GET"]}}],"collection":[{"href":"https:\/\/diariodominicano.com\/index.php?rest_route=\/wp\/v2\/posts"}],"about":[{"href":"https:\/\/diariodominicano.com\/index.php?rest_route=\/wp\/v2\/types\/post"}],"author":[{"embeddable":true,"href":"https:\/\/diariodominicano.com\/index.php?rest_route=\/wp\/v2\/users\/3"}],"replies":[{"embeddable":true,"href":"https:\/\/diariodominicano.com\/index.php?rest_route=%2Fwp%2Fv2%2Fcomments&post=36491"}],"version-history":[{"count":0,"href":"https:\/\/diariodominicano.com\/index.php?rest_route=\/wp\/v2\/posts\/36491\/revisions"}],"wp:attachment":[{"href":"https:\/\/diariodominicano.com\/index.php?rest_route=%2Fwp%2Fv2%2Fmedia&parent=36491"}],"wp:term":[{"taxonomy":"category","embeddable":true,"href":"https:\/\/diariodominicano.com\/index.php?rest_route=%2Fwp%2Fv2%2Fcategories&post=36491"},{"taxonomy":"post_tag","embeddable":true,"href":"https:\/\/diariodominicano.com\/index.php?rest_route=%2Fwp%2Fv2%2Ftags&post=36491"}],"curies":[{"name":"wp","href":"https:\/\/api.w.org\/{rel}","templated":true}]}}