{"id":36489,"date":"2008-01-22T03:40:35","date_gmt":"2008-01-22T03:40:35","guid":{"rendered":"http:\/\/diariodominicano.ddns.net\/?p=36489"},"modified":"2008-01-22T03:40:35","modified_gmt":"2008-01-22T03:40:35","slug":"un-caudillismo-emergente","status":"publish","type":"post","link":"https:\/\/diariodominicano.com\/?p=36489","title":{"rendered":"Un caudillismo emergente"},"content":{"rendered":"<p><body><\/p>\n<p align=\"left\"><span class=\"titulogrande1\">Un caudillismo emergente<\/span><br \/>&#13;<br \/>\n  <br \/>&#13;<br \/>\n    <strong>Por: <\/strong><span class=\"textogrande\">Angel Acosta<\/span><\/p>\n<p>&#13;<\/p>\n<p align=\"justify\" class=\"text1noticias\"><img loading=\"lazy\" decoding=\"async\" src=\"http:\/\/10.0.0.82:8080\/pictures\/angel acosta.jpg\" width=\"269\" height=\"283\" hspace=\"4\" align=\"left\" \/>Los  acontecimientos registrados en las \u00faltimas dos semanas adem\u00e1s de evidenciar  desesperaci\u00f3n de parte del Leonelismo gobernante, que procura la reelecci\u00f3n a  toda costa, delatan el nacimiento de una cultura caudillista entorno al  presidente Fern\u00e1ndez.<br \/>&#13;<br \/>\n  <br \/>&#13;<br \/>\n  Cuando  se escuchan los ruidos de las voces reeleccionistas, a trav\u00e9s de manipulaciones  medi\u00e1ticas, parecieran que sin dudas la reelecci\u00f3n triunfar\u00eda en primera  vuelta, sin embargo cuando se analizan sus acciones y maniobras la conclusi\u00f3n  debe ser que su situaci\u00f3n electoral no les es favorable.<br \/>&#13;<br \/>\n  <br \/>&#13;<br \/>\n  Am\u00e9n de  la malvada compra indiscriminada de dirigentes de todos los partidos, adem\u00e1s  del aberrante clientelismo puesto en pr\u00e1ctica durante las \u00faltimas dos semanas  las manifestaciones del reeleccionismo son preocupantes.<br \/>&#13;<br \/>\n  <br \/>&#13;<br \/>\n  La  acci\u00f3n deleznable m\u00e1s reciente lo es presiones ejercidas para provocar la  destituci\u00f3n del ingente periodista Don Miguel Franjul quien denunci\u00f3 en su  carta de renuncia del List\u00edn Diario que el Gobierno habr\u00eda suspendido la  colocaci\u00f3n de publicidad de ese diario y que reclam\u00f3 su destituci\u00f3n de la  direcci\u00f3n de ese importante medio de comunicaci\u00f3n.<br \/>&#13;<br \/>\n  <br \/>&#13;<br \/>\n  Esta  misma semana en una acci\u00f3n avasallante el gobierno dominicano ha interrumpido  el normal proceso asambleario del Partido Nacional de Veteranos y Civiles en  inter\u00e9s de agenciarse el mismo tras dos intentos anteriores fallidos.<br \/>&#13;<br \/>\n  <br \/>&#13;<br \/>\n  Igualmente  en una rueda de prensa inusual de una entidad con la supuesta ventaja de  ganancia de causa, el oficialismo se destapa con una serie de acusaciones a un  candidato de la oposici\u00f3n respecto de varios actos de compra y venta de este  ultimo con gobierno del Estado, pero se incriminan cuando excluyen que ellos  mismos fueron protagonistas de la ultima compra a este candidato, esto es el  edificio de Aduanas.<br \/>&#13;<br \/>\n  <br \/>&#13;<br \/>\n  A todo  lo anterior hay que sumar las pr\u00e1cticas antidemocr\u00e1ticas manifiestas en el  Congreso Nacional, que malogran el estado mismo de derecho en la Rep\u00fablica Dominicana,  de lo cual no se podr\u00e1 olvidar el m\u00e1s reciente esc\u00e1ndalo del presupuesto 2008  aprobado unilateralmente, desconociendo prescripciones constitucionales.<\/p>\n<p>&#13;<\/p>\n<p align=\"justify\" class=\"text1noticias\"><strong>Angel Acosta es diputado del municipio de Santiago<\/strong><\/p>\n<p>&#13;<\/p>\n<h6> 2008-01-22 03:40:35 <\/h6>\n<p><!--\n<link rel=\"stylesheet\" href=\"css\/bootstrap.min.css\">\n\n\n<ul class=\"pagination\">\n\t    \n\t\n\n<li >\n\t<a href='?page_no=12346'>Previous<\/a>\n\t<\/li>\n\n\n       \n    \n\n<li><a href='?page_no=1'>1<\/a><\/li>\n\n\n\n<li><a href='?page_no=2'>2<\/a><\/li>\n\n\n\n<li><a>...<\/a><\/li>\n\n\n\n<li><a href='?page_no=12345'>12345<\/a><\/li>\n\n\n\n<li><a href='?page_no=12346'>12346<\/a><\/li>\n\n\n\n<li class='active'><a>12347<\/a><\/li>\n\n\n\n<li><a href='?page_no=12348'>12348<\/a><\/li>\n\n\n\n<li><a href='?page_no=12349'>12349<\/a><\/li>\n\n\n\n<li><a>...<\/a><\/li>\n\n\n\n<li><a href='?page_no=13611'>13611<\/a><\/li>\n\n\n\n<li><a href='?page_no=13612'>13612<\/a><\/li>\n\n    \n\t\n\n<li >\n\t<a href='?page_no=12348'>Next<\/a>\n\t<\/li>\n\n\n    \n\n<li><a href='?page_no=13612'>Last &rsaquo;&rsaquo;<\/a><\/li>\n\n<\/ul>\n\n\n--><br \/>\n<\/body><\/p>\n","protected":false},"excerpt":{"rendered":"<p>Un caudillismo emergente&#13; &#13; Por: Angel Acosta &#13; Los acontecimientos registrados en las \u00faltimas dos semanas adem\u00e1s de evidenciar desesperaci\u00f3n de parte del Leonelismo gobernante, que procura la reelecci\u00f3n a toda costa, delatan el nacimiento de una cultura caudillista entorno al presidente Fern\u00e1ndez.&#13; &#13; Cuando se escuchan los ruidos de las voces reeleccionistas, a trav\u00e9s [&hellip;]<\/p>\n","protected":false},"author":3,"featured_media":0,"comment_status":"open","ping_status":"open","sticky":false,"template":"","format":"standard","meta":{"footnotes":""},"categories":[16],"tags":[],"class_list":["post-36489","post","type-post","status-publish","format-standard","hentry","category-opiniones"],"_links":{"self":[{"href":"https:\/\/diariodominicano.com\/index.php?rest_route=\/wp\/v2\/posts\/36489","targetHints":{"allow":["GET"]}}],"collection":[{"href":"https:\/\/diariodominicano.com\/index.php?rest_route=\/wp\/v2\/posts"}],"about":[{"href":"https:\/\/diariodominicano.com\/index.php?rest_route=\/wp\/v2\/types\/post"}],"author":[{"embeddable":true,"href":"https:\/\/diariodominicano.com\/index.php?rest_route=\/wp\/v2\/users\/3"}],"replies":[{"embeddable":true,"href":"https:\/\/diariodominicano.com\/index.php?rest_route=%2Fwp%2Fv2%2Fcomments&post=36489"}],"version-history":[{"count":0,"href":"https:\/\/diariodominicano.com\/index.php?rest_route=\/wp\/v2\/posts\/36489\/revisions"}],"wp:attachment":[{"href":"https:\/\/diariodominicano.com\/index.php?rest_route=%2Fwp%2Fv2%2Fmedia&parent=36489"}],"wp:term":[{"taxonomy":"category","embeddable":true,"href":"https:\/\/diariodominicano.com\/index.php?rest_route=%2Fwp%2Fv2%2Fcategories&post=36489"},{"taxonomy":"post_tag","embeddable":true,"href":"https:\/\/diariodominicano.com\/index.php?rest_route=%2Fwp%2Fv2%2Ftags&post=36489"}],"curies":[{"name":"wp","href":"https:\/\/api.w.org\/{rel}","templated":true}]}}