{"id":36488,"date":"2008-01-22T03:47:19","date_gmt":"2008-01-22T03:47:19","guid":{"rendered":"http:\/\/diariodominicano.ddns.net\/?p=36488"},"modified":"2008-01-22T03:47:19","modified_gmt":"2008-01-22T03:47:19","slug":"dr-manuel-antonio-tejada-florentino-abanderado-del-decoro-y-la-dignidad-nacional","status":"publish","type":"post","link":"https:\/\/diariodominicano.com\/?p=36488","title":{"rendered":"Dr. Manuel Antonio Tejada Florentino Abanderado del Decoro y la Dignidad Nacional"},"content":{"rendered":"<p><body><\/p>\n<p align=\"justify\" class=\"textogrande\"><span class=\"titulogrande1\"><br \/>&#13;<br \/>\n  Dr. Manuel  Antonio Tejada Florentino <strong>Abanderado del  Decoro y la Dignidad Nacional<\/strong><\/span><br \/>&#13;<br \/>\n  <br \/>&#13;<br \/>\n  <strong>-Apuntes  Biogr\u00e1ficos-<\/strong><strong> <\/strong><br \/>&#13;<br \/>\n  <br \/>&#13;<br \/>\n  <strong>Por:<\/strong> Ju\u00e1n Cruz Triffolio<\/p>\n<p>&#13;<\/p>\n<p align=\"justify\" class=\"text1noticias\"><img loading=\"lazy\" decoding=\"async\" src=\"http:\/\/10.0.0.82:8080\/pictures\/tejada florentino.jpg\" width=\"269\" height=\"308\" hspace=\"4\" align=\"left\" \/>El 19 de enero de cada a\u00f1o  es un d\u00eda de imborrable significaci\u00f3n para los hijos de la otrora Juana N\u00fa\u00f1ez,  hoy provincia de Salcedo.<\/p>\n<p>&#13;<\/p>\n<p align=\"justify\" class=\"text1noticias\">De aquel 19 de enero,  1960, ser\u00e1 dif\u00edcil olvidar la manera cruel y descarada como actuaron los  serviles del s\u00e1trapa de San Crist\u00f3bal para arrancarle la vida al doctor Manuel  Antonio Tejada Florentino, ejemplarizante m\u00e9dico, humanista y pol\u00edtico dominicano. <\/p>\n<p>&#13;<\/p>\n<p align=\"justify\" class=\"text1noticias\">Tejada Florentino, gloria  salcedense, naci\u00f3 el 17 de diciembre, 1907, hijo de do\u00f1a Mar\u00eda Heriberta Tejada  y Luis Mar\u00eda   Florentino -Luis Tut\u00fa. <\/p>\n<p>&#13;<\/p>\n<p align=\"justify\" class=\"text1noticias\">Cuando a penas ten\u00eda  tres a\u00f1os de edad, logr\u00f3 realizar su primer trabajo remunerado: llevar el caf\u00e9,  diariamente, a un se\u00f1or de la ciudad de Salcedo. <\/p>\n<p>&#13;<\/p>\n<p align=\"justify\" class=\"text1noticias\">Luego, se convierte en  limpiabotas para con el dinero generado aportar a la limitada econom\u00eda que  prevalec\u00eda en su modesta familia. <\/p>\n<p>&#13;<\/p>\n<p align=\"justify\" class=\"text1noticias\">Sobre la base del  sacrificio y el trabajo, unas veces como aguatero, m\u00fasico, ebanista, entre  otros oficios, termin\u00f3 gradu\u00e1ndose como m\u00e9dico en la Universidad de Santo  Domingo y luego en uno de los primeros cardi\u00f3logos del pa\u00eds, especialidad que  alcanz\u00f3 en la   Universidad Nacional de M\u00e9xico -UNAM- <\/p>\n<p>&#13;<\/p>\n<p align=\"justify\" class=\"text1noticias\">Su sensibilidad humana y  su solidaridad con los m\u00e1s pobres llevaron al ap\u00f3stol de la medicina  salcedense, Manuel Antonio Tejada Florentino, a incursionar de lleno a la  pol\u00edtica partidaria en el Movimiento 14 de Junio y l\u00f3gicamente, a asumir una  posici\u00f3n radicalmente opuesta a los principios y las acciones sanguinarias de  la dictadura\u00a0trujillista. <\/p>\n<p>&#13;<\/p>\n<p align=\"justify\" class=\"text1noticias\">Su oposici\u00f3n fue tan  absoluta que tuvo que pagar con su desaparici\u00f3n f\u00edsica un 19 de enero de 1960,  en el momento en que cumpl\u00eda con sus responsabilidades de m\u00e9dico en un centro  hospitalario de\u00a0la ciudad de Santo Domingo. <\/p>\n<p>&#13;<\/p>\n<p align=\"justify\" class=\"text1noticias\">Sobre ese lamentable  suceso, el Dr. Antonio Zaglul, eminente siquiatra y amigo entra\u00f1able del galeno  hijo de Salcedo, cuenta que el lunes 19 de enero de 1960, el Dr. Manuel Antonio  Tejada Florentino sali\u00f3 de su casa, como de costumbre, para dirigirse a su  trabajo en el Hospital Dr. Salvador B. Gautier, a las 9 y media de la ma\u00f1ana,  su esposa Sof\u00eda Tabar (Do\u00f1a Nena) mantiene con \u00e9l, a trav\u00e9s del hilo  telef\u00f3nico, la que ser\u00eda su \u00faltima conversaci\u00f3n. <\/p>\n<p>&#13;<\/p>\n<p align=\"justify\" class=\"text1noticias\">Agrega que agentes del  Servicio de Inteligencia Militar -SIM- se hab\u00edan presentado al Hospital para  hacerle prisionero. <\/p>\n<p>&#13;<\/p>\n<p align=\"justify\" class=\"text1noticias\">Incautaron su carro con  todas las pertenencias. <br \/>&#13;<br \/>\n  <br \/>&#13;<br \/>\n  Se supone que fuera  conducido a la tenebrosa c\u00e1rcel de\u00a0La Cuarenta. <br \/>&#13;<br \/>\n  <br \/>&#13;<br \/>\n  M\u00e1s tarde, una comisi\u00f3n  del SIM se aperson\u00f3 a la casa para requerir de Do\u00f1a Nena que se le entregara el  arma que con permiso oficial ten\u00eda el Dr. Tejada Florentino. <\/p>\n<p>&#13;<\/p>\n<p align=\"justify\" class=\"text1noticias\">En relaci\u00f3n con su  detenci\u00f3n, el\u00a0Dr. Antonio Zaglul, que en paz descanse, expresa que:  \u00abCuando lo detuvieron, todos sus amigos estaban optimistas menos yo. Lo  conoc\u00eda muy bien y sab\u00eda que no resistir\u00eda ninguna humillaci\u00f3n, ning\u00fan vejamen.  Era demasiado valiente\u00bb. <\/p>\n<p>&#13;<\/p>\n<p align=\"justify\" class=\"text1noticias\">Y con su muerte sell\u00f3 su  compromiso con la Patria..!!<\/p>\n<p>&#13;<\/p>\n<p align=\"justify\" class=\"text1noticias\">Loor y respeto al Dr.  Manuel Antonio Tejada Florentino, m\u00e1rtir y ejemplo de Salcedo&#8230;..<\/p>\n<p>&#13;<\/p>\n<h6> 2008-01-22 03:47:19 <\/h6>\n<p><!--\n<link rel=\"stylesheet\" href=\"css\/bootstrap.min.css\">\n\n\n<ul class=\"pagination\">\n\t    \n\t\n\n<li >\n\t<a href='?page_no=12345'>Previous<\/a>\n\t<\/li>\n\n\n       \n    \n\n<li><a href='?page_no=1'>1<\/a><\/li>\n\n\n\n<li><a href='?page_no=2'>2<\/a><\/li>\n\n\n\n<li><a>...<\/a><\/li>\n\n\n\n<li><a href='?page_no=12344'>12344<\/a><\/li>\n\n\n\n<li><a href='?page_no=12345'>12345<\/a><\/li>\n\n\n\n<li class='active'><a>12346<\/a><\/li>\n\n\n\n<li><a href='?page_no=12347'>12347<\/a><\/li>\n\n\n\n<li><a href='?page_no=12348'>12348<\/a><\/li>\n\n\n\n<li><a>...<\/a><\/li>\n\n\n\n<li><a href='?page_no=13611'>13611<\/a><\/li>\n\n\n\n<li><a href='?page_no=13612'>13612<\/a><\/li>\n\n    \n\t\n\n<li >\n\t<a href='?page_no=12347'>Next<\/a>\n\t<\/li>\n\n\n    \n\n<li><a href='?page_no=13612'>Last &rsaquo;&rsaquo;<\/a><\/li>\n\n<\/ul>\n\n\n--><br \/>\n<\/body><\/p>\n","protected":false},"excerpt":{"rendered":"<p>&#13; Dr. Manuel Antonio Tejada Florentino Abanderado del Decoro y la Dignidad Nacional&#13; &#13; -Apuntes Biogr\u00e1ficos- &#13; &#13; Por: Ju\u00e1n Cruz Triffolio &#13; El 19 de enero de cada a\u00f1o es un d\u00eda de imborrable significaci\u00f3n para los hijos de la otrora Juana N\u00fa\u00f1ez, hoy provincia de Salcedo. &#13; De aquel 19 de enero, 1960, [&hellip;]<\/p>\n","protected":false},"author":3,"featured_media":0,"comment_status":"open","ping_status":"open","sticky":false,"template":"","format":"standard","meta":{"footnotes":""},"categories":[16],"tags":[],"class_list":["post-36488","post","type-post","status-publish","format-standard","hentry","category-opiniones"],"_links":{"self":[{"href":"https:\/\/diariodominicano.com\/index.php?rest_route=\/wp\/v2\/posts\/36488","targetHints":{"allow":["GET"]}}],"collection":[{"href":"https:\/\/diariodominicano.com\/index.php?rest_route=\/wp\/v2\/posts"}],"about":[{"href":"https:\/\/diariodominicano.com\/index.php?rest_route=\/wp\/v2\/types\/post"}],"author":[{"embeddable":true,"href":"https:\/\/diariodominicano.com\/index.php?rest_route=\/wp\/v2\/users\/3"}],"replies":[{"embeddable":true,"href":"https:\/\/diariodominicano.com\/index.php?rest_route=%2Fwp%2Fv2%2Fcomments&post=36488"}],"version-history":[{"count":0,"href":"https:\/\/diariodominicano.com\/index.php?rest_route=\/wp\/v2\/posts\/36488\/revisions"}],"wp:attachment":[{"href":"https:\/\/diariodominicano.com\/index.php?rest_route=%2Fwp%2Fv2%2Fmedia&parent=36488"}],"wp:term":[{"taxonomy":"category","embeddable":true,"href":"https:\/\/diariodominicano.com\/index.php?rest_route=%2Fwp%2Fv2%2Fcategories&post=36488"},{"taxonomy":"post_tag","embeddable":true,"href":"https:\/\/diariodominicano.com\/index.php?rest_route=%2Fwp%2Fv2%2Ftags&post=36488"}],"curies":[{"name":"wp","href":"https:\/\/api.w.org\/{rel}","templated":true}]}}