{"id":36487,"date":"2008-01-24T03:13:23","date_gmt":"2008-01-24T03:13:23","guid":{"rendered":"http:\/\/diariodominicano.ddns.net\/?p=36487"},"modified":"2008-01-24T03:13:23","modified_gmt":"2008-01-24T03:13:23","slug":"de-periodista-a-periodista","status":"publish","type":"post","link":"https:\/\/diariodominicano.com\/?p=36487","title":{"rendered":"De periodista a periodista"},"content":{"rendered":"<p><body><\/p>\n<p><strong class=\"titulogrande1\">De  periodista a periodista<\/strong><br \/>&#13;<br \/>\n  <br \/>&#13;<br \/>\n    <strong>Por <\/strong><span class=\"textogrande\">Ruddy L Gonz\u00e1lez<\/span><\/p>\n<p>&#13;<\/p>\n<p align=\"justify\" class=\"text1noticias\">Un lector de mis columnas semanales en el List\u00edn me  envi\u00f3 un par de e-mail en los que, con todo su derecho, cuestiona duramente el  tono de mis comentarios en relaci\u00f3n a la lucha electoral por la Presidencia de la Rep\u00fablica.<br \/>&#13;<br \/>\n  <br \/>&#13;<br \/>\n  Me exige ese lector una explicaci\u00f3n de porque,  interpreta, apoyo el proyecto de Leonel Fern\u00e1ndez y critico y me opongo a la  candidatura de Miguel Vargas y, en sus e-mail, trata de explicarme porque \u00e9l  respalda la candidatura perrede\u00edsta.<br \/>&#13;<br \/>\n  <br \/>&#13;<br \/>\n  M\u00e1s a\u00fan, ese lector me pone como \u2018ejemplos\u2019 de  independencia e imparcialidad los art\u00edculos que dos entra\u00f1ables amigos  periodistas publican en la prensa escrita, en los que fijan posiciones  contrarias a la reelecci\u00f3n y duras cr\u00edticas a Fern\u00e1ndez y su Gobierno.<br \/>&#13;<br \/>\n  <br \/>&#13;<br \/>\n  No cuestiono periodistas ni comentaristas. Cada uno es  responsable, como yo lo soy, de lo que escribe y\/o dice y de como act\u00faa y de  ello no les pido cuentas y menos los critico en p\u00fablico, aunque lo hiciera  personalmente en alguna circunstancia determinada.<br \/>&#13;<br \/>\n  <br \/>&#13;<br \/>\n  Creo que los periodistas nos debemos al escrutinio de  nuestros lectores en el caso de los que hacemos opini\u00f3n en la prensa escrita- y  soy de los que siempre he respondido las cr\u00edtica, p\u00fablicas y privadas en lo  referente a mi l\u00ednea conductual profesional. Lo hice siempre a lo largo de los  a\u00f1os que dirig\u00ed Ultima Hora, donde ninguna cr\u00edtica a una informaci\u00f3n, un  comentario, un editorial, un titular, qued\u00f3 en una gaveta.<br \/>&#13;<br \/>\n  <br \/>&#13;<br \/>\n  A este lector, que adem\u00e1s de los e-mail que me envi\u00f3  criticando mis columnas y que respond\u00ed por la misma v\u00eda, coloc\u00f3 sus cr\u00edticas y  comentarios debajo de uno de mis escritos en este peri\u00f3dico y reproducidos en  diarioadiario.com.do, nuestro peri\u00f3dico en Internet, le digo lo siguiente:<br \/>&#13;<br \/>\n  <br \/>&#13;<br \/>\n  -Desde la   Direcci\u00f3n de Ultima Hora abogu\u00e9 siempre, en varios  editoriales incluso, porque los medios, analistas y comentaristas fijen  posiciones p\u00fablicas a favor del proyecto pol\u00edtico en que crean en los procesos  electorales, como hacen los grandes columnistas y la gran prensa norteamericana  y europea, sin que ello vulnere la objetividad noticiosa, ya que la cobertura  de los hechos debe ser igual para todos pues de lo contrario ser\u00eda una grosera  manipulaci\u00f3n en perjuicio, precisamente, del lector que debe recibir de la  prensa todas las rese\u00f1as de los hechos y de ellos sacar sus propias  conclusiones.<br \/>&#13;<br \/>\n  <br \/>&#13;<br \/>\n  -Creo que de los proyectos pol\u00edticos presentados en el  momento, de cara a las votaciones del 16 de mayo pr\u00f3ximo, el que sustenta  Leonel Fern\u00e1ndez es m\u00e1s concreto, con m\u00e1s visi\u00f3n de pa\u00eds y el mejor encaminado  a enfrentar, y con \u00e9xito, los m\u00faltiples problemas que padecemos.<br \/>&#13;<br \/>\n  <br \/>&#13;<br \/>\n  -Hip\u00f3lito Mej\u00eda sumi\u00f3 al pa\u00eds en el peor caos que haya  sufrido la naci\u00f3n en gran parte de su historia republicana, al irrespetar la  amistad y traicionar cobardemente a la mano que fue factor importante para  obtener y sostener el poder que acumul\u00f3 y que us\u00f3 para atropellar, humillar,  amenazar a estos y a todo el que se le atravesara en el medio. Fui v\u00edctima de  esa banda que conspir\u00f3 y maltrat\u00f3 a un pa\u00eds cuyo Presidente se crey\u00f3 y  pretendi\u00f3 hacer creer que era parte de su finca privada, cuando dispuso la  ocupaci\u00f3n arbitraria y posterior cierre del medio period\u00edstico en que  trabajaba. M\u00faltiples veces he dicho en mis columnas y comentarios en los  programas de televisi\u00f3n en que participo que me repugna confiar en un proyecto  pol\u00edtico donde este hombre y su jaur\u00eda de \u2018asesores\u2019 sean parte vertebral.<br \/>&#13;<br \/>\n  <br \/>&#13;<br \/>\n  \u00a1Ah! pero la parte quiz\u00e1s m\u00e1s interesante de este  comentario es decirles, a los que dedican unos minutos en leer estas columnas,  que quien tan duras cr\u00edticas me hace en los e-mail y comentarios sobre mis  art\u00edculos y que motiva esta columna de hoy, es nada m\u00e1s y nada menos que un  connotado amigo periodista, de esos que se proclaman del todo \u2018independiente\u2019,  pero siempre a partir de la acera de enfrente ya que no se molesta en criticar  mi preferencia al tratar, precisamente, de justificar porque \u00e9l defiende y  promueve en sus escritos la candidatura de Miguel Vargas.<br \/>&#13;<br \/>\n  <br \/>&#13;<br \/>\n  List\u00edn Diario<\/p>\n<p>&#13;<\/p>\n<h6> 2008-01-24 03:13:23 <\/h6>\n<p><!--\n<link rel=\"stylesheet\" href=\"css\/bootstrap.min.css\">\n\n\n<ul class=\"pagination\">\n\t    \n\t\n\n<li >\n\t<a href='?page_no=12344'>Previous<\/a>\n\t<\/li>\n\n\n       \n    \n\n<li><a href='?page_no=1'>1<\/a><\/li>\n\n\n\n<li><a href='?page_no=2'>2<\/a><\/li>\n\n\n\n<li><a>...<\/a><\/li>\n\n\n\n<li><a href='?page_no=12343'>12343<\/a><\/li>\n\n\n\n<li><a href='?page_no=12344'>12344<\/a><\/li>\n\n\n\n<li class='active'><a>12345<\/a><\/li>\n\n\n\n<li><a href='?page_no=12346'>12346<\/a><\/li>\n\n\n\n<li><a href='?page_no=12347'>12347<\/a><\/li>\n\n\n\n<li><a>...<\/a><\/li>\n\n\n\n<li><a href='?page_no=13611'>13611<\/a><\/li>\n\n\n\n<li><a href='?page_no=13612'>13612<\/a><\/li>\n\n    \n\t\n\n<li >\n\t<a href='?page_no=12346'>Next<\/a>\n\t<\/li>\n\n\n    \n\n<li><a href='?page_no=13612'>Last &rsaquo;&rsaquo;<\/a><\/li>\n\n<\/ul>\n\n\n--><br \/>\n<\/body><\/p>\n","protected":false},"excerpt":{"rendered":"<p>De periodista a periodista&#13; &#13; Por Ruddy L Gonz\u00e1lez &#13; Un lector de mis columnas semanales en el List\u00edn me envi\u00f3 un par de e-mail en los que, con todo su derecho, cuestiona duramente el tono de mis comentarios en relaci\u00f3n a la lucha electoral por la Presidencia de la Rep\u00fablica.&#13; &#13; Me exige ese [&hellip;]<\/p>\n","protected":false},"author":3,"featured_media":0,"comment_status":"open","ping_status":"open","sticky":false,"template":"","format":"standard","meta":{"footnotes":""},"categories":[16],"tags":[],"class_list":["post-36487","post","type-post","status-publish","format-standard","hentry","category-opiniones"],"_links":{"self":[{"href":"https:\/\/diariodominicano.com\/index.php?rest_route=\/wp\/v2\/posts\/36487","targetHints":{"allow":["GET"]}}],"collection":[{"href":"https:\/\/diariodominicano.com\/index.php?rest_route=\/wp\/v2\/posts"}],"about":[{"href":"https:\/\/diariodominicano.com\/index.php?rest_route=\/wp\/v2\/types\/post"}],"author":[{"embeddable":true,"href":"https:\/\/diariodominicano.com\/index.php?rest_route=\/wp\/v2\/users\/3"}],"replies":[{"embeddable":true,"href":"https:\/\/diariodominicano.com\/index.php?rest_route=%2Fwp%2Fv2%2Fcomments&post=36487"}],"version-history":[{"count":0,"href":"https:\/\/diariodominicano.com\/index.php?rest_route=\/wp\/v2\/posts\/36487\/revisions"}],"wp:attachment":[{"href":"https:\/\/diariodominicano.com\/index.php?rest_route=%2Fwp%2Fv2%2Fmedia&parent=36487"}],"wp:term":[{"taxonomy":"category","embeddable":true,"href":"https:\/\/diariodominicano.com\/index.php?rest_route=%2Fwp%2Fv2%2Fcategories&post=36487"},{"taxonomy":"post_tag","embeddable":true,"href":"https:\/\/diariodominicano.com\/index.php?rest_route=%2Fwp%2Fv2%2Ftags&post=36487"}],"curies":[{"name":"wp","href":"https:\/\/api.w.org\/{rel}","templated":true}]}}