{"id":36486,"date":"2008-01-24T15:18:18","date_gmt":"2008-01-24T15:18:18","guid":{"rendered":"http:\/\/diariodominicano.ddns.net\/?p=36486"},"modified":"2008-01-24T15:18:18","modified_gmt":"2008-01-24T15:18:18","slug":"miguel-vargas-y-la-tendencia-electoral","status":"publish","type":"post","link":"https:\/\/diariodominicano.com\/?p=36486","title":{"rendered":"Miguel Vargas y la Tendencia Electoral"},"content":{"rendered":"<p><body><\/p>\n<p class=\"titulogrande1\"><strong>Miguel Vargas y la Tendencia Electoral<\/strong><\/p>\n<p>&#13;<\/p>\n<p align=\"justify\" class=\"text1noticias\">El s\u00e1bado 19 de  enero marc\u00f3 la pauta de cu\u00e1l es la tendencia\u00a0  que ha tomado el electorado dominicano con relaci\u00f3n a los candidatos a  la presidencia de la Rep\u00fablica  de cara a las venideras elecciones del pr\u00f3ximo mes de mayo. La presencia  masiva, en todas las provincias del pa\u00eds, de personas que est\u00e1n apoyando la  candidatura de Miguel Vargas viene a confirmar el hecho de que est\u00e1n dadas las  condiciones\u00a0 para convertirlo en presidente  en la primera vuelta electoral. <\/p>\n<p>&#13;<\/p>\n<p align=\"justify\" class=\"text1noticias\">Esa tendencia  electoral se ve favorecida porque los actos de la reelecci\u00f3n, cada d\u00eda, son  menos concurridos y se advierten se\u00f1ales de desesperaci\u00f3n en el litoral reelecionista  con acusaciones temerarias y alejadas del control emocional que debe prevalecer  \u00a0en todo aquel que tiene el compromiso de  comportarse de acuerdo con la posici\u00f3n y jerarqu\u00eda que ocupa frente a sus  conciudadanos.<\/p>\n<p>&#13;<\/p>\n<p align=\"justify\" class=\"text1noticias\">La tendencia  electoral del Ing. Miguel Vargas se ve favorecida, de cara a las elecciones de  mayo, porque su discurso y sus propuestas \u201cvan al grano\u201d, en el sentido de que  no hay desperdicios ni insultos en sus planeamientos. La fortaleza de la  tendencia electoral de Miguel Vargas es notoria por lo puntual de sus  se\u00f1alamientos. En este aspecto, \u00e9l est\u00e1 diciendo al pa\u00eds que bajar\u00e1 el itebis y  el impuesto sobre la renta de un 25   a un\u00a0 15%. Estas  medidas, como es natural, se traducir\u00e1n en una disminuci\u00f3n de los precios de  muchos art\u00edculos de la canasta familiar. <\/p>\n<p>&#13;<\/p>\n<p align=\"justify\" class=\"text1noticias\">El hecho de el  Ing. Miguel Vargas se haya comprometido ante el\u00a0  pa\u00eds a reducir la tarifa el\u00e9ctrica, renegociando los contratos  vigentes\u00a0 que en la actualidad se est\u00e1n  comiendo el presupuesto familiar de los pobres y la clase media, es una noticia  alentadora, pero adem\u00e1s al plantear una disminuci\u00f3n\u00a0 de 9 peso en el gal\u00f3n de gas de cocinar y  comprometerse, desde ahora, a bajar la tasa de inter\u00e9s del Banco Agr\u00edcola de un  18% a un 10%, inmediatamente se asuma el gobierno, eso dice que la candidatura  del Ing. Vargas tiene razones sobradas para seguir creciendo.<\/p>\n<p>&#13;<\/p>\n<p align=\"justify\" class=\"text1noticias\">En la lucha  electoral y pol\u00edtica lo que\u00a0 prevalece y  se impone al momento de ejercer el voto son las necesidades de la gente; ellas  son las \u00fanicas que motorizan el que las personas asuman el compromiso de actuar  a favor de una causa pol\u00edtica o en favor de una candidatura y la realidad del  momento es que el peso de las necesidades de la gente esta compitiendo de  manera frontal con el comportamiento del gobierno, que desea llevar al animo de  la gente, por la incidencia y control que ejerce sobre los medios de  comunicaci\u00f3n, que su posici\u00f3n electoral es ventajosa, cuando todo el pa\u00eds sabe  que esa no es la realidad de la reelecci\u00f3n y el gobierno, eso quedara  desmentido el 16 de mayo. <br \/>&#13;<br \/>\n  \u00a0 <br \/>&#13;<br \/>\n  El compromiso de  aumentar en un 30% el salario de los empleados p\u00fablicos y el aumento duplicado  del n\u00famero de tarjetas a los sectores pobres con un aumento de un 50% en la  cantidad de dinero que va\u00a0 a beneficiar a  cada familia, viene tambi\u00e9n a sumarse a los aspectos que est\u00e1n favoreciendo la  simpat\u00eda y el apoyo creciente a la candidatura del Ing. Miguel Vargas.<\/p>\n<p>&#13;<\/p>\n<p align=\"justify\" class=\"text1noticias\">La realidad de  la tendencia electoral del momento es que aunque que hay un grupo en el  gobierno que desea quedarse a como de lugar, hay otra realidad que lo impide y  es que la mayor\u00eda del pa\u00eds ha decidido darle un giro a su situaci\u00f3n de indigencia  y hambre que esta padeciendo, por eso el cambio de rumbo a que esta abocado el  pa\u00eds, todo apunta a que quien lo encabeza es el Ing. Miguel Vargas con el  crecimiento que registra su candidatura y la tendencia electoral en auge que  esta exhibiendo en todo el pa\u00eds.<\/p>\n<p>&#13;<\/p>\n<p align=\"justify\" class=\"text1noticias\"><strong>Evelio Arroyo es Soci\u00f3logo, Abogado y Escritor. Es,  adem\u00e1s, Director Nacional de Comunicaciones y Estrategias del Movimiento en  L\u00ednea con Miguel,\u00a0 que preside el doctor  Francisco Fern\u00e1ndez<\/strong><\/p>\n<p>&#13;<\/p>\n<h6> 2008-01-24 15:18:18 <\/h6>\n<p><!--\n<link rel=\"stylesheet\" href=\"css\/bootstrap.min.css\">\n\n\n<ul class=\"pagination\">\n\t    \n\t\n\n<li >\n\t<a href='?page_no=12343'>Previous<\/a>\n\t<\/li>\n\n\n       \n    \n\n<li><a href='?page_no=1'>1<\/a><\/li>\n\n\n\n<li><a href='?page_no=2'>2<\/a><\/li>\n\n\n\n<li><a>...<\/a><\/li>\n\n\n\n<li><a href='?page_no=12342'>12342<\/a><\/li>\n\n\n\n<li><a href='?page_no=12343'>12343<\/a><\/li>\n\n\n\n<li class='active'><a>12344<\/a><\/li>\n\n\n\n<li><a href='?page_no=12345'>12345<\/a><\/li>\n\n\n\n<li><a href='?page_no=12346'>12346<\/a><\/li>\n\n\n\n<li><a>...<\/a><\/li>\n\n\n\n<li><a href='?page_no=13611'>13611<\/a><\/li>\n\n\n\n<li><a href='?page_no=13612'>13612<\/a><\/li>\n\n    \n\t\n\n<li >\n\t<a href='?page_no=12345'>Next<\/a>\n\t<\/li>\n\n\n    \n\n<li><a href='?page_no=13612'>Last &rsaquo;&rsaquo;<\/a><\/li>\n\n<\/ul>\n\n\n--><br \/>\n<\/body><\/p>\n","protected":false},"excerpt":{"rendered":"<p>Miguel Vargas y la Tendencia Electoral &#13; El s\u00e1bado 19 de enero marc\u00f3 la pauta de cu\u00e1l es la tendencia\u00a0 que ha tomado el electorado dominicano con relaci\u00f3n a los candidatos a la presidencia de la Rep\u00fablica de cara a las venideras elecciones del pr\u00f3ximo mes de mayo. La presencia masiva, en todas las provincias [&hellip;]<\/p>\n","protected":false},"author":3,"featured_media":0,"comment_status":"open","ping_status":"open","sticky":false,"template":"","format":"standard","meta":{"footnotes":""},"categories":[16],"tags":[],"class_list":["post-36486","post","type-post","status-publish","format-standard","hentry","category-opiniones"],"_links":{"self":[{"href":"https:\/\/diariodominicano.com\/index.php?rest_route=\/wp\/v2\/posts\/36486","targetHints":{"allow":["GET"]}}],"collection":[{"href":"https:\/\/diariodominicano.com\/index.php?rest_route=\/wp\/v2\/posts"}],"about":[{"href":"https:\/\/diariodominicano.com\/index.php?rest_route=\/wp\/v2\/types\/post"}],"author":[{"embeddable":true,"href":"https:\/\/diariodominicano.com\/index.php?rest_route=\/wp\/v2\/users\/3"}],"replies":[{"embeddable":true,"href":"https:\/\/diariodominicano.com\/index.php?rest_route=%2Fwp%2Fv2%2Fcomments&post=36486"}],"version-history":[{"count":0,"href":"https:\/\/diariodominicano.com\/index.php?rest_route=\/wp\/v2\/posts\/36486\/revisions"}],"wp:attachment":[{"href":"https:\/\/diariodominicano.com\/index.php?rest_route=%2Fwp%2Fv2%2Fmedia&parent=36486"}],"wp:term":[{"taxonomy":"category","embeddable":true,"href":"https:\/\/diariodominicano.com\/index.php?rest_route=%2Fwp%2Fv2%2Fcategories&post=36486"},{"taxonomy":"post_tag","embeddable":true,"href":"https:\/\/diariodominicano.com\/index.php?rest_route=%2Fwp%2Fv2%2Ftags&post=36486"}],"curies":[{"name":"wp","href":"https:\/\/api.w.org\/{rel}","templated":true}]}}