{"id":364858,"date":"2022-06-28T23:59:06","date_gmt":"2022-06-29T03:59:06","guid":{"rendered":"http:\/\/diariodominicano.com\/?p=364858"},"modified":"2022-06-28T23:59:06","modified_gmt":"2022-06-29T03:59:06","slug":"en-san-pedro-de-macoris-enfrentan-a-militares-estadounidenses","status":"publish","type":"post","link":"https:\/\/diariodominicano.com\/?p=364858","title":{"rendered":"En San Pedro de Macor\u00eds enfrentan a militares estadounidenses"},"content":{"rendered":"\n<p>SAN PEDRO DE MACORIS, el&nbsp; 29&nbsp; de junio de 1916, un grupo de dominicanos enfrent\u00f3 a militares de Estados Unidos que desembarcaron por Puerto Plata, como parte de la decisi\u00f3n del Gobierno estadounidense&nbsp; de invadir la Rep\u00fablica Dominicana.<\/p>\n\n\n\n<p>&nbsp;&nbsp;&nbsp; En la lucha contra los interventores muri\u00f3 el ciudadano dominicano Laito B\u00e1ez.<\/p>\n\n\n\n<p>&nbsp;&nbsp;&nbsp; El Gobierno de Estados Unidos, formaliz\u00f3 la ocupaci\u00f3n de la Rep\u00fablica Dominicana, el 29 de noviembre de 1916, y sus tropas se mantuvieron en el pa\u00eds hasta el, a\u00f1o 1924.<\/p>\n","protected":false},"excerpt":{"rendered":"<p>SAN PEDRO DE MACORIS, el&nbsp; 29&nbsp; de junio de 1916, un grupo de dominicanos enfrent\u00f3 a militares de Estados Unidos que desembarcaron por Puerto Plata, como parte de la decisi\u00f3n del Gobierno estadounidense&nbsp; de invadir la Rep\u00fablica Dominicana. &nbsp;&nbsp;&nbsp; En la lucha contra los interventores muri\u00f3 el ciudadano dominicano Laito B\u00e1ez. &nbsp;&nbsp;&nbsp; El Gobierno de [&hellip;]<\/p>\n","protected":false},"author":28,"featured_media":363370,"comment_status":"closed","ping_status":"","sticky":true,"template":"","format":"standard","meta":{"footnotes":""},"categories":[26,27],"tags":[],"class_list":["post-364858","post","type-post","status-publish","format-standard","has-post-thumbnail","hentry","category-efemerides","category-portada"],"_links":{"self":[{"href":"https:\/\/diariodominicano.com\/index.php?rest_route=\/wp\/v2\/posts\/364858","targetHints":{"allow":["GET"]}}],"collection":[{"href":"https:\/\/diariodominicano.com\/index.php?rest_route=\/wp\/v2\/posts"}],"about":[{"href":"https:\/\/diariodominicano.com\/index.php?rest_route=\/wp\/v2\/types\/post"}],"author":[{"embeddable":true,"href":"https:\/\/diariodominicano.com\/index.php?rest_route=\/wp\/v2\/users\/28"}],"replies":[{"embeddable":true,"href":"https:\/\/diariodominicano.com\/index.php?rest_route=%2Fwp%2Fv2%2Fcomments&post=364858"}],"version-history":[{"count":1,"href":"https:\/\/diariodominicano.com\/index.php?rest_route=\/wp\/v2\/posts\/364858\/revisions"}],"predecessor-version":[{"id":364862,"href":"https:\/\/diariodominicano.com\/index.php?rest_route=\/wp\/v2\/posts\/364858\/revisions\/364862"}],"wp:featuredmedia":[{"embeddable":true,"href":"https:\/\/diariodominicano.com\/index.php?rest_route=\/wp\/v2\/media\/363370"}],"wp:attachment":[{"href":"https:\/\/diariodominicano.com\/index.php?rest_route=%2Fwp%2Fv2%2Fmedia&parent=364858"}],"wp:term":[{"taxonomy":"category","embeddable":true,"href":"https:\/\/diariodominicano.com\/index.php?rest_route=%2Fwp%2Fv2%2Fcategories&post=364858"},{"taxonomy":"post_tag","embeddable":true,"href":"https:\/\/diariodominicano.com\/index.php?rest_route=%2Fwp%2Fv2%2Ftags&post=364858"}],"curies":[{"name":"wp","href":"https:\/\/api.w.org\/{rel}","templated":true}]}}