{"id":36485,"date":"2008-01-24T15:21:47","date_gmt":"2008-01-24T15:21:47","guid":{"rendered":"http:\/\/diariodominicano.ddns.net\/?p=36485"},"modified":"2008-01-24T15:21:47","modified_gmt":"2008-01-24T15:21:47","slug":"el-lider-y-su-organizacion-politica","status":"publish","type":"post","link":"https:\/\/diariodominicano.com\/?p=36485","title":{"rendered":"El L\u00edder y su Organizaci\u00f3n Pol\u00edtica"},"content":{"rendered":"<p><body><\/p>\n<p class=\"titulogrande1\"><strong>El L\u00edder y su Organizaci\u00f3n Pol\u00edtica<\/strong><\/p>\n<p>&#13;<\/p>\n<p align=\"justify\" class=\"text1noticias\">Cuando hablamos de la  organizaci\u00f3n el l\u00edder pol\u00edtico debe tener presente que \u00e9sta es la fuente de  poder por excelencia para el manejo del Estado. \u00bfY qu\u00e9 es una organizaci\u00f3n?  Hablamos de organizaci\u00f3n pol\u00edtica cuando nos referimos a un determinado  n\u00famero\u00a0 de personas que se unen para  luchar por un objetivo com\u00fan. La organizaci\u00f3n por excelencia para el l\u00edder\u00a0 es el partido pol\u00edtico, a trav\u00e9s del partido  es que el l\u00edder puede\u00a0 llevar a cabo sus  acciones y\u00a0 hacer realidad sus objetivos,  ya que como organizaci\u00f3n no s\u00f3lo aglutina un n\u00famero determinado de personas,  sino que\u00a0 a trav\u00e9s de \u00e9sta los electores  pueden expresar su voluntad y a trav\u00e9s de las elecciones para favorecerlo o  para quitarle la oportunidad al l\u00edder de que pueda llegar al poder para dirigir  el Estado.\u00a0\u00a0\u00a0\u00a0\u00a0\u00a0\u00a0\u00a0\u00a0\u00a0\u00a0\u00a0\u00a0\u00a0\u00a0\u00a0\u00a0\u00a0\u00a0\u00a0\u00a0\u00a0\u00a0\u00a0\u00a0\u00a0\u00a0\u00a0\u00a0\u00a0\u00a0\u00a0\u00a0  <\/p>\n<p>&#13;<\/p>\n<p align=\"justify\" class=\"text1noticias\">El l\u00edder debe estar consciente  que sin cohesi\u00f3n interna en la organizaci\u00f3n pol\u00edtica no hay posibilidad de  lograr los objetivos comunes que la misma se ha trazado. Por eso, sus esfuerzos  y energ\u00edas deben siempre orientarse\u00a0 a persuadir  a toda su organizaci\u00f3n de cu\u00e1les son sus fines, para de esa manera obtener un  apoyo mayoritario a sus decisiones dentro de \u00e9sta. El l\u00edder debe preocuparse  porque su organizaci\u00f3n sea una expresi\u00f3n organizada\u00a0 de poder, ya que si la desorganizaci\u00f3n y las  disidencias se hacen presentes en el plano interno, los objetivos de  llegar\u00a0 a controlar el poder, a trav\u00e9s  del gobierno se diluyen.\u00a0\u00a0\u00a0 <\/p>\n<p>&#13;<\/p>\n<p align=\"justify\" class=\"text1noticias\">Cuando se conjugan una  organizaci\u00f3n con gran cohesi\u00f3n interna y un liderazgo que tiene acceso a la propiedad y\u00a0 a las riquezas de los sectores\u00a0 econ\u00f3micos representativos, se puede afirmar  que estamos frente a una organizaci\u00f3n con amplias posibilidades de  ensanchar\u00a0 su espacio en el seno de la  sociedad \u00a0y de su gente, y por tanto de  incidir y decidir\u00a0 en sus decisiones m\u00e1s  importantes. Cuando una organizaci\u00f3n tiene acceso a la propiedad y a una fuerte  personalidad en su liderazgo, es evidente que una organizaci\u00f3n con esas  caracter\u00edsticas\u00a0 est\u00e1 en el umbral de  acceder al control y conducci\u00f3n del Estado.\u00a0\u00a0\u00a0\u00a0\u00a0\u00a0\u00a0\u00a0 <\/p>\n<p>&#13;<\/p>\n<p align=\"justify\" class=\"text1noticias\">El l\u00edder pol\u00edtico no debe perder  de vista\u00a0 el aspecto relacionado con la  creencia condicionada Esto es, que el l\u00edder\u00a0  debe aplicar y justificar el condicionamiento social para lograr, por  medio de sus actuaciones y decisiones en el Estado, desde una perspectiva  general, el condicionamiento de las creencias por medio del consenso de las  voluntades internas que hacen vida en la sociedad y en su organizaci\u00f3n  pol\u00edtica. Adem\u00e1s el poder condicionado que el l\u00edder ponga en pr\u00e1ctica en el  seno de la organizaci\u00f3n debe orientarse a unificar las creencias y puntos de  vista que desde\u00a0 el gobierno tienen sus  dirigentes y sus seguidores.<br \/>&#13;<br \/>\n\u00a0\u00a0\u00a0\u00a0\u00a0\u00a0\u00a0\u00a0\u00a0\u00a0\u00a0\u00a0\u00a0\u00a0\u00a0\u00a0\u00a0\u00a0\u00a0\u00a0\u00a0\u00a0\u00a0\u00a0\u00a0\u00a0\u00a0\u00a0\u00a0\u00a0\u00a0\u00a0\u00a0\u00a0\u00a0\u00a0\u00a0\u00a0\u00a0\u00a0\u00a0\u00a0\u00a0\u00a0\u00a0\u00a0\u00a0\u00a0\u00a0\u00a0\u00a0\u00a0\u00a0\u00a0\u00a0\u00a0\u00a0\u00a0\u00a0\u00a0\u00a0\u00a0\u00a0\u00a0\u00a0\u00a0\u00a0\u00a0\u00a0\u00a0\u00a0\u00a0\u00a0\u00a0\u00a0\u00a0\u00a0\u00a0\u00a0\u00a0\u00a0\u00a0\u00a0\u00a0\u00a0\u00a0\u00a0\u00a0\u00a0\u00a0\u00a0\u00a0\u00a0  \u00a0\u00a0\u00a0\u00a0\u00a0\u00a0\u00a0\u00a0<br \/>&#13;<br \/>\nComo el poder condicionado que  el\u00a0 l\u00edder pone en ejecuci\u00f3n es m\u00e1s f\u00e1cil  de ser aceptado por sus seguidores en\u00a0 el  gobierno, se\u00a0 aconseja que para este  obtener la sumisi\u00f3n de la voluntad mayoritaria de la sociedad\u00a0 a sus ideas y pensamientos, es m\u00e1s  conveniente\u00a0 auxiliarse del poder  condicionado. En otras palabras,\u00a0 esto  quiere decir que es m\u00e1s apropiado para el l\u00edder\u00a0  auxiliarse del condicionamiento explicito, a trav\u00e9s de la propaganda  por\u00a0 los medios de difusi\u00f3n masiva,  porque ello le permite con mayor facilidad, en el plano nacional, lograr los  designios y aspiraciones de su liderazgo.\u00a0\u00a0\u00a0\u00a0\u00a0\u00a0\u00a0\u00a0\u00a0\u00a0\u00a0\u00a0\u00a0\u00a0\u00a0\u00a0\u00a0\u00a0\u00a0\u00a0\u00a0\u00a0\u00a0\u00a0\u00a0\u00a0\u00a0\u00a0\u00a0\u00a0\u00a0\u00a0\u00a0\u00a0\u00a0\u00a0\u00a0\u00a0\u00a0\u00a0\u00a0\u00a0\u00a0 <\/p>\n<p>&#13;<\/p>\n<p align=\"justify\" class=\"text1noticias\">En cuanto a obtener sumisi\u00f3n de  sus seguidores y del grupo en el gobierno, el l\u00edder debe utilizar el poder  condicionado, pero de forma impl\u00edcita, que es obtener una sumisi\u00f3n casi  autom\u00e1tica de sus seguidores ,ya que en su condici\u00f3n de l\u00edder del pa\u00eds y del  gobierno le es f\u00e1cil contar con la voluntad y creencia de sus gentes , y en  casos contrario este podr\u00eda aplicar\u00a0  otras medidas que contemplan el poder\u00a0  compensatorio y el condicionado para lograr adhesi\u00f3n o creencia como son  el dinero y la persuasi\u00f3n en el logro de sus objetivos.\u00a0 <\/p>\n<p>&#13;<\/p>\n<p align=\"justify\" class=\"text1noticias\"><strong>Evelio Arroyo es Soci\u00f3logo, Abogado y  Escritor. Estos temas son publicados del libro \u201cLideres y Liderazgo\u201d de su  autor\u00eda. \u00a0<\/strong><\/p>\n<p>&#13;<\/p>\n<h6> 2008-01-24 15:21:47 <\/h6>\n<p><!--\n<link rel=\"stylesheet\" href=\"css\/bootstrap.min.css\">\n\n\n<ul class=\"pagination\">\n\t    \n\t\n\n<li >\n\t<a href='?page_no=12342'>Previous<\/a>\n\t<\/li>\n\n\n       \n    \n\n<li><a href='?page_no=1'>1<\/a><\/li>\n\n\n\n<li><a href='?page_no=2'>2<\/a><\/li>\n\n\n\n<li><a>...<\/a><\/li>\n\n\n\n<li><a href='?page_no=12341'>12341<\/a><\/li>\n\n\n\n<li><a href='?page_no=12342'>12342<\/a><\/li>\n\n\n\n<li class='active'><a>12343<\/a><\/li>\n\n\n\n<li><a href='?page_no=12344'>12344<\/a><\/li>\n\n\n\n<li><a href='?page_no=12345'>12345<\/a><\/li>\n\n\n\n<li><a>...<\/a><\/li>\n\n\n\n<li><a href='?page_no=13611'>13611<\/a><\/li>\n\n\n\n<li><a href='?page_no=13612'>13612<\/a><\/li>\n\n    \n\t\n\n<li >\n\t<a href='?page_no=12344'>Next<\/a>\n\t<\/li>\n\n\n    \n\n<li><a href='?page_no=13612'>Last &rsaquo;&rsaquo;<\/a><\/li>\n\n<\/ul>\n\n\n--><br \/>\n<\/body><\/p>\n","protected":false},"excerpt":{"rendered":"<p>El L\u00edder y su Organizaci\u00f3n Pol\u00edtica &#13; Cuando hablamos de la organizaci\u00f3n el l\u00edder pol\u00edtico debe tener presente que \u00e9sta es la fuente de poder por excelencia para el manejo del Estado. \u00bfY qu\u00e9 es una organizaci\u00f3n? Hablamos de organizaci\u00f3n pol\u00edtica cuando nos referimos a un determinado n\u00famero\u00a0 de personas que se unen para luchar [&hellip;]<\/p>\n","protected":false},"author":3,"featured_media":0,"comment_status":"open","ping_status":"open","sticky":false,"template":"","format":"standard","meta":{"footnotes":""},"categories":[16],"tags":[],"class_list":["post-36485","post","type-post","status-publish","format-standard","hentry","category-opiniones"],"_links":{"self":[{"href":"https:\/\/diariodominicano.com\/index.php?rest_route=\/wp\/v2\/posts\/36485","targetHints":{"allow":["GET"]}}],"collection":[{"href":"https:\/\/diariodominicano.com\/index.php?rest_route=\/wp\/v2\/posts"}],"about":[{"href":"https:\/\/diariodominicano.com\/index.php?rest_route=\/wp\/v2\/types\/post"}],"author":[{"embeddable":true,"href":"https:\/\/diariodominicano.com\/index.php?rest_route=\/wp\/v2\/users\/3"}],"replies":[{"embeddable":true,"href":"https:\/\/diariodominicano.com\/index.php?rest_route=%2Fwp%2Fv2%2Fcomments&post=36485"}],"version-history":[{"count":0,"href":"https:\/\/diariodominicano.com\/index.php?rest_route=\/wp\/v2\/posts\/36485\/revisions"}],"wp:attachment":[{"href":"https:\/\/diariodominicano.com\/index.php?rest_route=%2Fwp%2Fv2%2Fmedia&parent=36485"}],"wp:term":[{"taxonomy":"category","embeddable":true,"href":"https:\/\/diariodominicano.com\/index.php?rest_route=%2Fwp%2Fv2%2Fcategories&post=36485"},{"taxonomy":"post_tag","embeddable":true,"href":"https:\/\/diariodominicano.com\/index.php?rest_route=%2Fwp%2Fv2%2Ftags&post=36485"}],"curies":[{"name":"wp","href":"https:\/\/api.w.org\/{rel}","templated":true}]}}