{"id":36484,"date":"2008-01-24T15:25:28","date_gmt":"2008-01-24T15:25:28","guid":{"rendered":"http:\/\/diariodominicano.ddns.net\/?p=36484"},"modified":"2008-01-24T15:25:28","modified_gmt":"2008-01-24T15:25:28","slug":"el-tiro-rapido-300","status":"publish","type":"post","link":"https:\/\/diariodominicano.com\/?p=36484","title":{"rendered":"EL TIRO RAPIDO"},"content":{"rendered":"<p><body><\/p>\n<p><span class=\"titulogrande1\">EL TIRO RAPIDO <\/span><br \/>&#13;<br \/>\n  <br \/>&#13;<br \/>\n    <strong>de<\/strong><\/p>\n<p>&#13;<\/p>\n<h1 class=\"textogrande\">Mario Rivadulla<\/h1>\n<p>&#13;<\/p>\n<p align=\"justify\" class=\"text1noticias\">En tanto el Secretario General del PLD, Reinaldo Pared  P\u00e8rez, extiende el apoyo de su partido a la permanencia de la magistrada Aura  Celeste Fern\u00e0ndez en la   Junta Central Electoral y el delegado pol\u00ectico de la parcela  oficialista, Danilo D\u00ecaz, desmiente haber declarado la disposici\u00f2n de impugnar  el resultado de las elecciones en aquellas Juntas en que ha presentado reclamos  de parcialidad a favor del PRD, el Presidente del organismo acaba de reiterar  la disposici\u00f2n del mismo a que sea respetada su autoridad e institucionalidad.<\/p>\n<p>&#13;<\/p>\n<p align=\"justify\" class=\"text1noticias\">Por nueva vez el doctor Julio  C\u00e8sar Casta\u00f1os Guzm\u00e0n afirma que la   Junta no aceptar\u00e0 se le imponga una \u201ccomisi\u00f2n de  seguimiento\u201d,\u00a0 para que realice labores  de supervisi\u00f2n externa sobre el trabajo del organismo durante la realizaci\u00f2n  del proceso electoral que tendr\u00e0 su culminaci\u00f2n el 16 de Mayo.<\/p>\n<p>&#13;<\/p>\n<p align=\"justify\" class=\"text1noticias\">S\u00ec, aclar\u00f2 Casta\u00f1os Guzm\u00e0n, que  en cambio antes, durante y posterior a las elecciones el proceso acoger\u00e0  observadores de unos cuarenta organismos internacionales, embajadas extranjeras  y tribunales electorales de otros p\u00e0ises.\u00a0  El total de observadores se espera que pase de quinientos que ser\u00e0n  invitados oficialmente a visitar el pa\u00ecs y asistir al proceso en la condici\u00f2n  de tales.<\/p>\n<p>&#13;<\/p>\n<p align=\"justify\" class=\"text1noticias\">Ambas decisiones no parecen correctas.<\/p>\n<p>&#13;<\/p>\n<p align=\"justify\" class=\"text1noticias\">En ocasiones anteriores, los  procesos electorales, salvo honrosas excepciones, se han visto pr\u00e0cticamente  intervenidos por comisiones de notables.\u00a0  Estas comisiones en su momento, si bien no carentes de cr\u00ecticas, tuvieron  justificaci\u00f2n cuando los procesos se vieron interrumpidos o amenazaron con  hacer crisis.\u00a0 Negarles ese m\u00e8rito y el  posiblemente haberle ahorrado al pa\u00ecs momentos amargos, ser\u00eca una mezquindad.<\/p>\n<p>&#13;<\/p>\n<p align=\"justify\" class=\"text1noticias\">Pero ahora no parece existir  ninguna raz\u00f2n v\u00e0lida para pensar en la posibilidad de que el proceso pueda  verse alterado.\u00a0 Al margen de  discrepancias internas, a fin de cuentas l\u00f2gicas en gran medida en todo  organismo colegiado y de composici\u00f2n heterog\u00e8nea, la Junta ha podido ir superando  las mismas y haciendo su trabajo.<\/p>\n<p>&#13;<\/p>\n<p align=\"justify\" class=\"text1noticias\">La m\u00e0s cercana demostraci\u00f2n de  coherencia y unidad en este sentido,\u00a0 la  acaban de dar al adoptar por anticipado el acuerdo de respaldar la decisi\u00f2n que  tomara Aura Celeste Fern\u00e0ndez, frente a la coyuntura inusual de que su esposo  aparezca como candidato a la presidencia de un grupo de partidos emergentes.<\/p>\n<p>&#13;<\/p>\n<p align=\"justify\" class=\"text1noticias\">El Presidente de la Junta es un profesional al  que siempre se le ha considerado con raz\u00f2n asistido de un alto sentido de  responsabilidad y valores \u00e8ticos.\u00a0 Igual  ocurre con los restantes miembros del organismo.\u00a0\u00a0 Ellos no han dejado de trabajar en ning\u00f9n  momento en la organizaci\u00f2n de unas elecciones participativas, transparentes y  confiables. <\/p>\n<p>&#13;<\/p>\n<p align=\"justify\" class=\"text1noticias\">En adici\u00f2n, han acometido otras  tareas de gran importancia, como es el proyecto ya en proceso de ejecuci\u00f2n de  dotar de actas de nacimiento a cientos de miles de adultos que carecen de ella  y por consiguiente de personalidad jur\u00ecdica y condici\u00f2n de ciudadanos, as\u00ec como  el de sanear los Registros Civiles de todo el pa\u00ecs reestructur\u00e0ndolos a tenor  de lo dispuesto en la ley.<\/p>\n<p>&#13;<\/p>\n<p align=\"justify\" class=\"text1noticias\">Si la Junta ha llevado al pie de  la letra el organigrama de trabajo para el montaje de las pr\u00f2ximas elecciones  generales en forma que sus resultados no dejen margen a duda, le asiste toda la  raz\u00f2n para rechazar cualquier interferencia que tienda a disminuir o poner en  entredicho su autoridad y capacidad para culminar el proceso del modo m\u00e0s  exitoso.<\/p>\n<p>&#13;<\/p>\n<p align=\"justify\" class=\"text1noticias\">En cuanto a la presencia de  observadores, es una pr\u00e0ctica que se ha ido extendiendo en nuestros pa\u00ecses y  que a fin de cuentas resulta conveniente.\u00a0  A\u00f9n cuando el trabajo de la   Junta no precisa de avales for\u00e0neos, el hecho de que la  organizaci\u00f2n y limpieza del proceso pueda ser observado,\u00a0 y luego divulgado, por representantes de  fuentes tan calificadas como las mencionadas por Casta\u00f1os Guzm\u00e0n, abona a favor  de la imagen democr\u00e0tica de nuestro pa\u00ecs en el plano internacional.\u00a0 Y esto nunca est\u00e0 dem\u00e0s.<\/p>\n<p>&#13;<\/p>\n<p align=\"justify\" class=\"text1noticias\">Olvid\u00e8monos pues de comisiones  de seguimiento y juntas de notables que solo se justifican en situaciones de  extrema crisis, que no es el caso ni de estamos seguros lo ser\u00e0, para  intervenir en el proceso electoral, cuyo montaje y conclusi\u00f2n es misi\u00f2n  exclusiva de la Junta   Central Electoral.<\/p>\n<p>&#13;<\/p>\n<p align=\"justify\" class=\"text1noticias\">D\u00e8mosle a \u00e8sta todo el apoyo  requerido para que pueda cumplir la tarea que le corresponde legal e  institucionalmente.\u00a0 Y que vengan al pa\u00ecs  todos los observadores que puedan y quieran para ser testigos de excepci\u00f2n de  la que, sin dudas, como en tantas ocasiones anteriores, ser\u00e0 una nueva  demostraci\u00f2n de civismo y responsabilidad del pueblo dominicano m\u00e0s all\u00e0 de las  intemperancias que pueda mostrar la campa\u00f1a electoral.<\/p>\n<p>&#13;<\/p>\n<h6> 2008-01-24 15:25:28 <\/h6>\n<p><!--\n<link rel=\"stylesheet\" href=\"css\/bootstrap.min.css\">\n\n\n<ul class=\"pagination\">\n\t    \n\t\n\n<li >\n\t<a href='?page_no=12341'>Previous<\/a>\n\t<\/li>\n\n\n       \n    \n\n<li><a href='?page_no=1'>1<\/a><\/li>\n\n\n\n<li><a href='?page_no=2'>2<\/a><\/li>\n\n\n\n<li><a>...<\/a><\/li>\n\n\n\n<li><a href='?page_no=12340'>12340<\/a><\/li>\n\n\n\n<li><a href='?page_no=12341'>12341<\/a><\/li>\n\n\n\n<li class='active'><a>12342<\/a><\/li>\n\n\n\n<li><a href='?page_no=12343'>12343<\/a><\/li>\n\n\n\n<li><a href='?page_no=12344'>12344<\/a><\/li>\n\n\n\n<li><a>...<\/a><\/li>\n\n\n\n<li><a href='?page_no=13611'>13611<\/a><\/li>\n\n\n\n<li><a href='?page_no=13612'>13612<\/a><\/li>\n\n    \n\t\n\n<li >\n\t<a href='?page_no=12343'>Next<\/a>\n\t<\/li>\n\n\n    \n\n<li><a href='?page_no=13612'>Last &rsaquo;&rsaquo;<\/a><\/li>\n\n<\/ul>\n\n\n--><br \/>\n<\/body><\/p>\n","protected":false},"excerpt":{"rendered":"<p>EL TIRO RAPIDO &#13; &#13; de &#13; Mario Rivadulla &#13; En tanto el Secretario General del PLD, Reinaldo Pared P\u00e8rez, extiende el apoyo de su partido a la permanencia de la magistrada Aura Celeste Fern\u00e0ndez en la Junta Central Electoral y el delegado pol\u00ectico de la parcela oficialista, Danilo D\u00ecaz, desmiente haber declarado la disposici\u00f2n [&hellip;]<\/p>\n","protected":false},"author":3,"featured_media":0,"comment_status":"open","ping_status":"open","sticky":false,"template":"","format":"standard","meta":{"footnotes":""},"categories":[16],"tags":[],"class_list":["post-36484","post","type-post","status-publish","format-standard","hentry","category-opiniones"],"_links":{"self":[{"href":"https:\/\/diariodominicano.com\/index.php?rest_route=\/wp\/v2\/posts\/36484","targetHints":{"allow":["GET"]}}],"collection":[{"href":"https:\/\/diariodominicano.com\/index.php?rest_route=\/wp\/v2\/posts"}],"about":[{"href":"https:\/\/diariodominicano.com\/index.php?rest_route=\/wp\/v2\/types\/post"}],"author":[{"embeddable":true,"href":"https:\/\/diariodominicano.com\/index.php?rest_route=\/wp\/v2\/users\/3"}],"replies":[{"embeddable":true,"href":"https:\/\/diariodominicano.com\/index.php?rest_route=%2Fwp%2Fv2%2Fcomments&post=36484"}],"version-history":[{"count":0,"href":"https:\/\/diariodominicano.com\/index.php?rest_route=\/wp\/v2\/posts\/36484\/revisions"}],"wp:attachment":[{"href":"https:\/\/diariodominicano.com\/index.php?rest_route=%2Fwp%2Fv2%2Fmedia&parent=36484"}],"wp:term":[{"taxonomy":"category","embeddable":true,"href":"https:\/\/diariodominicano.com\/index.php?rest_route=%2Fwp%2Fv2%2Fcategories&post=36484"},{"taxonomy":"post_tag","embeddable":true,"href":"https:\/\/diariodominicano.com\/index.php?rest_route=%2Fwp%2Fv2%2Ftags&post=36484"}],"curies":[{"name":"wp","href":"https:\/\/api.w.org\/{rel}","templated":true}]}}