{"id":36483,"date":"2008-01-24T15:28:00","date_gmt":"2008-01-24T15:28:00","guid":{"rendered":"http:\/\/diariodominicano.ddns.net\/?p=36483"},"modified":"2008-01-24T15:28:00","modified_gmt":"2008-01-24T15:28:00","slug":"invitados-en-teledebate","status":"publish","type":"post","link":"https:\/\/diariodominicano.com\/?p=36483","title":{"rendered":"INVITADOS EN TELEDEBATE"},"content":{"rendered":"<p><body><\/p>\n<p align=\"center\"><strong>INVITADOS  EN TELEDEBATE<\/strong><br \/>&#13;<br \/>\n  <br \/>&#13;<br \/>\n    <span class=\"textogrande\">Jimmy  Sierra, productor y guionista <br \/>&#13;<br \/>\n  Y<br \/>&#13;<br \/>\n  Jos\u00e8  Mateo, uno de los actores principales de<br \/>&#13;<br \/>\nEl  Caballero de la   Medianoche.<\/span><\/p>\n<p>&#13;<\/p>\n<p align=\"justify\" class=\"text1noticias\">Para el 30 del presente mes est\u00e0 anunciada en el Diamond  Mall la premiere de la pel\u00eccula dominicana \u201cEl Caballero de la Medianoche\u201d, gui\u00f2n y  producci\u00f2n de Jimmy Sierra y donde act\u00f9a una gran cantidad de artistas  dominicanos.\u00a0 Hecha con un prespuesto  modesto, \u201caportado por diversos amigos\u201d seg\u00f9n Sierra, la pel\u00eccula tom\u00f2 dos  meses de filmaci\u00f2n y cuatro de edici\u00f2n en un conocido laboratorio de New  Jersey.\u00a0 <\/p>\n<p>&#13;<\/p>\n<p align=\"justify\" class=\"text1noticias\">La trama equivale a la de un  \u201cthriller\u201d pero con elementos psicol\u00f2gicos adicionales que le imprimen un sello  intelectual a la cl\u00e0sica cinta de acci\u00f2n. El fondo de la trama lo constituye un  violador en serie que previamente selecciona sus v\u00ecctimas y con las que se  comporta como un verdadero caballero llen\u00e0ndola de obsequios y acariciando sus  o\u00ecdos y su ego con lenguaje florido.\u00a0  Sierra asegura que la misma est\u00e0 concebida en forma tal que capta de  inmediato el inter\u00e8s del p\u00f9blico y lo mantiene vivo hasta el final tratando de  descubrir qui\u00e8n pueda ser el violador. \u201cEl final es sorprendente.\u00a0 El culpable es quien menos se imagina\u201d,  afirma.<\/p>\n<p>&#13;<\/p>\n<p align=\"justify\" class=\"text1noticias\">La pel\u00eccula conlleva un mensaje  y tambi\u00e8n contribuye a presentar una imagen policial que trata de proyectar la  mejor\u00eca que se ha ido produciendo en el cuerpo de orden p\u00f9blico en el plano  investigativo.\u00a0 Como elemento singular  presenta la actuaci\u00f2n del general Bernardo Santana P\u00e0ez, ex jefe de la instituci\u00f2n  hasta hace pocos meses, cuando todav\u00eca estaba en el desempe\u00f1o del cargo  actuando en su condici\u00f2n de tal.<\/p>\n<p>&#13;<\/p>\n<p align=\"justify\" class=\"text1noticias\">Acogiendo una sugerencia hecha  fuera de c\u00e0maras por Dilenia Cruz, coproductora de TELEDEBATE, Sierra dijo  sentirse motivado para hacer una segunda parte, pero en esta oportunidad teniendo  como eje central a una mujer criminal.\u00a0  Tanto Sierra como Mateo ponderaron los avances del cine dominicano y  manifestaron su confianza de que el desarrollo de la industria, \u201cque es arte y  negocio\u201d, marcha por buen camino. <\/p>\n<p>&#13;<\/p>\n<h6> 2008-01-24 15:28:00 <\/h6>\n<p><!--\n<link rel=\"stylesheet\" href=\"css\/bootstrap.min.css\">\n\n\n<ul class=\"pagination\">\n\t    \n\t\n\n<li >\n\t<a href='?page_no=12340'>Previous<\/a>\n\t<\/li>\n\n\n       \n    \n\n<li><a href='?page_no=1'>1<\/a><\/li>\n\n\n\n<li><a href='?page_no=2'>2<\/a><\/li>\n\n\n\n<li><a>...<\/a><\/li>\n\n\n\n<li><a href='?page_no=12339'>12339<\/a><\/li>\n\n\n\n<li><a href='?page_no=12340'>12340<\/a><\/li>\n\n\n\n<li class='active'><a>12341<\/a><\/li>\n\n\n\n<li><a href='?page_no=12342'>12342<\/a><\/li>\n\n\n\n<li><a href='?page_no=12343'>12343<\/a><\/li>\n\n\n\n<li><a>...<\/a><\/li>\n\n\n\n<li><a href='?page_no=13611'>13611<\/a><\/li>\n\n\n\n<li><a href='?page_no=13612'>13612<\/a><\/li>\n\n    \n\t\n\n<li >\n\t<a href='?page_no=12342'>Next<\/a>\n\t<\/li>\n\n\n    \n\n<li><a href='?page_no=13612'>Last &rsaquo;&rsaquo;<\/a><\/li>\n\n<\/ul>\n\n\n--><br \/>\n<\/body><\/p>\n","protected":false},"excerpt":{"rendered":"<p>INVITADOS EN TELEDEBATE&#13; &#13; Jimmy Sierra, productor y guionista &#13; Y&#13; Jos\u00e8 Mateo, uno de los actores principales de&#13; El Caballero de la Medianoche. &#13; Para el 30 del presente mes est\u00e0 anunciada en el Diamond Mall la premiere de la pel\u00eccula dominicana \u201cEl Caballero de la Medianoche\u201d, gui\u00f2n y producci\u00f2n de Jimmy Sierra y [&hellip;]<\/p>\n","protected":false},"author":3,"featured_media":0,"comment_status":"open","ping_status":"open","sticky":false,"template":"","format":"standard","meta":{"footnotes":""},"categories":[16],"tags":[],"class_list":["post-36483","post","type-post","status-publish","format-standard","hentry","category-opiniones"],"_links":{"self":[{"href":"https:\/\/diariodominicano.com\/index.php?rest_route=\/wp\/v2\/posts\/36483","targetHints":{"allow":["GET"]}}],"collection":[{"href":"https:\/\/diariodominicano.com\/index.php?rest_route=\/wp\/v2\/posts"}],"about":[{"href":"https:\/\/diariodominicano.com\/index.php?rest_route=\/wp\/v2\/types\/post"}],"author":[{"embeddable":true,"href":"https:\/\/diariodominicano.com\/index.php?rest_route=\/wp\/v2\/users\/3"}],"replies":[{"embeddable":true,"href":"https:\/\/diariodominicano.com\/index.php?rest_route=%2Fwp%2Fv2%2Fcomments&post=36483"}],"version-history":[{"count":0,"href":"https:\/\/diariodominicano.com\/index.php?rest_route=\/wp\/v2\/posts\/36483\/revisions"}],"wp:attachment":[{"href":"https:\/\/diariodominicano.com\/index.php?rest_route=%2Fwp%2Fv2%2Fmedia&parent=36483"}],"wp:term":[{"taxonomy":"category","embeddable":true,"href":"https:\/\/diariodominicano.com\/index.php?rest_route=%2Fwp%2Fv2%2Fcategories&post=36483"},{"taxonomy":"post_tag","embeddable":true,"href":"https:\/\/diariodominicano.com\/index.php?rest_route=%2Fwp%2Fv2%2Ftags&post=36483"}],"curies":[{"name":"wp","href":"https:\/\/api.w.org\/{rel}","templated":true}]}}