{"id":36479,"date":"2008-01-25T02:19:00","date_gmt":"2008-01-25T02:19:00","guid":{"rendered":"http:\/\/diariodominicano.ddns.net\/?p=36479"},"modified":"2008-01-25T02:19:00","modified_gmt":"2008-01-25T02:19:00","slug":"reflexiones-del-presidente-fidel-castro-3","status":"publish","type":"post","link":"https:\/\/diariodominicano.com\/?p=36479","title":{"rendered":"REFLEXIONES DEL PRESIDENTE FIDEL CASTRO"},"content":{"rendered":"<p><body><\/p>\n<p align=\"justify\"><strong class=\"titulogrande1\">Reflexiones del presidente fidel  castro<\/strong><br \/>&#13;<br \/>\n  <br \/>&#13;<br \/>\n    <strong>L<\/strong><strong>ula <\/strong><br \/>&#13;<br \/>\n    <strong>(Primera Parte)<\/strong><br \/>&#13;<br \/>\n    <br \/>&#13;<br \/>\n    <span class=\"text1noticias\"><img loading=\"lazy\" decoding=\"async\" src=\"http:\/\/10.0.0.82:8080\/pictures\/lula y fidel.jpg\" width=\"269\" height=\"189\" hspace=\"4\" align=\"left\" \/>De forma espont\u00e1nea decidi\u00f3 visitar Cuba  por segunda vez como Presidente de Brasil, aunque mi salud no le garantizara un  encuentro conmigo.<br \/>&#13;<br \/>\n    <br \/>&#13;<br \/>\n    Antes, como \u00e9l mismo dijo, visitaba la Isla casi todos los a\u00f1os. Lo  conoc\u00ed en ocasi\u00f3n del primer aniversario de la Revoluci\u00f3n Sandinista  en la casa de Sergio Ram\u00edrez, entonces vicepresidente del pa\u00eds. Digo de paso  que este \u00faltimo de cierta forma me enga\u00f1\u00f3.<br \/>&#13;<br \/>\n    <br \/> &#13;<br \/>\n    Cuando le\u00ed su libro <em>Castigo  Divino<\/em> \u2014excelente narraci\u00f3n\u2014, llegu\u00e9 a creer que era un caso real ocurrido  en Nicaragua, con todos los enredos legales que son habituales en las antiguas  colonias espa\u00f1olas; \u00e9l mismo me cont\u00f3 un d\u00eda que era ficci\u00f3n pura.<br \/>&#13;<br \/>\n    <br \/>&#13;<br \/>\n    Tambi\u00e9n me encontr\u00e9 all\u00ed con Frei Betto,  hoy cr\u00edtico aunque no enemigo de Lula, y con el Padre Ernesto Cardenal,  militante sandinista de izquierda y actual adversario de Daniel. Los dos  escritores proced\u00edan de la   Teolog\u00eda de la   Liberaci\u00f3n, una corriente progresista en la que siempre vimos  un gran paso hacia la unidad de los revolucionarios y los pobres, m\u00e1s all\u00e1 de  su filosof\u00eda y sus creencias, ajustada a las condiciones concretas de lucha en  Am\u00e9rica Latina y el Caribe.<br \/>&#13;<br \/>\n    <br \/>&#13;<br \/>\n    Confieso, sin embargo, que ve\u00eda en el  Padre Ernesto Cardenal, a diferencia de otros en la direcci\u00f3n de Nicaragua, una  estampa del sacrificio y las privaciones cual monje medieval. Era un verdadero  prototipo de pureza. Dejo a un lado otros que, menos consecuentes, alguna vez  fueron revolucionarios, incluso militantes de extrema izquierda en  Centroam\u00e9rica y otras \u00e1reas, que despu\u00e9s se pasaron con armas y bagajes, por  ansias de bienestar y dinero, a las filas del imperio.<br \/>&#13;<br \/>\n    <br \/>&#13;<br \/>\n\u00bfQu\u00e9 tiene que ver lo relatado con Lula?  Mucho. Nunca fue un extremista de izquierda, ni ascendi\u00f3 a la condici\u00f3n de  revolucionario a partir de posiciones filos\u00f3ficas, sino de las de un obrero de  origen muy humilde y fe cristiana, que trabaj\u00f3 duramente creando plusval\u00eda para  otros. <br \/>&#13;<br \/>\n<br \/>&#13;<br \/>\nEn los obreros vio Carlos Marx a los sepultureros del sistema  capitalista: \u00abProletarios de todos los pa\u00edses, un\u00edos\u00bb, proclam\u00f3. Lo  razona y demuestra con irrebatible l\u00f3gica; se complace y se burla demostrando  cu\u00e1n c\u00ednicas eran las mentiras empleadas para acusar a los comunistas. Si las  ideas de Marx eran justas entonces, cuando todo parec\u00eda depender de la lucha de  clases y el desarrollo de las fuerzas productivas, la ciencia y la t\u00e9cnica, que  diera sustento a la creaci\u00f3n de bienes indispensables para satisfacer las  necesidades humanas, hay factores absolutamente nuevos que le dan la raz\u00f3n y a  la vez chocan contra sus nobles objetivos.<br \/>&#13;<br \/>\n<br \/>&#13;<br \/>\nNuevas necesidades surgieron que pueden  dar al traste con los objetivos de una sociedad sin explotadores ni explotados.  Entre estas nuevas necesidades surge la de la supervivencia humana. <br \/>&#13;<br \/>\n<br \/>&#13;<br \/>\nDel cambio  de clima no hab\u00eda idea en los tiempos de Marx. Engels y \u00e9l conoc\u00edan  sobradamente que un d\u00eda el sol se apagar\u00eda al consumir toda su energ\u00eda. Pocos  a\u00f1os despu\u00e9s del Manifiesto nacieron otros hombres que profundizar\u00edan en el  campo de la ciencia y los conocimientos de las leyes qu\u00edmicas, f\u00edsicas y  biol\u00f3gicas que rigen el Universo, desconocidas entonces. \u00bfEn manos de qui\u00e9nes  estar\u00edan esos conocimientos? Aunque estos continuaran desarroll\u00e1ndose, e  incluso super\u00e1ndose, y de nuevo se nieguen y contradigan en parte sus teor\u00edas,  los nuevos conocimientos no est\u00e1n en manos de los pueblos pobres, que en la  actualidad integran las tres cuartas partes de la poblaci\u00f3n mundial. Est\u00e1n en  manos de un grupo privilegiado de potencias capitalistas ricas y desarrolladas,  asociadas al imperio m\u00e1s poderoso que existi\u00f3 jam\u00e1s, construido sobre las bases  de una econom\u00eda globalizada, regida por las propias leyes del capitalismo que  Marx describi\u00f3 y desmenuz\u00f3 a fondo.<br \/>&#13;<br \/>\n<br \/>&#13;<br \/>\nHoy, que la humanidad sufre todav\u00eda esas  realidades en virtud de la propia dial\u00e9ctica de los acontecimientos, debemos  hacer frente a esos peligros.<br \/>&#13;<br \/>\n<br \/>&#13;<br \/>\n\u00bfC\u00f3mo se comport\u00f3 el proceso de la  revoluci\u00f3n en Cuba? Sobre distintos episodios de esa etapa se ha escrito  bastante en nuestra prensa durante las \u00faltimas semanas. Se rinde tributo a  distintas fechas hist\u00f3ricas en los d\u00edas que corresponde a los aniversarios que  cumplen cifras redondas de cinco o diez a\u00f1os. Eso es justo, pero debemos evitar  que en la suma de tantos hechos descritos por cada \u00f3rgano o espacio, seg\u00fan sus  criterios, no seamos capaces de verlos en el contexto del desarrollo hist\u00f3rico  de nuestra Revoluci\u00f3n, pese al esfuerzo de los magn\u00edficos analistas de que  disponemos.<br \/>&#13;<br \/>\n<br \/>&#13;<br \/>\nPara m\u00ed, unidad significa compartir el  combate, los riesgos, los sacrificios, los objetivos, ideas, conceptos y estrategias,  a los que se llega mediante debates y an\u00e1lisis. Unidad significa la lucha com\u00fan  contra anexionistas, vendepatrias y corruptos que no tienen nada que ver con un  militante revolucionario. A esa unidad en torno a la idea de la independencia y  contra el imperio que avanzaba sobre los pueblos de Am\u00e9rica, es a la que me  refer\u00ed siempre. Hace unos d\u00edas volv\u00ed a leerla cuando <em>Granma<\/em> la public\u00f3  en v\u00edsperas de nuestras elecciones, y <em>Juventud Rebelde<\/em> reprodujo un  facs\u00edmil de mi pu\u00f1o y letra sobre la idea.<br \/>&#13;<br \/>\n<br \/>&#13;<br \/>\nLa vieja consigna prerrevolucionaria de  unidad no tiene nada que ver con el concepto, pues en nuestro pa\u00eds no existen  hoy organizaciones pol\u00edticas buscando poder. Debemos evitar que, en el enorme  mar de criterios t\u00e1cticos, se diluyan las l\u00edneas estrat\u00e9gicas e imaginemos  situaciones inexistentes.<br \/>&#13;<br \/>\n<br \/>&#13;<br \/>\nEn un pa\u00eds intervenido por Estados Unidos,  en medio de su lucha solitaria por la independencia de la \u00faltima colonia  espa\u00f1ola junto a la hermana Puerto Rico \u2014\u00bbde un p\u00e1jaro las dos  alas\u00bb\u2014, los sentimientos nacionales eran muy profundos.<br \/>&#13;<br \/>\n<br \/>&#13;<br \/>\nLos productores reales de az\u00facar, que eran  los esclavos reci\u00e9n liberados y los campesinos, muchos de ellos combatientes  del Ej\u00e9rcito Libertador, convertidos en precaristas o carentes totalmente de  tierras, que eran lanzados a los cortes de ca\u00f1a en grandes latifundios creados  por compa\u00f1\u00edas de Estados Unidos o terratenientes cubanos que heredaban,  compraban o robaban tierra, eran materia prima propicia para las ideas  revolucionarias.<br \/>&#13;<br \/>\n<br \/>&#13;<br \/>\nJulio Antonio Mella, fundador del Partido  Comunista junto a Bali\u00f1o \u2014quien conoci\u00f3 a Mart\u00ed y con \u00e9l cre\u00f3 el Partido que  conducir\u00eda a la independencia de Cuba\u2014, tom\u00f3 la bandera, sum\u00f3 a ella el  entusiasmo que emerg\u00eda de la   Revoluci\u00f3n de Octubre, y le entreg\u00f3 a esta causa su propia  sangre de joven intelectual conquistado por las ideas revolucionarias. La  sangre comunista de Jes\u00fas Men\u00e9ndez se sum\u00f3 a la de Mella 18 a\u00f1os despu\u00e9s.<br \/>&#13;<br \/>\n<br \/>&#13;<br \/>\nLos adolescentes y j\u00f3venes que  estudi\u00e1bamos en escuelas privadas ni siquiera hab\u00edamos o\u00eddo hablar de Mella.  Nuestra procedencia de clase o grupo social con mayores ingresos que el resto  de la poblaci\u00f3n nos condenaba como seres humanos a ser la parte ego\u00edsta y  explotadora de la sociedad.<br \/>&#13;<br \/>\n<br \/>&#13;<br \/>\nTuve el privilegio de llegar a la Revoluci\u00f3n a trav\u00e9s de  las ideas, escaparme del aburrido destino por el que me conduc\u00eda la vida. En  otros momentos expliqu\u00e9 por qu\u00e9. Ahora lo recuerdo s\u00f3lo en el contexto de lo  que escribo.<br \/>&#13;<br \/>\n<br \/>&#13;<br \/>\nEl odio a Batista por su represi\u00f3n y sus  cr\u00edmenes era tan grande, que nadie repar\u00f3 en las ideas que expres\u00e9 en mi  defensa ante el Tribunal de Santiago de Cuba, donde incluso un libro de Lenin  impreso en la URSS  \u2014que provino de los cr\u00e9ditos de que yo disfrutaba en la librer\u00eda del Partido  Socialista Popular de Carlos III en La Habana\u2014 encontraron en las pertenencias de los  combatientes. \u00abQuien no lea a Lenin es un ignorante\u00bb, les espet\u00e9 en  medio del interrogatorio en las primeras sesiones del juicio oral, cuando lo  sacaron a relucir como elemento acusatorio. <br \/>&#13;<br \/>\n<br \/>&#13;<br \/>\nTodav\u00eda me juzgaban junto a los  dem\u00e1s prisioneros sobrevivientes.<br \/>&#13;<br \/>\n<br \/>&#13;<br \/>\nNo se comprender\u00eda bien lo que afirmo si  no se tiene en cuenta que en el momento en que atacamos el Moncada, el 26 de  Julio de 1953, acci\u00f3n que fue debida a los esfuerzos organizativos de m\u00e1s de un  a\u00f1o sin contar con nadie m\u00e1s que con nosotros mismos, prevalec\u00eda en la URSS la pol\u00edtica de Stalin,  quien muri\u00f3 repentinamente meses antes. Era un militante honesto y consagrado,  quien m\u00e1s tarde cometi\u00f3 graves errores que lo llevaron a posiciones sumamente  conservadoras y cautelosas. Si una revoluci\u00f3n como la nuestra hubiera tenido  \u00e9xito entonces, la URSS  no habr\u00eda hecho por Cuba lo que m\u00e1s tarde hizo la direcci\u00f3n sovi\u00e9tica, liberada  ya de aquellos m\u00e9todos oscuros y tortuosos, entusiasmada con la revoluci\u00f3n  socialista que estall\u00f3 en nuestro pa\u00eds. Eso lo comprend\u00ed bien a pesar de las  justas cr\u00edticas que por hechos sobradamente conocidos en su momento hice a  Jruschov.<br \/>&#13;<br \/>\n<br \/>&#13;<br \/>\nLa   URSS pose\u00eda el  ej\u00e9rcito m\u00e1s poderoso de todos los contendientes en la Segunda Guerra  Mundial, solo que estaba purgado y desmovilizado. Su jefe subestim\u00f3 las  amenazas y las teor\u00edas belicistas de Hitler. Desde la propia capital de Jap\u00f3n,  un importante y prestigioso agente de la Inteligencia  sovi\u00e9tica le hab\u00eda comunicado la inminencia del ataque, el 22 de junio de 1941.  Este sorprendi\u00f3 al pa\u00eds, que no estaba en alarma de combate. Muchos oficiales  estaban de pase. Aun sin los jefes de unidades de m\u00e1s experiencia, que fueron  sustituidos, de haber sido alertados y desplegados, los nazis habr\u00edan chocado  con fuerzas poderosas desde el primer instante y no habr\u00edan destruido en tierra  la mayor parte de la aviaci\u00f3n de combate. Peor todav\u00eda que la purga fue la  sorpresa. Los soldados sovi\u00e9ticos no se rend\u00edan cuando les hablaban de tanques  enemigos en la retaguardia, como hicieron los dem\u00e1s ej\u00e9rcitos de la Europa capitalista. En los  momentos m\u00e1s cr\u00edticos, con fr\u00edo por debajo de cero, los patriotas siberianos  echaron a andar los tornos de las f\u00e1bricas de armamentos que previsoramente  Stalin hab\u00eda trasladado a las profundidades del territorio sovi\u00e9tico.<br \/>&#13;<br \/>\n<br \/>&#13;<br \/>\nSeg\u00fan me contaron los propios dirigentes  de la URSS  cuando visit\u00e9 ese gran pa\u00eds en abril de 1963, los combatientes revolucionarios  rusos, curtidos en la lucha contra la intervenci\u00f3n extranjera en virtud de la  cual se enviaron tropas a combatir la revoluci\u00f3n bolchevique, dej\u00e1ndola  posteriormente bloqueada y aislada, hab\u00edan establecido relaciones e  intercambiado experiencias con los oficiales alemanes, de tradici\u00f3n militarista  prusiana, humillados por el Tratado de Versalles, que puso fin a la Primera Guerra  Mundial.<br \/>&#13;<br \/>\n<br \/>&#13;<br \/>\nLos servicios de Inteligencia de las SS  introdujeron la intriga contra muchos que eran en su inmensa mayor\u00eda leales a la Revoluci\u00f3n. Movido  por una desconfianza que se torn\u00f3 enfermiza, Stalin purg\u00f3 a 3 de los 5  Mariscales, 13 de los 15 Comandantes de Ej\u00e9rcito, 8 de los 9 Almirantes, 50 de  los 57 Generales de Cuerpo de Ej\u00e9rcito, 154 de los 186 Generales de Divisi\u00f3n,  el ciento por ciento de los Comisarios de Ej\u00e9rcito y 25 de los 28 Comisarios de  los Cuerpos de Ej\u00e9rcito de la Uni\u00f3n Sovi\u00e9tica, en los a\u00f1os que precedieron a la Gran Guerra Patria.<br \/>&#13;<br \/>\n<br \/>&#13;<br \/>\nAquellos graves errores costaron a la URSS una enorme destrucci\u00f3n y  m\u00e1s de 20 millones de vidas; algunos afirman que 27.<br \/>&#13;<br \/>\n<br \/>&#13;<br \/>\nEn 1943 se desat\u00f3 con retraso la \u00faltima  ofensiva de primavera de los nazis por el famoso y tentador saliente de Kursk,  con 900 mil soldados, 2,700 tanques y 2,000 aviones. Los sovi\u00e9ticos,  conocedores de la psicolog\u00eda enemiga, esperaron en aquella trampa el seguro  ataque con un mill\u00f3n 200 mil hombres, 3,300 tanques, 2,400 aviones y 20,000  piezas de artiller\u00eda. Dirigidos por Zh\u00fakov y el propio Stalin, destrozaron la  \u00faltima ofensiva de Hitler.<br \/>&#13;<br \/>\n<br \/>&#13;<br \/>\nEn 1945, los soldados sovi\u00e9ticos avanzaron  incontenibles hasta tomar la c\u00fapula de la Canciller\u00eda alemana en  Berl\u00edn, donde izaron la bandera roja te\u00f1ida con la sangre de tantos ca\u00eddos.<br \/>&#13;<br \/>\n<br \/>&#13;<br \/>\nObservo un momento la corbata roja de Lula  y le pregunto: \u00bfesa te la regal\u00f3 Ch\u00e1vez? Se sonr\u00ede y responde: Ahora le voy a  enviar algunas camisas, ya que \u00e9l se queja de que el cuello de las suyas est\u00e1  muy duro, y se las voy a buscar en Bah\u00eda para regal\u00e1rselas. <br \/>&#13;<br \/>\n<br \/>&#13;<br \/>\nMe pidi\u00f3 que le diera algunas de las fotos  que tom\u00e9.<br \/>&#13;<br \/>\n<br \/>&#13;<br \/>\nCuando coment\u00f3 que estaba muy impresionado  por mi salud, le respond\u00ed que me dedicaba a pensar y a escribir. Nunca en mi  vida hab\u00eda pensado tanto. Le cont\u00e9 que, concluida mi visita a C\u00f3rdoba,  Argentina, donde hab\u00eda asistido a una reuni\u00f3n con numerosos l\u00edderes, entre  ellos \u00e9l, regres\u00e9, y particip\u00e9 luego en dos actos por el Aniversario del 26 de  Julio. Estaba revisando el libro de Ramonet. Le hab\u00eda respondido todas sus  preguntas. No hab\u00eda tomado muy a pecho la cosa. <br \/>&#13;<br \/>\n<br \/>&#13;<br \/>\nCre\u00eda que era algo muy r\u00e1pido,  como las entrevistas de Frei Betto y Tom\u00e1s Borge. Luego me esclavic\u00e9 con el  libro del escritor franc\u00e9s, ya a punto de publicarse sin revisi\u00f3n m\u00eda con parte  de las respuestas tomadas a vuelo. Por aquellos d\u00edas casi ni dorm\u00eda.<br \/>&#13;<br \/>\n<br \/>&#13;<br \/>\nCuando enferm\u00e9 gravemente la noche del 26  y la madrugada del 27 de julio, pens\u00e9 que ser\u00eda el final, y mientras los  m\u00e9dicos luchaban por mi vida, el jefe de despacho del Consejo de Estado le\u00eda a  exigencia m\u00eda el texto, y yo dictaba los arreglos pertinentes.<br \/>&#13;<br \/>\n<br \/>&#13;<br \/>\n<strong>Fidel Castro Ruz<\/strong><\/span><\/p>\n<p>&#13;<\/p>\n<p align=\"justify\"><strong>Enero 22 de 2008<\/strong><\/p>\n<p>&#13;<\/p>\n<h6> 2008-01-25 02:19:00 <\/h6>\n<p><!--\n<link rel=\"stylesheet\" href=\"css\/bootstrap.min.css\">\n\n\n<ul class=\"pagination\">\n\t    \n\t\n\n<li >\n\t<a href='?page_no=12337'>Previous<\/a>\n\t<\/li>\n\n\n       \n    \n\n<li><a href='?page_no=1'>1<\/a><\/li>\n\n\n\n<li><a href='?page_no=2'>2<\/a><\/li>\n\n\n\n<li><a>...<\/a><\/li>\n\n\n\n<li><a href='?page_no=12336'>12336<\/a><\/li>\n\n\n\n<li><a href='?page_no=12337'>12337<\/a><\/li>\n\n\n\n<li class='active'><a>12338<\/a><\/li>\n\n\n\n<li><a href='?page_no=12339'>12339<\/a><\/li>\n\n\n\n<li><a href='?page_no=12340'>12340<\/a><\/li>\n\n\n\n<li><a>...<\/a><\/li>\n\n\n\n<li><a href='?page_no=13611'>13611<\/a><\/li>\n\n\n\n<li><a href='?page_no=13612'>13612<\/a><\/li>\n\n    \n\t\n\n<li >\n\t<a href='?page_no=12339'>Next<\/a>\n\t<\/li>\n\n\n    \n\n<li><a href='?page_no=13612'>Last &rsaquo;&rsaquo;<\/a><\/li>\n\n<\/ul>\n\n\n--><br \/>\n<\/body><\/p>\n","protected":false},"excerpt":{"rendered":"<p>Reflexiones del presidente fidel castro&#13; &#13; Lula &#13; (Primera Parte)&#13; &#13; De forma espont\u00e1nea decidi\u00f3 visitar Cuba por segunda vez como Presidente de Brasil, aunque mi salud no le garantizara un encuentro conmigo.&#13; &#13; Antes, como \u00e9l mismo dijo, visitaba la Isla casi todos los a\u00f1os. Lo conoc\u00ed en ocasi\u00f3n del primer aniversario de la [&hellip;]<\/p>\n","protected":false},"author":3,"featured_media":0,"comment_status":"open","ping_status":"open","sticky":false,"template":"","format":"standard","meta":{"footnotes":""},"categories":[16],"tags":[],"class_list":["post-36479","post","type-post","status-publish","format-standard","hentry","category-opiniones"],"_links":{"self":[{"href":"https:\/\/diariodominicano.com\/index.php?rest_route=\/wp\/v2\/posts\/36479","targetHints":{"allow":["GET"]}}],"collection":[{"href":"https:\/\/diariodominicano.com\/index.php?rest_route=\/wp\/v2\/posts"}],"about":[{"href":"https:\/\/diariodominicano.com\/index.php?rest_route=\/wp\/v2\/types\/post"}],"author":[{"embeddable":true,"href":"https:\/\/diariodominicano.com\/index.php?rest_route=\/wp\/v2\/users\/3"}],"replies":[{"embeddable":true,"href":"https:\/\/diariodominicano.com\/index.php?rest_route=%2Fwp%2Fv2%2Fcomments&post=36479"}],"version-history":[{"count":0,"href":"https:\/\/diariodominicano.com\/index.php?rest_route=\/wp\/v2\/posts\/36479\/revisions"}],"wp:attachment":[{"href":"https:\/\/diariodominicano.com\/index.php?rest_route=%2Fwp%2Fv2%2Fmedia&parent=36479"}],"wp:term":[{"taxonomy":"category","embeddable":true,"href":"https:\/\/diariodominicano.com\/index.php?rest_route=%2Fwp%2Fv2%2Fcategories&post=36479"},{"taxonomy":"post_tag","embeddable":true,"href":"https:\/\/diariodominicano.com\/index.php?rest_route=%2Fwp%2Fv2%2Ftags&post=36479"}],"curies":[{"name":"wp","href":"https:\/\/api.w.org\/{rel}","templated":true}]}}