{"id":364782,"date":"2022-06-28T19:34:33","date_gmt":"2022-06-28T23:34:33","guid":{"rendered":"http:\/\/diariodominicano.com\/?p=364782"},"modified":"2022-06-28T20:25:57","modified_gmt":"2022-06-29T00:25:57","slug":"113-anos-del-natalicio-del-profesor-juan-bosch-pld-inicia-actos-con-la-ofrenda-una-flor-al-profesoren-el-cementerio-ornamental-de-la-vega","status":"publish","type":"post","link":"https:\/\/diariodominicano.com\/?p=364782","title":{"rendered":"113 a\u00f1os del natalicio del Profesor Juan Bosch: PLD inicia actos con la ofrenda \u00abUna flor al Profesor\u00bben el cementerio Ornamental de La Vega"},"content":{"rendered":"\n<p><strong>Profesor Juan Bosch<\/strong><\/p>\n\n\n\n<figure class=\"wp-block-image size-full\"><img loading=\"lazy\" decoding=\"async\" width=\"1024\" height=\"683\" src=\"https:\/\/diariodominicano.com\/wp-content\/uploads\/2022\/06\/La-Vega-Cementerio-La-Vega.jpeg\" alt=\"\" class=\"wp-image-364784\" srcset=\"https:\/\/diariodominicano.com\/wp-content\/uploads\/2022\/06\/La-Vega-Cementerio-La-Vega.jpeg 1024w, https:\/\/diariodominicano.com\/wp-content\/uploads\/2022\/06\/La-Vega-Cementerio-La-Vega-300x200.jpeg 300w, https:\/\/diariodominicano.com\/wp-content\/uploads\/2022\/06\/La-Vega-Cementerio-La-Vega-768x512.jpeg 768w, https:\/\/diariodominicano.com\/wp-content\/uploads\/2022\/06\/La-Vega-Cementerio-La-Vega-816x544.jpeg 816w\" sizes=\"auto, (max-width: 1024px) 100vw, 1024px\" \/><figcaption><strong>Cementerio La Vega<\/strong><\/figcaption><\/figure>\n\n\n\n<p>Diariodominicano.com<\/p>\n\n\n\n<p><strong>El Partido de la Liberaci\u00f3n Dominicana (PLD)<\/strong>\u00a0inicia este mi\u00e9rcoles 29 de junio \u00a0los actos de celebraci\u00f3n de la \u201cConfraternidad Pelede\u00edsta\u201d, festividad que se realiza en la fecha del natalicio del Profesor Juan Bosch.<\/p>\n\n\n\n<p>Este a\u00f1o los Comit\u00e9s Provincial y Municipal del PLD en La Vega se suman a la Corriente Magisterial &nbsp;Eugenio Mar\u00eda de Hostos para, &nbsp;de manera conjunta,&nbsp; realizar la tradicional ofrenda \u201cUna Flor al Profesor\u201d, la Secretar\u00eda de Comunicaciones del PLD.. &nbsp;<\/p>\n\n\n\n<p>Maestros y maestras con flores cultivadas en tierras veganas se acercar\u00e1n al mausoleo en donde reposan los restos del ex Presidente de la Rep\u00fablica en el Cementerio Ornamental de La Vega, para homenajearlo en v\u00edsperas de la fecha de su natalicio.<\/p>\n\n\n\n<p>Al igual que los maestros y maestras, &nbsp;las direcciones del PLD en los municipios de la Provincia La Vega llevar\u00e1n sus arreglos&nbsp;en&nbsp;flores para homenajear al Profesor Juan Bosch, l\u00edder hist\u00f3rico del PLD. &nbsp;<\/p>\n\n\n\n<p>El jueves 30 ser\u00e1n los actos centrales en la Casa Nacional Reinaldo Pared P\u00e9rez, que inician con el momento &nbsp;de Izamiento de Banderas en los jardines de la sede nacional a las 8 de la ma\u00f1ana y contin\u00faan a las 10:00 horas de la ma\u00f1ana con el acto de Juramentaci\u00f3n de cientos de Presidentes de Comit\u00e9s Intermedios.<\/p>\n\n\n\n<p>Por decisi\u00f3n del Comit\u00e9 Pol\u00edtico el Partido de la Liberaci\u00f3n Dominicana dedica el d\u00eda de la Confraternidad Pelede\u00edsta a su miembro Fundador, Euclides Guti\u00e9rrez F\u00e9lix, quien ser\u00e1 reconocido en el acto del jueves 30 de junio a las 10:00 de la ma\u00f1ana &nbsp;en el Sal\u00f3n Bienvenido Sandoval.<\/p>\n\n\n\n<p><strong>SECRETARIA DE COMUNICACIONES<\/strong><\/p>\n\n\n\n<p><strong>28 DE JUNIO, 2022<\/strong><\/p>\n","protected":false},"excerpt":{"rendered":"<p>Profesor Juan Bosch Diariodominicano.com El Partido de la Liberaci\u00f3n Dominicana (PLD)\u00a0inicia este mi\u00e9rcoles 29 de junio \u00a0los actos de celebraci\u00f3n de la \u201cConfraternidad Pelede\u00edsta\u201d, festividad que se realiza en la fecha del natalicio del Profesor Juan Bosch. Este a\u00f1o los Comit\u00e9s Provincial y Municipal del PLD en La Vega se suman a la Corriente Magisterial [&hellip;]<\/p>\n","protected":false},"author":28,"featured_media":364783,"comment_status":"closed","ping_status":"","sticky":true,"template":"","format":"standard","meta":{"footnotes":""},"categories":[26,27],"tags":[],"class_list":["post-364782","post","type-post","status-publish","format-standard","has-post-thumbnail","hentry","category-efemerides","category-portada"],"_links":{"self":[{"href":"https:\/\/diariodominicano.com\/index.php?rest_route=\/wp\/v2\/posts\/364782","targetHints":{"allow":["GET"]}}],"collection":[{"href":"https:\/\/diariodominicano.com\/index.php?rest_route=\/wp\/v2\/posts"}],"about":[{"href":"https:\/\/diariodominicano.com\/index.php?rest_route=\/wp\/v2\/types\/post"}],"author":[{"embeddable":true,"href":"https:\/\/diariodominicano.com\/index.php?rest_route=\/wp\/v2\/users\/28"}],"replies":[{"embeddable":true,"href":"https:\/\/diariodominicano.com\/index.php?rest_route=%2Fwp%2Fv2%2Fcomments&post=364782"}],"version-history":[{"count":2,"href":"https:\/\/diariodominicano.com\/index.php?rest_route=\/wp\/v2\/posts\/364782\/revisions"}],"predecessor-version":[{"id":364808,"href":"https:\/\/diariodominicano.com\/index.php?rest_route=\/wp\/v2\/posts\/364782\/revisions\/364808"}],"wp:featuredmedia":[{"embeddable":true,"href":"https:\/\/diariodominicano.com\/index.php?rest_route=\/wp\/v2\/media\/364783"}],"wp:attachment":[{"href":"https:\/\/diariodominicano.com\/index.php?rest_route=%2Fwp%2Fv2%2Fmedia&parent=364782"}],"wp:term":[{"taxonomy":"category","embeddable":true,"href":"https:\/\/diariodominicano.com\/index.php?rest_route=%2Fwp%2Fv2%2Fcategories&post=364782"},{"taxonomy":"post_tag","embeddable":true,"href":"https:\/\/diariodominicano.com\/index.php?rest_route=%2Fwp%2Fv2%2Ftags&post=364782"}],"curies":[{"name":"wp","href":"https:\/\/api.w.org\/{rel}","templated":true}]}}