{"id":364772,"date":"2022-06-28T19:06:53","date_gmt":"2022-06-28T23:06:53","guid":{"rendered":"http:\/\/diariodominicano.com\/?p=364772"},"modified":"2022-06-28T20:26:34","modified_gmt":"2022-06-29T00:26:34","slug":"familiares-donan-al-agn-coleccion-rafael-corporan-de-los-santos","status":"publish","type":"post","link":"https:\/\/diariodominicano.com\/?p=364772","title":{"rendered":"Familiares donan al AGN colecci\u00f3n Rafael Corpor\u00e1n de los Santos"},"content":{"rendered":"\n<p> Rafael Corpor\u00e1n Quezada, en representaci\u00f3n de la familia, en el momento de la entrega con el director general, Roberto Cass\u00e1.<\/p>\n\n\n\n<figure class=\"wp-block-image size-large\"><img loading=\"lazy\" decoding=\"async\" width=\"1024\" height=\"552\" src=\"https:\/\/diariodominicano.com\/wp-content\/uploads\/2022\/06\/Vista-de-parte-de-los-presentes-en-la-actividad.-1024x552.jpg\" alt=\"\" class=\"wp-image-364774\" srcset=\"https:\/\/diariodominicano.com\/wp-content\/uploads\/2022\/06\/Vista-de-parte-de-los-presentes-en-la-actividad.-1024x552.jpg 1024w, https:\/\/diariodominicano.com\/wp-content\/uploads\/2022\/06\/Vista-de-parte-de-los-presentes-en-la-actividad.-300x162.jpg 300w, https:\/\/diariodominicano.com\/wp-content\/uploads\/2022\/06\/Vista-de-parte-de-los-presentes-en-la-actividad.-768x414.jpg 768w, https:\/\/diariodominicano.com\/wp-content\/uploads\/2022\/06\/Vista-de-parte-de-los-presentes-en-la-actividad.-1536x828.jpg 1536w, https:\/\/diariodominicano.com\/wp-content\/uploads\/2022\/06\/Vista-de-parte-de-los-presentes-en-la-actividad.-816x440.jpg 816w, https:\/\/diariodominicano.com\/wp-content\/uploads\/2022\/06\/Vista-de-parte-de-los-presentes-en-la-actividad..jpg 2048w\" sizes=\"auto, (max-width: 1024px) 100vw, 1024px\" \/><figcaption>Roberto Cass\u00e1 con familiares de Rafael Corpor\u00e1n de los Santos.<\/figcaption><\/figure>\n\n\n\n<p><\/p>\n\n\n\n<p>Diariodominicano.com<\/p>\n\n\n\n<p><strong>Santo Domingo, RD. \u2013 <\/strong>El Archivo General de la Naci\u00f3n (AGN), recibi\u00f3 la donaci\u00f3n de una colecci\u00f3n de audiovisuales pertenecientes al fenecido locutor, presentador y productor de radio y televisi\u00f3n, Rafael Corpor\u00e1n de los Santos.<\/p>\n\n\n\n<p>El acto fue llevado a cabo en el Sal\u00f3n de reuniones de la instituci\u00f3n, con la participaci\u00f3n de Rafael Corpor\u00e1n Quezada, en representaci\u00f3n de la familia, el director general, Roberto Cass\u00e1 y varios ejecutivos del AGN.&nbsp;<\/p>\n\n\n\n<p>Los documentos audiovisuales donados por la familia Corpor\u00e1n, datan de los a\u00f1os 1978-2012, y est\u00e1n relacionada con los programas de Rafael Corpor\u00e1n de los Santos como realizador y productor de radio y televisi\u00f3n.<\/p>\n\n\n\n<p>Cass\u00e1 agradeci\u00f3 a la familia a nombre de la instituci\u00f3n y destac\u00f3 la generosidad de la familia por \u201cdesprenderse de una colecci\u00f3n de gran valor hist\u00f3rico, personal y sentimental\u201d, asimismo, resalt\u00f3 la importancia de los programas del destacado comunicador dominicano, \u201ces la memoria del pa\u00eds que est\u00e1 ah\u00ed recogida\u201d. \u201cEste acto puede ayudar a que otros productores de programas se animen a hacer donaciones\u201d, finaliz\u00f3.<\/p>\n\n\n\n<figure class=\"wp-block-image size-large\"><img loading=\"lazy\" decoding=\"async\" width=\"1024\" height=\"683\" src=\"https:\/\/diariodominicano.com\/wp-content\/uploads\/2022\/06\/Rafael-Corporan-Quezada.-1024x683.jpg\" alt=\"\" class=\"wp-image-364775\" srcset=\"https:\/\/diariodominicano.com\/wp-content\/uploads\/2022\/06\/Rafael-Corporan-Quezada.-1024x683.jpg 1024w, https:\/\/diariodominicano.com\/wp-content\/uploads\/2022\/06\/Rafael-Corporan-Quezada.-300x200.jpg 300w, https:\/\/diariodominicano.com\/wp-content\/uploads\/2022\/06\/Rafael-Corporan-Quezada.-768x512.jpg 768w, https:\/\/diariodominicano.com\/wp-content\/uploads\/2022\/06\/Rafael-Corporan-Quezada.-1536x1024.jpg 1536w, https:\/\/diariodominicano.com\/wp-content\/uploads\/2022\/06\/Rafael-Corporan-Quezada.-816x544.jpg 816w, https:\/\/diariodominicano.com\/wp-content\/uploads\/2022\/06\/Rafael-Corporan-Quezada..jpg 2048w\" sizes=\"auto, (max-width: 1024px) 100vw, 1024px\" \/><figcaption><strong>Rafael Corpor\u00e1n Quezada<\/strong><\/figcaption><\/figure>\n\n\n\n<p>De su lado, Corpor\u00e1n Quezada, luego de expresar sus agradecimientos, hizo un llamado a los ciudadanos que posean material de inter\u00e9s sobre su padre, que lo donen al AGN para seguir enriqueciendo el Fondo.<\/p>\n\n\n\n<p>El donativo consiste en 565 cajas de diferentes tama\u00f1os, contentivas de VHS, \u00be U-matic, DVD, reels y cassettes de audio, entre otros, que resguardan miles de horas de grabaci\u00f3n. Adem\u00e1s, 8 m\u00e1quinas, entre las cuales est\u00e1n: 2 Betacam SP modelo UVW-1800, 2 Betacam SP modelo UVW-1600, 1 U-matic-SP modelo VO-9850, 1 VHS marca Sanyo, adem\u00e1s un video toaster (editor de videos) y un Digital Multi Effects DME-450 (realizador de efectos).<\/p>\n\n\n\n<p>Relaciones P\u00fablicas AGN<a target=\"_blank\" href=\"mailto:relacionespublicas@agn.gob.do\" rel=\"noreferrer noopener\">relacionespublicas@agn.gob.do<\/a><\/p>\n","protected":false},"excerpt":{"rendered":"<p>Rafael Corpor\u00e1n Quezada, en representaci\u00f3n de la familia, en el momento de la entrega con el director general, Roberto Cass\u00e1. Diariodominicano.com Santo Domingo, RD. \u2013 El Archivo General de la Naci\u00f3n (AGN), recibi\u00f3 la donaci\u00f3n de una colecci\u00f3n de audiovisuales pertenecientes al fenecido locutor, presentador y productor de radio y televisi\u00f3n, Rafael Corpor\u00e1n de los [&hellip;]<\/p>\n","protected":false},"author":28,"featured_media":364773,"comment_status":"closed","ping_status":"","sticky":true,"template":"","format":"standard","meta":{"footnotes":""},"categories":[20,26],"tags":[],"class_list":["post-364772","post","type-post","status-publish","format-standard","has-post-thumbnail","hentry","category-dominicana-hoy","category-efemerides"],"_links":{"self":[{"href":"https:\/\/diariodominicano.com\/index.php?rest_route=\/wp\/v2\/posts\/364772","targetHints":{"allow":["GET"]}}],"collection":[{"href":"https:\/\/diariodominicano.com\/index.php?rest_route=\/wp\/v2\/posts"}],"about":[{"href":"https:\/\/diariodominicano.com\/index.php?rest_route=\/wp\/v2\/types\/post"}],"author":[{"embeddable":true,"href":"https:\/\/diariodominicano.com\/index.php?rest_route=\/wp\/v2\/users\/28"}],"replies":[{"embeddable":true,"href":"https:\/\/diariodominicano.com\/index.php?rest_route=%2Fwp%2Fv2%2Fcomments&post=364772"}],"version-history":[{"count":2,"href":"https:\/\/diariodominicano.com\/index.php?rest_route=\/wp\/v2\/posts\/364772\/revisions"}],"predecessor-version":[{"id":364809,"href":"https:\/\/diariodominicano.com\/index.php?rest_route=\/wp\/v2\/posts\/364772\/revisions\/364809"}],"wp:featuredmedia":[{"embeddable":true,"href":"https:\/\/diariodominicano.com\/index.php?rest_route=\/wp\/v2\/media\/364773"}],"wp:attachment":[{"href":"https:\/\/diariodominicano.com\/index.php?rest_route=%2Fwp%2Fv2%2Fmedia&parent=364772"}],"wp:term":[{"taxonomy":"category","embeddable":true,"href":"https:\/\/diariodominicano.com\/index.php?rest_route=%2Fwp%2Fv2%2Fcategories&post=364772"},{"taxonomy":"post_tag","embeddable":true,"href":"https:\/\/diariodominicano.com\/index.php?rest_route=%2Fwp%2Fv2%2Ftags&post=364772"}],"curies":[{"name":"wp","href":"https:\/\/api.w.org\/{rel}","templated":true}]}}