{"id":36477,"date":"2008-01-25T17:29:59","date_gmt":"2008-01-25T17:29:59","guid":{"rendered":"http:\/\/diariodominicano.ddns.net\/?p=36477"},"modified":"2008-01-25T17:29:59","modified_gmt":"2008-01-25T17:29:59","slug":"las-principales-en-teledebate-10","status":"publish","type":"post","link":"https:\/\/diariodominicano.com\/?p=36477","title":{"rendered":"LAS PRINCIPALES EN TELEDEBATE"},"content":{"rendered":"<p><body><\/p>\n<p align=\"justify\"><span class=\"titulogrande1\">LAS PRINCIPALES EN TELEDEBATE<\/span><br \/>&#13;<br \/>\n  <br \/>&#13;<br \/>\n    <span class=\"text1noticias\">Jueves  24,01,08<\/span><\/p>\n<p>&#13;<\/p>\n<p align=\"justify\" class=\"text1noticias\"><strong>A ESTE PASO, NOS QUEDAREMOS SIN AGUA.\u00a0<\/strong> Para que se tenga una idea de hasta d\u00f2nde es  de grave el problema del agua en nuestro pa\u00ecs, baste se\u00f1alar que la capacidad  nacional del preciado liquido, sin el cual no es posible la vida humana, se ha  reducido en nada menos que un cincuenta porciento tan solo en los \u00f9ltimos 30  a\u00f1os.\u00a0 A este paso, si no frenamos la  depredaci\u00f2n de r\u00ecos y fuentes de abastecimiento, en otros 30 a\u00f1os o menos  tendremos que importarla para seguir viviendo.<\/p>\n<p>&#13;<\/p>\n<p align=\"justify\" class=\"text1noticias\"><strong>GUERRA AVISADA&#8230;<\/strong> Otra sobre el  cambio clim\u00e0tico y sus efectos negativos para nuestro pedazo de isla. El  Secretario de Medio Ambiente advierte a nuestros productores agr\u00eccolas que la  temporada cicl\u00f2nica se ha ampliado.\u00a0 Ya  antes en Teledebate, la   Directora de Mereorolog\u00eca hab\u00eca anunciado que tendremos m\u00e0s  ciclones, m\u00e0s fuertes y menos predecibles.\u00a0  Como dicen que guerra avisada no mata soldado, debemos prepararnos.<\/p>\n<p>&#13;<\/p>\n<p align=\"justify\" class=\"text1noticias\"><strong>SON APENAS CHIVITOS.<\/strong> Seg\u00f9n  divulga en su edici\u00f2n del d\u00eca el renovado peri\u00f2dico Hoy, con un nuevo, moderno  y atractivo dise\u00f1o, cada senador cuesta por encima de dos millones de pesos  mensuales, a partir del sueldo base que es de 265 mil pesos, entre  exoneraciones, oficina congresional, empleados, choferes y los famosos  barrilitos que oscilan entre 400 y 900 mil pesos. <br \/>&#13;<br \/>\n  <br \/>&#13;<br \/>\nComparados con ellos, los  diputados son apenas unos chivitos.<\/p>\n<p>&#13;<\/p>\n<p align=\"justify\" class=\"text1noticias\"><strong>\u00bfESTARA CIEGO?<\/strong> El narcotr\u00e0fico  sigue mostrando sus u\u00f1as y Control de Drogas cort\u00e0ndoselas.\u00a0 <br \/>&#13;<br \/>\n  <br \/>&#13;<br \/>\nAyer en la terminal de carga de Punta Caucedo  se ocup\u00f2 un alijo mezclado con latas de guandules, ma\u00ecz y leche con coco que  ser\u00eca despachado a Europa.\u00a0 Es el octavo  cargamento que se ocupa en los aeropuertos del pa\u00ecs en un mes. Pese a ello, un  candidato presidencial critica la compra de Tucanes para combatir el flagelo.  \u00a1Qu\u00e8 ceguera!<\/p>\n<p>&#13;<\/p>\n<p align=\"justify\" class=\"text1noticias\"><strong>GULA, PECADO CAPITAL.\u00a0<\/strong> Seg\u00f9n el diputado reformista Ram\u00f2n Rogelio  Genao los 282 millones 600 mil pesos que recibir\u00e0 cada uno de los 3 grandes  partidos para tan solo la primera vuelta, apenas representa menos de la tercera  parte de los mil millones que tambi\u00e8n gastar\u00e0 cada uno.<br \/>&#13;<br \/>\n  <br \/> &#13;<br \/>\n\u00bfSer\u00e0 que pretende sean  aumentados los fondos que reciben del presupuesto nacional, sustray\u00e8ndolos a  otras necesidades vitales? Recuerde que la gula es pecado capital.<\/p>\n<p>&#13;<\/p>\n<p align=\"justify\" class=\"text1noticias\"><strong>PFS: DIALOGO Y NEGOCIACION. <\/strong>Lo  menos que se puede reclamar de las directivas del Colegio M\u00e8dico Dominicano y  de la Asociaci\u00f2n  de Cl\u00ecnicas Privadas es que suspenden el insensato llamado a negar atenci\u00f2n a  los pacientes de la   Seguridad Social que acudan a estos centros el pr\u00f2ximo d\u00eca  30.\u00a0 Lo que se impone es un comp\u00e0s de  espera para el di\u00e0logo y la negociaci\u00f2n y no las medidas de fuerza. Esta  siempre es mala consejera.<\/p>\n<p>&#13;<\/p>\n<p align=\"justify\" class=\"text1noticias\"><strong>QUE SEA EJEMPLO SANTIAGO. <\/strong>Los  regidores pelede\u00ecstas de Santiago han dado un ejemplo en cambio de gran  sensatez cuando decidieron respetar las directrices de su partido y anular el  aumento de dietas que se hab\u00ecan acordado. Es de esperar que los perrede\u00ecstas  hagan lo mismo. <br \/>&#13;<br \/>\n  <br \/>&#13;<br \/>\nLa abstenci\u00f2n de los reformistas y la firme negativa del  S\u00ecndico Jos\u00e8 Enrique Sued a acoger el aumento fueron de gran ayuda. Bien por  ellos. Rectificar es de sabios. Que sea ejemplo Santiago y no San Crist\u00f2bal.<\/p>\n<p>&#13;<\/p>\n<p align=\"justify\" class=\"text1noticias\"><strong>\u00bfDELINCUENCIA EN CAPOTILLO?<\/strong> \u00bfNo  quedamos que Capotillo era el sector insignia del Plan Barrio Seguro, donde  \u00e8ste comenz\u00f2 a implementarse?\u00a0 \u00bfNo se  hab\u00eca estado diciendo todo este tiempo que la delincuencia hab\u00eca bajado de tono  dentro de sus fronteras?\u00a0 Entonces, \u00bfa  qu\u00e8 obedecen ahora las quejas que est\u00e0n externando vecinos de la barriada  denunciando, entre otros males como la falta de agua y los apagones, la gran  cantidad de robos y atracos? Es un llamado de alerta para Interior y Polic\u00eca y  el cuerpo de orden p\u00f9blico.<\/p>\n<p>&#13;<\/p>\n<p align=\"justify\" class=\"text1noticias\"><strong>OTRA DE NUESTRAS  TORCEDURAS:\u00a0 <\/strong>Seg\u00f9n un prolijo trabajo de  investigaci\u00f2n que llevaron a cabo reporteros de El D\u00eca hay fundaciones  pol\u00ecticas, encajadas en el cap\u00ectulo de ONGs del presupuesto, que recibir\u00e0n m\u00e0s  recursos para adoctrinamiento de su militancia que otras reconocidas entidades  que se dedican a realizar una intensa labor de bien social en beneficio de las  clases m\u00e0s necesitadas. Otra de las cosas que marchan torcidas en nuestro pa\u00ecs.<\/p>\n<p>&#13;<\/p>\n<p align=\"justify\" class=\"text1noticias\"><strong>CURA Y ACTIVISTA SOCIAL.\u00a0 <\/strong>La Secretar\u00eca Administrativa  de la Presidencia  y la Direcci\u00f2n   General de Desarrollo de la Comunidad acordaron  entregar 18 millones de pesos en bonos de alimentos al padre Rogelio Cruz para  cubrir las necesidades nutricionales de unas 3 mil familias que residen en el  Bajo Yuna, durante los pr\u00f2ximos 3 meses.\u00a0  Habr\u00e0 tambi\u00e8n una surrapa para financiar la siembra y promover la venta  de hortalizas en la zona.\u00a0 Rogelio,  adem\u00e0s de dedicarse a la absoluci\u00f2n de los pecados, es un activista social  incansable.<\/p>\n<p>&#13;<\/p>\n<p align=\"justify\" class=\"text1noticias\"><strong>AGILIZAR LA AYUDA:<\/strong>\u00a0 Centenares de damnificados por el desague de la Presa de Tavera marcharon  ayer hasta la   Gobernaci\u00f2n Provincial reclamando la entrega de los  electrodom\u00e8sticos prometidos por el Gobierno. Piden adem\u00e0s, ser reubicados.  Aunque en INVI ha estado trabajando a marchas forzadas en Santiago en la  construcci\u00f2n y reconstrucci\u00f2n de viviendas,\u00a0  parece que ser\u00e0 necesario dedicar mayores recursos y esfuerzos para  agilizar la ayuda a los que perdieron sus hogares.<\/p>\n<p>&#13;<\/p>\n<h6> 2008-01-25 17:29:59 <\/h6>\n<p><!--\n<link rel=\"stylesheet\" href=\"css\/bootstrap.min.css\">\n\n\n<ul class=\"pagination\">\n\t    \n\t\n\n<li >\n\t<a href='?page_no=12335'>Previous<\/a>\n\t<\/li>\n\n\n       \n    \n\n<li><a href='?page_no=1'>1<\/a><\/li>\n\n\n\n<li><a href='?page_no=2'>2<\/a><\/li>\n\n\n\n<li><a>...<\/a><\/li>\n\n\n\n<li><a href='?page_no=12334'>12334<\/a><\/li>\n\n\n\n<li><a href='?page_no=12335'>12335<\/a><\/li>\n\n\n\n<li class='active'><a>12336<\/a><\/li>\n\n\n\n<li><a href='?page_no=12337'>12337<\/a><\/li>\n\n\n\n<li><a href='?page_no=12338'>12338<\/a><\/li>\n\n\n\n<li><a>...<\/a><\/li>\n\n\n\n<li><a href='?page_no=13611'>13611<\/a><\/li>\n\n\n\n<li><a href='?page_no=13612'>13612<\/a><\/li>\n\n    \n\t\n\n<li >\n\t<a href='?page_no=12337'>Next<\/a>\n\t<\/li>\n\n\n    \n\n<li><a href='?page_no=13612'>Last &rsaquo;&rsaquo;<\/a><\/li>\n\n<\/ul>\n\n\n--><br \/>\n<\/body><\/p>\n","protected":false},"excerpt":{"rendered":"<p>LAS PRINCIPALES EN TELEDEBATE&#13; &#13; Jueves 24,01,08 &#13; A ESTE PASO, NOS QUEDAREMOS SIN AGUA.\u00a0 Para que se tenga una idea de hasta d\u00f2nde es de grave el problema del agua en nuestro pa\u00ecs, baste se\u00f1alar que la capacidad nacional del preciado liquido, sin el cual no es posible la vida humana, se ha reducido [&hellip;]<\/p>\n","protected":false},"author":3,"featured_media":0,"comment_status":"open","ping_status":"open","sticky":false,"template":"","format":"standard","meta":{"footnotes":""},"categories":[16],"tags":[],"class_list":["post-36477","post","type-post","status-publish","format-standard","hentry","category-opiniones"],"_links":{"self":[{"href":"https:\/\/diariodominicano.com\/index.php?rest_route=\/wp\/v2\/posts\/36477","targetHints":{"allow":["GET"]}}],"collection":[{"href":"https:\/\/diariodominicano.com\/index.php?rest_route=\/wp\/v2\/posts"}],"about":[{"href":"https:\/\/diariodominicano.com\/index.php?rest_route=\/wp\/v2\/types\/post"}],"author":[{"embeddable":true,"href":"https:\/\/diariodominicano.com\/index.php?rest_route=\/wp\/v2\/users\/3"}],"replies":[{"embeddable":true,"href":"https:\/\/diariodominicano.com\/index.php?rest_route=%2Fwp%2Fv2%2Fcomments&post=36477"}],"version-history":[{"count":0,"href":"https:\/\/diariodominicano.com\/index.php?rest_route=\/wp\/v2\/posts\/36477\/revisions"}],"wp:attachment":[{"href":"https:\/\/diariodominicano.com\/index.php?rest_route=%2Fwp%2Fv2%2Fmedia&parent=36477"}],"wp:term":[{"taxonomy":"category","embeddable":true,"href":"https:\/\/diariodominicano.com\/index.php?rest_route=%2Fwp%2Fv2%2Fcategories&post=36477"},{"taxonomy":"post_tag","embeddable":true,"href":"https:\/\/diariodominicano.com\/index.php?rest_route=%2Fwp%2Fv2%2Ftags&post=36477"}],"curies":[{"name":"wp","href":"https:\/\/api.w.org\/{rel}","templated":true}]}}