{"id":36476,"date":"2008-01-25T17:33:29","date_gmt":"2008-01-25T17:33:29","guid":{"rendered":"http:\/\/diariodominicano.ddns.net\/?p=36476"},"modified":"2008-01-25T17:33:29","modified_gmt":"2008-01-25T17:33:29","slug":"los-temas-de-teledebate-4","status":"publish","type":"post","link":"https:\/\/diariodominicano.com\/?p=36476","title":{"rendered":"LOS TEMAS DE TELEDEBATE"},"content":{"rendered":"<p><body><\/p>\n<p class=\"titulogrande1\">LOS TEMAS DE TELEDEBATE<\/p>\n<p>&#13;<\/p>\n<p align=\"center\">\u00a0<\/p>\n<p>&#13;<\/p>\n<ol>&#13;<\/p>\n<li>&#13;\n<div align=\"justify\" class=\"text1noticias\"><strong>\u00bfPROPUESTAS O PROMESAS?\u00a0<\/strong> Una vez m\u00e0s insistimos en que el electorado  debe reclamar a todos los candidatos sin excepci\u00f2n que dejen de lado las  promesas y hagan propuestas concretas.\u00a0  Pero estas propuestas tienen que ir acompa\u00f1adas de las f\u00f2rmulas viables  en que se proyecta llevarlas a la pr\u00e0ctica.\u00a0  Por ofrecer, siempre en toda campa\u00f1a electoral hay quienes ofrecen hasta  la luna.\u00a0\u00a0 Toda propuesta para que pueda  ser considerada y evaluada tiene que concretarse en f\u00f2rmulas de ejecuci\u00f2n y de  paso detalladas en pesos y centavos.\u00a0  Mientras no sea as\u00ec, no pasar\u00e0n de ser puras promesas las m\u00e0s de las  veces luego incumplidas por demag\u00f2gicas o fantasiosas.<\/div>\n<p>&#13;\n  <\/li>\n<p>&#13;\n<\/ol>\n<p>&#13;<\/p>\n<div align=\"justify\">&#13;<\/p>\n<ol>&#13;<\/p>\n<li class=\"text1noticias\"><strong>RECTIFICAR ES DE SABIOS:\u00a0 <\/strong>Los regidores de Santiago primero copiaron el  mal ejemplo de los de San Crist\u00f2bal, donde los pertenecientes a los 3 partidos  tradicionales no tuvieron mayor dificultad en zanjar sus diferencias de  bander\u00ecas para ponerse de acuerdo y aumentarse de manera abusiva sus ingresos,  una decisi\u00f2n que escandaliz\u00f2 al propio s\u00ecndico, a los sancristobalenses y a  toda la ciudadan\u00eca.\u00a0 Ahora sin embargo,  han dado marcha atr\u00e0s. Para no ser menos,\u00a0  los ediles pelede\u00ecstas y perrede\u00ecstas santiaguenses acordaron tambi\u00e8n  aumentarse sus ingresos en forma significativa aunque se mostraron m\u00e0s  moderados que sus colegas sancristobalenses.\u00a0  No obstante ello, tambi\u00e8n escandalizaron a la poblaci\u00f2n de la Ciudad Coraz\u00f2n y  motivaron la negativa vigorosa del propio S\u00ecndico Jos\u00e8 Enrique Sued, a quien  melosamente acordaron elevar su sueldo de 65 mil a 160 mil pesos mensuales, lo  que tambi\u00e8n fue rechazado por el sagaz y popular alcalde. Los regidores  reformistas por su parte se mantuvieron en discreta abstenci\u00f2n.\u00a0 <br \/>&#13;<br \/>\n      <br \/>&#13;<br \/>\n    Ahora, los concejales del PLD anuncian que  decidieron acatar la l\u00ecnea de su partido opuesto a dichos aumentos y dejar sin  efecto los mismos. Es de esperar que los del PRD asuman la misma postura,  tambi\u00e8n siguiendo las directrices de su agrupaci\u00f2n.\u00a0 Dicen que rectificar es de sabios.\u00a0 Y en esta ocasi\u00f2n, los ediles de Santiago han  mostrado mayor dosis si no de sabidur\u00eca al menos de sensatez que los de San  Crist\u00f2bal.\u00a0 Es de esperar que su ejemplo  sea imitado y no el de estos \u00f9ltimos.<\/li>\n<p>&#13;\n  <\/ol>\n<p>&#13;\n<\/p><\/div>\n<p>&#13;<\/p>\n<p align=\"justify\">\u00a0<\/p>\n<p>&#13;<\/p>\n<div align=\"justify\">&#13;<\/p>\n<ol>&#13;<\/p>\n<li class=\"text1noticias\"><strong>PLAN FAMILIAR DE SALUD.<\/strong>\u00a0 El Plan Familiar de Salud sigue dando  tropezones. No hay una sola piedra que haya encontrado en el camino con la cual  no haya chocado. Ahora el enfrentamiento es entre los sindicalistas por un lado  y la Asociaci\u00f2n   M\u00e8dica Dominicana en alianza con la Asociaci\u00f2n de Cl\u00ecnicas  Privadas del otro, por la impugnaci\u00f2n hecha por los primeros a una resoluci\u00f2n  que favorece a los \u00f9ltimos pero a costa de aquellos. M\u00e8dicos y due\u00f1os de  cl\u00ecnicas ahora hacen causa com\u00f9n y anuncian nada menos que una paralizaci\u00f2n del  servicio para los afiliados al Plan Familiar de Salud de la Seguridad Social  para el d\u00eca 30. La modalidad esta vez es que el paro ser\u00e0 en las cl\u00ecnicas  particulares.\u00a0 Es obvio que los m\u00e8dicos  deben recibir una remuneraci\u00f2n justa por la calidad y responsabilidad de su  trabajo ya que tienen en sus manos la salud y la vida de los pacientes. Tambi\u00e8n  las cl\u00ecnicas cobrar por sus servicios de mal modo que garantizan su  rentabilidad.\u00a0 Pero por otra parte, hay  que procurar que el sector obrero que es el m\u00e0s d\u00e8bil a fin de cuentas, no  resulte perjudicado.\u00a0 Lo procedente es  que en este caso se desista del paro y se abra un proceso de di\u00e0logo a la  b\u00f9squeda de una soluci\u00f2n negociada y justa.\u00a0  La fuerza s\u00f2lo genera fuerza, la violencia trae violencia.\u00a0 Por lo dem\u00e0s, los afiliados y las empresas  que son los que cotizan y sostienen el sistema no tienen por qu\u00e8 resultar victimados  cada vez que se produce una diferencia de criterios o de intereses entre los  actores del proceso.<\/li>\n<p>&#13;\n  <\/ol>\n<p>&#13;<\/p>\n<ol>&#13;<\/p>\n<li class=\"text1noticias\"><strong>CAMBIO CLIMATICO.\u00a0<\/strong>  Bastar\u00eca la dram\u00e0tica realidad de que apenas en los \u00f9ltimos 3 decenios  el pa\u00ecs ha visto disminu\u00ecda su capacidad de suministro de agua apenas a la  mitad, para que nos aboquemos a tomar las medidas necesarias, urgentes y  en\u00e8rgicas para preservar a cal y canto las fuentes del preciado l\u00ecquido que nos  quedan y hemos permitido sean depredadas de la manera m\u00e0s irresponsable.\u00a0 Pero a ello habr\u00eca que a\u00f1adir las se\u00f1ales de  los cambios que est\u00e0 produciendo el fen\u00f2mento del calentamiento global, fruto  tambi\u00e8n de nuestra irresponsabilidad, y el anuncio de los mucho m\u00e0s  significativos que se esperan. Entre \u00e8stos figuran temporadas cicl\u00f2nicas m\u00e0s largas,  m\u00e0s fuertes y menos predecibles, aumento de la temperatura y elevaci\u00f2n del  nivel del mar, quiz\u00e0s el efecto m\u00e0s peligroso de todos por los da\u00f1os que puede  ocasionar a nuestras playas que constituyen uno de los principales atractivos  tur\u00ecsticos y recreacionales del pa\u00ecs.\u00a0  M\u00e0s claro: o nos ponemos las pilas o pagaremos m\u00e0s caro de lo que hemos  debido hacerlo hasta ahora, sobre todo con Noel y Olga.<\/li>\n<p>&#13;\n  <\/ol>\n<p>&#13;\n<\/p><\/div>\n<p>&#13;<\/p>\n<p align=\"justify\">\u00a0<\/p>\n<p>&#13;<\/p>\n<p align=\"justify\" class=\"text1noticias\"><strong>&#8212; MARCHA CONTRA LAS FARC.\u00a0<\/strong> La ex reh\u00e8n y diputada Consuelo Gonz\u00e0lez  encabez\u00f2 en Bogot\u00e0 una marcha en la que participaron unas cinco mil personas  vestidas de blanco para reclamar de las FARC la liberaci\u00f2n incondicional de los  m\u00e0s de setecientos secuestrados que se calcula est\u00e0n en su poder en condici\u00f2n  de rehenes y sufriendo un torturante e injustificado cautiverio.\u00a0 En m\u00e0s de cuarenta a\u00f1os, el grupo guerrillero  no ha podido lograr ni la simpatia ni el apoyo del pueblo colombiano que  rechaza sus m\u00e8todos. Tambi\u00e8n le sali\u00f2 el tiro por la culata con la maniobra de  pretender que su status internacional fuese cambiado de grupo terrorista a  insurgente.\u00a0 Ligados a los  narcotraficantes y responsables de un crimen de lesa humanidad como es el  secuestro a las FARC no les queda m\u00e0s remedio que desandar el camino de la  violencia e incorporarse a la acci\u00f2n pol\u00ectica, tal como han hecho otros grupos  en diferentes pa\u00ecses del continente.<\/p>\n<p>&#13;<\/p>\n<h6> 2008-01-25 17:33:29 <\/h6>\n<p><!--\n<link rel=\"stylesheet\" href=\"css\/bootstrap.min.css\">\n\n\n<ul class=\"pagination\">\n\t    \n\t\n\n<li >\n\t<a href='?page_no=12334'>Previous<\/a>\n\t<\/li>\n\n\n       \n    \n\n<li><a href='?page_no=1'>1<\/a><\/li>\n\n\n\n<li><a href='?page_no=2'>2<\/a><\/li>\n\n\n\n<li><a>...<\/a><\/li>\n\n\n\n<li><a href='?page_no=12333'>12333<\/a><\/li>\n\n\n\n<li><a href='?page_no=12334'>12334<\/a><\/li>\n\n\n\n<li class='active'><a>12335<\/a><\/li>\n\n\n\n<li><a href='?page_no=12336'>12336<\/a><\/li>\n\n\n\n<li><a href='?page_no=12337'>12337<\/a><\/li>\n\n\n\n<li><a>...<\/a><\/li>\n\n\n\n<li><a href='?page_no=13611'>13611<\/a><\/li>\n\n\n\n<li><a href='?page_no=13612'>13612<\/a><\/li>\n\n    \n\t\n\n<li >\n\t<a href='?page_no=12336'>Next<\/a>\n\t<\/li>\n\n\n    \n\n<li><a href='?page_no=13612'>Last &rsaquo;&rsaquo;<\/a><\/li>\n\n<\/ul>\n\n\n--><br \/>\n<\/body><\/p>\n","protected":false},"excerpt":{"rendered":"<p>LOS TEMAS DE TELEDEBATE &#13; \u00a0 &#13; &#13; &#13; \u00bfPROPUESTAS O PROMESAS?\u00a0 Una vez m\u00e0s insistimos en que el electorado debe reclamar a todos los candidatos sin excepci\u00f2n que dejen de lado las promesas y hagan propuestas concretas.\u00a0 Pero estas propuestas tienen que ir acompa\u00f1adas de las f\u00f2rmulas viables en que se proyecta llevarlas a [&hellip;]<\/p>\n","protected":false},"author":3,"featured_media":0,"comment_status":"open","ping_status":"open","sticky":false,"template":"","format":"standard","meta":{"footnotes":""},"categories":[16],"tags":[],"class_list":["post-36476","post","type-post","status-publish","format-standard","hentry","category-opiniones"],"_links":{"self":[{"href":"https:\/\/diariodominicano.com\/index.php?rest_route=\/wp\/v2\/posts\/36476","targetHints":{"allow":["GET"]}}],"collection":[{"href":"https:\/\/diariodominicano.com\/index.php?rest_route=\/wp\/v2\/posts"}],"about":[{"href":"https:\/\/diariodominicano.com\/index.php?rest_route=\/wp\/v2\/types\/post"}],"author":[{"embeddable":true,"href":"https:\/\/diariodominicano.com\/index.php?rest_route=\/wp\/v2\/users\/3"}],"replies":[{"embeddable":true,"href":"https:\/\/diariodominicano.com\/index.php?rest_route=%2Fwp%2Fv2%2Fcomments&post=36476"}],"version-history":[{"count":0,"href":"https:\/\/diariodominicano.com\/index.php?rest_route=\/wp\/v2\/posts\/36476\/revisions"}],"wp:attachment":[{"href":"https:\/\/diariodominicano.com\/index.php?rest_route=%2Fwp%2Fv2%2Fmedia&parent=36476"}],"wp:term":[{"taxonomy":"category","embeddable":true,"href":"https:\/\/diariodominicano.com\/index.php?rest_route=%2Fwp%2Fv2%2Fcategories&post=36476"},{"taxonomy":"post_tag","embeddable":true,"href":"https:\/\/diariodominicano.com\/index.php?rest_route=%2Fwp%2Fv2%2Ftags&post=36476"}],"curies":[{"name":"wp","href":"https:\/\/api.w.org\/{rel}","templated":true}]}}