{"id":36475,"date":"2008-01-26T03:50:34","date_gmt":"2008-01-26T03:50:34","guid":{"rendered":"http:\/\/diariodominicano.ddns.net\/?p=36475"},"modified":"2008-01-26T03:50:34","modified_gmt":"2008-01-26T03:50:34","slug":"sociedad-civil-esta-estancada","status":"publish","type":"post","link":"https:\/\/diariodominicano.com\/?p=36475","title":{"rendered":"Sociedad Civil est\u00e1 estancada"},"content":{"rendered":"<p><body><\/p>\n<p align=\"center\"><strong class=\"titulogrande1\">Sociedad Civil est\u00e1 estancada <\/strong><br \/>&#13;<br \/>\n  <br \/>&#13;<br \/>\n    <strong>Fracas\u00f3 en misi\u00f3n de  comprometer al liderazgo pol\u00edtico en agenda por la modernidad<\/strong><\/p>\n<p>&#13;<\/p>\n<p align=\"justify\" class=\"text1noticias\"><strong><img loading=\"lazy\" decoding=\"async\" src=\"http:\/\/10.0.0.82:8080\/pictures\/belarminio.jpg\" width=\"269\" height=\"354\" hspace=\"4\" align=\"left\" \/>Santo  Domingo, Rep\u00fablica Dominicana.- <\/strong>El polit\u00f3logo Belarminio Ram\u00edrez Morillo  manifest\u00f3 que el desgaste sufrido por el sistema de partidos en la \u00faltima  d\u00e9cada arrastra tambi\u00e9n a instituciones de la sociedad civil, que en un pasado  reciente asumieron roles protag\u00f3nicos en el debate p\u00fablico y en la presentaci\u00f3n  de propuestas para fortalecer la institucionalidad democr\u00e1tica.<\/p>\n<p>&#13;<\/p>\n<p align=\"justify\" class=\"text1noticias\">El profesor  universitario dijo que la sociedad civil fracas\u00f3 en el intento de lograr  consenso entre el liderazgo pol\u00edtico en procura de realizar las reformas  necesarias para el desarrollo institucional, pol\u00edtico y econ\u00f3mico de la  sociedad dominicana.<\/p>\n<p>&#13;<\/p>\n<p align=\"justify\" class=\"text1noticias\">Expres\u00f3 que  unos cuantos a\u00f1os atr\u00e1s exist\u00eda una agenda compartida entre los partidos  pol\u00edticos y la sociedad civil. Adujo que se observaba un inter\u00e9s manifiesto  entre ambos sectores y un dinamismo en la discusi\u00f3n que condujo a mejorar la  calidad del debate y despert\u00f3 expectativas de cambios en amplios sectores de la  vida nacional.<\/p>\n<p>&#13;<\/p>\n<p align=\"justify\" class=\"text1noticias\">\u201cAhora por  el contrario, tenemos una sociedad civil que luce cansada, y parece haber  agotado todas sus energ\u00edas sin lograr influir en el comportamiento del  liderazgo pol\u00edtico.\u201d Subray\u00f3 el pol\u00edtico y escritor.<\/p>\n<p>&#13;<\/p>\n<p align=\"justify\" class=\"text1noticias\">Manifest\u00f3  que en el pasado reciente los pol\u00edticos estaban muy pendientes a las propuestas  de la sociedad civil, y en ciertos casos se produc\u00eda una lucha antag\u00f3nica entre  ambos sectores en los afanes de incidir en la formaci\u00f3n de la opini\u00f3n p\u00fablica. <\/p>\n<p>&#13;<\/p>\n<p align=\"justify\" class=\"text1noticias\">Dijo que en  la coyuntura en que vive la Rep\u00fablica   Dominicana la sociedad civil debe ser m\u00e1s en\u00e9rgica y din\u00e1mica  no solo en las denuncias de los desafueros cometidos por la clase pol\u00edtica,  sino tambi\u00e9n en procura de lograr que los pol\u00edticos asuman un compromiso de  cambio que enrumbe a la sociedad por el sendero de la modernidad.<\/p>\n<p>&#13;<\/p>\n<p align=\"justify\" class=\"text1noticias\">Lament\u00f3 el  hecho de que el liderazgo pol\u00edtico en su poco inter\u00e9s por fomentar la  democracia participativa y ante la ausencia de voluntad pol\u00edtica para arribar a  soluciones de consensos para fortalecer la democracia y contribuir al  desarrollo de la naci\u00f3n, afectara la imagen de instituciones y actores de la  sociedad civil, como es el caso espec\u00edfico de Monse\u00f1or Agripino N\u00fa\u00f1ez Collado,  quien en varias ocasiones sirvi\u00f3 de intermediario para que los pol\u00edticos se  pusieran de acuerdo en cuestiones vitales para la gobernabilidad.<\/p>\n<p>&#13;<\/p>\n<p align=\"justify\" class=\"text1noticias\">Expres\u00f3 que  los \u00faltimos esfuerzos realizados por Agripino no dieron resultados, debido a  que los pol\u00edticos y empresarios consensuaban un asunto, y desde que sal\u00edan de  los salones de la universidad comenzaban a conspirar contra los asuntos  acordados y pactados.<\/p>\n<p>&#13;<\/p>\n<p align=\"justify\" class=\"text1noticias\">Belarminio  Ram\u00edrez dijo que sin darse cuenta el liderazgo pol\u00edtico inhabilit\u00f3 a Monse\u00f1or  Agripino N\u00fa\u00f1ez Collado para que prosiguiera en su misi\u00f3n de arbitrar conflictos  pol\u00edticos, institucionales, sociales y gremiales.<br \/>&#13;<br \/>\n  \u00a0 <br \/>&#13;<br \/>\n  Expres\u00f3 que  las instituciones de la sociedad civil hacen muy poco con limitar su rol en la  campa\u00f1a electoral a servir de escenarios para que los candidatos presenten  programas de gobierno que constituyen letras muertas.<\/p>\n<p>&#13;<\/p>\n<p align=\"justify\" class=\"text1noticias\">Me parece  que instituciones como Participaci\u00f3n Ciudadana, Fundaci\u00f3n Institucionalidad y  Justicia, Asociaci\u00f3n Nacional de J\u00f3venes Empresarios, Foro Ciudadano, Consejo  Nacional de Hombres de Empresas, entre otras, m\u00e1s que seguir dedicando energ\u00edas  para que los candidatos acudan a sus locales para que expongan sus programas de  gobiernos, lo que deben hacer es preparar un Plan de Naci\u00f3n, y comprometer a la  clase pol\u00edtica en su ejecuci\u00f3n. Mientras no se logre ese objetivo, tendremos  gobernantes \u201cdando palos a ciegas\u201d como ha sucedido durante toda nuestra  historia republicana.<\/p>\n<p>&#13;<\/p>\n<p align=\"justify\" class=\"text1noticias\">\u201cEn el  presente, tenemos una clase pol\u00edtica que no le teme ni a la sociedad civil ni a  la opini\u00f3n p\u00fablica, y eso es preocupante.\u201d Sostuvo el polit\u00f3logo y abogado.<\/p>\n<p>&#13;<\/p>\n<h6> 2008-01-26 03:50:34 <\/h6>\n<p><!--\n<link rel=\"stylesheet\" href=\"css\/bootstrap.min.css\">\n\n\n<ul class=\"pagination\">\n\t    \n\t\n\n<li >\n\t<a href='?page_no=12333'>Previous<\/a>\n\t<\/li>\n\n\n       \n    \n\n<li><a href='?page_no=1'>1<\/a><\/li>\n\n\n\n<li><a href='?page_no=2'>2<\/a><\/li>\n\n\n\n<li><a>...<\/a><\/li>\n\n\n\n<li><a href='?page_no=12332'>12332<\/a><\/li>\n\n\n\n<li><a href='?page_no=12333'>12333<\/a><\/li>\n\n\n\n<li class='active'><a>12334<\/a><\/li>\n\n\n\n<li><a href='?page_no=12335'>12335<\/a><\/li>\n\n\n\n<li><a href='?page_no=12336'>12336<\/a><\/li>\n\n\n\n<li><a>...<\/a><\/li>\n\n\n\n<li><a href='?page_no=13611'>13611<\/a><\/li>\n\n\n\n<li><a href='?page_no=13612'>13612<\/a><\/li>\n\n    \n\t\n\n<li >\n\t<a href='?page_no=12335'>Next<\/a>\n\t<\/li>\n\n\n    \n\n<li><a href='?page_no=13612'>Last &rsaquo;&rsaquo;<\/a><\/li>\n\n<\/ul>\n\n\n--><br \/>\n<\/body><\/p>\n","protected":false},"excerpt":{"rendered":"<p>Sociedad Civil est\u00e1 estancada &#13; &#13; Fracas\u00f3 en misi\u00f3n de comprometer al liderazgo pol\u00edtico en agenda por la modernidad &#13; Santo Domingo, Rep\u00fablica Dominicana.- El polit\u00f3logo Belarminio Ram\u00edrez Morillo manifest\u00f3 que el desgaste sufrido por el sistema de partidos en la \u00faltima d\u00e9cada arrastra tambi\u00e9n a instituciones de la sociedad civil, que en un pasado [&hellip;]<\/p>\n","protected":false},"author":3,"featured_media":0,"comment_status":"open","ping_status":"open","sticky":false,"template":"","format":"standard","meta":{"footnotes":""},"categories":[16],"tags":[],"class_list":["post-36475","post","type-post","status-publish","format-standard","hentry","category-opiniones"],"_links":{"self":[{"href":"https:\/\/diariodominicano.com\/index.php?rest_route=\/wp\/v2\/posts\/36475","targetHints":{"allow":["GET"]}}],"collection":[{"href":"https:\/\/diariodominicano.com\/index.php?rest_route=\/wp\/v2\/posts"}],"about":[{"href":"https:\/\/diariodominicano.com\/index.php?rest_route=\/wp\/v2\/types\/post"}],"author":[{"embeddable":true,"href":"https:\/\/diariodominicano.com\/index.php?rest_route=\/wp\/v2\/users\/3"}],"replies":[{"embeddable":true,"href":"https:\/\/diariodominicano.com\/index.php?rest_route=%2Fwp%2Fv2%2Fcomments&post=36475"}],"version-history":[{"count":0,"href":"https:\/\/diariodominicano.com\/index.php?rest_route=\/wp\/v2\/posts\/36475\/revisions"}],"wp:attachment":[{"href":"https:\/\/diariodominicano.com\/index.php?rest_route=%2Fwp%2Fv2%2Fmedia&parent=36475"}],"wp:term":[{"taxonomy":"category","embeddable":true,"href":"https:\/\/diariodominicano.com\/index.php?rest_route=%2Fwp%2Fv2%2Fcategories&post=36475"},{"taxonomy":"post_tag","embeddable":true,"href":"https:\/\/diariodominicano.com\/index.php?rest_route=%2Fwp%2Fv2%2Ftags&post=36475"}],"curies":[{"name":"wp","href":"https:\/\/api.w.org\/{rel}","templated":true}]}}