{"id":36473,"date":"2008-01-26T04:37:04","date_gmt":"2008-01-26T04:37:04","guid":{"rendered":"http:\/\/diariodominicano.ddns.net\/?p=36473"},"modified":"2008-01-26T04:37:04","modified_gmt":"2008-01-26T04:37:04","slug":"a-donde-estamos-huyendo","status":"publish","type":"post","link":"https:\/\/diariodominicano.com\/?p=36473","title":{"rendered":"\u00bfA d\u00f3nde estamos huyendo?"},"content":{"rendered":"<p><body><\/p>\n<p class=\"titulogrande1\"><strong>\u00bfA d\u00f3nde estamos huyendo?<\/strong><\/p>\n<p>&#13;<\/p>\n<p class=\"textogrande\">Leonardo Boff<\/p>\n<p>&#13;<\/p>\n<p align=\"justify\" class=\"text1noticias\"><strong>ALAI AMLATINA, 25\/01\/2008, R\u00edo de Janeiro.-\u00a0<\/strong> Una de las principales caracter\u00edsticas del momento actual es la aceleraci\u00f3n del  tiempo.\u00a0 El espacio terrestre pr\u00e1cticamente lo hemos conquistado todo, pero el tiempo contin\u00faa siendo el gran desaf\u00edo.\u00a0 \u00bfPodremos dominarlo?<\/p>\n<p>&#13;<\/p>\n<p align=\"justify\" class=\"text1noticias\">La carrera contra \u00e9l se da en todas las esferas, comenzando por el deporte.\u00a0 En cada olimpiada  se busca superar todos los tiempos anteriores, especialmente en la cl\u00e1sica carrera de los cien  metros.\u00a0 Los autom\u00f3viles deben ser cada vez m\u00e1s veloces, los aviones y las  naves espaciales tienen que superar la velocidad de la generaci\u00f3n  anterior.<br \/>&#13;<br \/>\n  <br \/>&#13;<br \/>\n  En el agronegocio se utilizan abonos qu\u00edmicos de crecimiento para acortar el tiempo y aumentar el lucro.\u00a0 Internet funciona a alt\u00edsima velocidad, y sin cables, pues, para ganar tiempo, todo se hace v\u00eda sat\u00e9lite.\u00a0 La aceleraci\u00f3n ha  alcanzado especialmente a las bolsas.<br \/>&#13;<br \/>\n  <br \/>&#13;<br \/>\n  Cuanto m\u00e1s r\u00e1pidamente se transfieren capitales de un mercado a  otro, teniendo en cuenta el huso horario, m\u00e1s se puede ganar.\u00a0 M\u00e1s que nunca antes, \u00abel tiempo es oro\u00bb.<\/p>\n<p>&#13;<\/p>\n<p align=\"justify\" class=\"text1noticias\">Ciertamente, en todo este proceso hay un elemento liberador, pues  el tiempo fue en gran parte vivenciado como una servidumbre.\u00a0 No podemos detenerlo.\u00a0 Por otro lado  produce un impacto sobre la naturaleza, que tiene sus tempos y sus ciclos.\u00a0  El impacto no es menor sobre las mentes de las personas, que se sienten confundidas, particularmente las  de m\u00e1s edad, que pierden los par\u00e1metros de orientaci\u00f3n y de an\u00e1lisis de  lo que est\u00e1 ocurriendo en el mundo y consigo mismas.<\/p>\n<p>&#13;<\/p>\n<p align=\"justify\" class=\"text1noticias\">\u00bfVale la pena esta carrera imparable? \u00bfHacia d\u00f3nde estamos  huyendo?<\/p>\n<p>&#13;<\/p>\n<p align=\"justify\" class=\"text1noticias\">\u00a1Y ay de aquellos que no se adaptan a los tiempos! En el trabajo,  son expulsados del mercado, pues sus habilidades quedan  obsoletas.\u00a0 Los que no se actualizan, pierden el ritmo del tiempo, y son considerados precozmente envejecidos, o simplemente atrasados.\u00a0 Lo cual puede ocurrir incluso con pa\u00edses enteros, los que no incorporan los avances de  la tecnociencia.\u00a0 Todos est\u00e1n  obligados a modernizarse r\u00e1pidamente y a ser pa\u00edses emergentes.<\/p>\n<p>&#13;<\/p>\n<p align=\"justify\" class=\"text1noticias\">\u00bfA donde nos llevar\u00e1 esta carrera contra el tiempo? \u00c9ste siempre  nos gana, pues no podemos congelarlo.\u00a0Simplemente, pasa despacio, o acelerado, como en los grandes t\u00faneles de aceleraci\u00f3n de  part\u00edculas.<\/p>\n<p>&#13;<\/p>\n<p align=\"justify\" class=\"text1noticias\">Pero es importante considerar que hay tiempos y tempos.\u00a0 El tiempo natural de crecimiento de un \u00e1rbol gigante puede demorar 50  a\u00f1os.\u00a0 El tiempo tecnol\u00f3gico para derribarlo con la motosierra dura s\u00f3lo 5 minutos.\u00a0 \u00bfCu\u00e1nto tiempo  necesitamos para crecer en madurez, en sabidur\u00eda, y para conquistar el propio coraz\u00f3n? A veces una vida  entera de 80 a\u00f1os es demasiado corta&#8230;\u00a0  El tiempo interior no obedece al tiempo del reloj.\u00a0Necesitamos tiempo para trabajar nuestros conflictos interiores; a veces, esos conflictos nos obligan incluso a detenernos.<\/p>\n<p>&#13;<\/p>\n<p align=\"justify\" class=\"text1noticias\">Una reflexi\u00f3n del maestro zen Chuang-Tzu, de hace 2.500 a\u00f1os, nos  parece muy inspiradora.\u00a0 <br \/>&#13;<br \/>\n  <br \/>&#13;<br \/>\n  Cuenta que  hab\u00eda una persona que quedaba tan perturbada al contemplar su sombra y tan malhumorada con sus  propias huellas, que pens\u00f3 que era mejor librarse de ambas cosas.\u00a0 Utiliz\u00f3 el m\u00e9todo de la fuga, tanto de una como de las otras.\u00a0 Se levant\u00f3 y se puso a correr, pero siempre que pon\u00eda su pie en la tierra aparec\u00eda la  huella, y la sombra lo segu\u00eda sin la menor dificultad.<\/p>\n<p>&#13;<\/p>\n<p align=\"justify\" class=\"text1noticias\">Atribuy\u00f3 su error a que no estaba corriendo como deb\u00eda.\u00a0 Entonces se puso a correr m\u00e1s velozmente, y sin parar&#8230;\u00a0 hasta que cay\u00f3 muerto.\u00a0 Su error, comenta el Maestro, fue no haberse dado cuenta de que s\u00f3lo  con pisar en un lugar sombr\u00edo, su sombra hubiera desaparecido, y que  si se hubiera quedado quieto, ya no habr\u00eda habido m\u00e1s huellas que le  siguieran&#8230;<\/p>\n<p>&#13;<\/p>\n<p align=\"justify\" class=\"text1noticias\">\u00bfNo es eso lo que se impone hacer hoy? \u00bfHacer una parada? Ah\u00ed est\u00e1  el secreto de la felicidad y de la ansiada paz interior.<\/p>\n<p>&#13;<\/p>\n<p align=\"justify\" class=\"text1noticias\">Fuente: www.servicioskoinonia.org\/<\/p>\n<p>&#13;<\/p>\n<h6> 2008-01-26 04:37:04 <\/h6>\n<p><!--\n<link rel=\"stylesheet\" href=\"css\/bootstrap.min.css\">\n\n\n<ul class=\"pagination\">\n\t    \n\t\n\n<li >\n\t<a href='?page_no=12331'>Previous<\/a>\n\t<\/li>\n\n\n       \n    \n\n<li><a href='?page_no=1'>1<\/a><\/li>\n\n\n\n<li><a href='?page_no=2'>2<\/a><\/li>\n\n\n\n<li><a>...<\/a><\/li>\n\n\n\n<li><a href='?page_no=12330'>12330<\/a><\/li>\n\n\n\n<li><a href='?page_no=12331'>12331<\/a><\/li>\n\n\n\n<li class='active'><a>12332<\/a><\/li>\n\n\n\n<li><a href='?page_no=12333'>12333<\/a><\/li>\n\n\n\n<li><a href='?page_no=12334'>12334<\/a><\/li>\n\n\n\n<li><a>...<\/a><\/li>\n\n\n\n<li><a href='?page_no=13611'>13611<\/a><\/li>\n\n\n\n<li><a href='?page_no=13612'>13612<\/a><\/li>\n\n    \n\t\n\n<li >\n\t<a href='?page_no=12333'>Next<\/a>\n\t<\/li>\n\n\n    \n\n<li><a href='?page_no=13612'>Last &rsaquo;&rsaquo;<\/a><\/li>\n\n<\/ul>\n\n\n--><br \/>\n<\/body><\/p>\n","protected":false},"excerpt":{"rendered":"<p>\u00bfA d\u00f3nde estamos huyendo? &#13; Leonardo Boff &#13; ALAI AMLATINA, 25\/01\/2008, R\u00edo de Janeiro.-\u00a0 Una de las principales caracter\u00edsticas del momento actual es la aceleraci\u00f3n del tiempo.\u00a0 El espacio terrestre pr\u00e1cticamente lo hemos conquistado todo, pero el tiempo contin\u00faa siendo el gran desaf\u00edo.\u00a0 \u00bfPodremos dominarlo? &#13; La carrera contra \u00e9l se da en todas las [&hellip;]<\/p>\n","protected":false},"author":3,"featured_media":0,"comment_status":"open","ping_status":"open","sticky":false,"template":"","format":"standard","meta":{"footnotes":""},"categories":[16],"tags":[],"class_list":["post-36473","post","type-post","status-publish","format-standard","hentry","category-opiniones"],"_links":{"self":[{"href":"https:\/\/diariodominicano.com\/index.php?rest_route=\/wp\/v2\/posts\/36473","targetHints":{"allow":["GET"]}}],"collection":[{"href":"https:\/\/diariodominicano.com\/index.php?rest_route=\/wp\/v2\/posts"}],"about":[{"href":"https:\/\/diariodominicano.com\/index.php?rest_route=\/wp\/v2\/types\/post"}],"author":[{"embeddable":true,"href":"https:\/\/diariodominicano.com\/index.php?rest_route=\/wp\/v2\/users\/3"}],"replies":[{"embeddable":true,"href":"https:\/\/diariodominicano.com\/index.php?rest_route=%2Fwp%2Fv2%2Fcomments&post=36473"}],"version-history":[{"count":0,"href":"https:\/\/diariodominicano.com\/index.php?rest_route=\/wp\/v2\/posts\/36473\/revisions"}],"wp:attachment":[{"href":"https:\/\/diariodominicano.com\/index.php?rest_route=%2Fwp%2Fv2%2Fmedia&parent=36473"}],"wp:term":[{"taxonomy":"category","embeddable":true,"href":"https:\/\/diariodominicano.com\/index.php?rest_route=%2Fwp%2Fv2%2Fcategories&post=36473"},{"taxonomy":"post_tag","embeddable":true,"href":"https:\/\/diariodominicano.com\/index.php?rest_route=%2Fwp%2Fv2%2Ftags&post=36473"}],"curies":[{"name":"wp","href":"https:\/\/api.w.org\/{rel}","templated":true}]}}