{"id":36471,"date":"2008-01-26T04:46:06","date_gmt":"2008-01-26T04:46:06","guid":{"rendered":"http:\/\/diariodominicano.ddns.net\/?p=36471"},"modified":"2008-01-26T04:46:06","modified_gmt":"2008-01-26T04:46:06","slug":"reflexiones-del-presidente-fidel-castro-2","status":"publish","type":"post","link":"https:\/\/diariodominicano.com\/?p=36471","title":{"rendered":"REFLEXIONES DEL PRESIDENTE FIDEL CASTRO"},"content":{"rendered":"<p><body><\/p>\n<p align=\"justify\"><span class=\"titulogrande1\"><strong>Reflexiones del presidente fidel  castro<\/strong><br \/>&#13;<br \/>\n<\/span><br \/>&#13;<br \/>\n    <strong>L<\/strong><strong>ula <\/strong><br \/>&#13;<br \/>\n    <br \/>&#13;<br \/>\n    <strong>(Segunda Parte)<\/strong><br \/>&#13;<br \/>\n    <br \/>&#13;<br \/>\n    <span class=\"text1noticias\">Lula me record\u00f3 con calidez la primera vez  que visit\u00f3 nuestro pa\u00eds en el a\u00f1o 1985 para participar en una reuni\u00f3n convocada  por Cuba para analizar el agobiante problema de la deuda externa, en la que  expusieron y debatieron sus criterios los representantes de las m\u00e1s variadas  tendencias pol\u00edticas, religiosas, culturales y sociales, preocupados por el  asfixiante drama.<br \/>&#13;<br \/>\n    <br \/>&#13;<br \/>\n    Los encuentros tuvieron lugar a lo largo  del a\u00f1o. Se convoc\u00f3 a l\u00edderes de obreros, campesinos, estudiantiles, u otras  categor\u00edas seg\u00fan el tema. \u00c9l era uno de ellos, ya conocido entre nosotros y en  el exterior por su mensaje directo y vibrante, de joven dirigente obrero.<br \/>&#13;<br \/>\n    <br \/>&#13;<br \/>\n    Am\u00e9rica Latina deb\u00eda entonces 350 mil  millones de d\u00f3lares. Le cont\u00e9 que aquel a\u00f1o de intensa lucha hab\u00eda escrito  largas cartas al Presidente de Argentina, Ra\u00fal Alfons\u00edn, para persuadirlo de  que no siguiera pagando aquella deuda. Conoc\u00eda las posiciones de M\u00e9xico,  inconmovible en el pago de su enorme deuda externa, aunque no indiferente al  resultado de la batalla, y la especial situaci\u00f3n pol\u00edtica de Brasil. La deuda  argentina era suficientemente grande despu\u00e9s de los desastres del gobierno  militar. Se justificaba el intento de abrir una brecha en esa direcci\u00f3n. No  pude lograrlo. Pocos a\u00f1os despu\u00e9s la deuda latinoamericana, con sus intereses,  ascend\u00eda a 800 mil millones; se multiplic\u00f3 por dos y ya hab\u00eda sido pagada.<br \/>&#13;<br \/>\n    <br \/>&#13;<br \/>\n    Lula me explica la diferencia con aquel  a\u00f1o. Afirma que hoy Brasil no tiene deuda alguna con el Fondo Monetario ni  tampoco con el Club de Par\u00eds, y dispone de 190 mil millones de USD en sus  reservas. Deduje que su pa\u00eds hab\u00eda pagado enormes sumas para cumplir con  aquellas instituciones. Le expliqu\u00e9 la colosal estafa de Nixon a la econom\u00eda  mundial, cuando unilateralmente suspendi\u00f3 el patr\u00f3n oro en 1971 que pon\u00eda  l\u00edmites a la emisi\u00f3n de billetes. El d\u00f3lar manten\u00eda hasta entonces un  equilibrio con relaci\u00f3n a su valor en oro. Treinta a\u00f1os antes Estados Unidos  dispon\u00eda de casi todas las reservas de ese metal. Si hab\u00eda mucho oro,  compraban; si hab\u00eda escasez, vend\u00edan. El d\u00f3lar ejerc\u00eda su papel como moneda de  cambio internacional, dentro de los privilegios que le fueron concedidos a ese  pa\u00eds en Bretton Woods en el a\u00f1o 1944.<br \/>&#13;<br \/>\n    <br \/>&#13;<br \/>\n    Las potencias m\u00e1s desarrolladas estaban  destruidas por la guerra. Jap\u00f3n, Alemania, URSS y el resto de Europa apenas  contaban con ese metal en sus reservas. La onza troy de oro pod\u00eda adquirirse  hasta por 35 d\u00f3lares; hoy se necesitan 900. <br \/>&#13;<br \/>\n    <br \/>&#13;<br \/>\n    Estados Unidos \u2014le dije\u2014 ha comprado  bienes en todo el mundo imprimiendo d\u00f3lares, y sobre tales propiedades  adquiridas en otras naciones ejercen prerrogativas soberanas. Nadie desea, sin  embargo, que el d\u00f3lar se deval\u00fae m\u00e1s, porque casi todos los pa\u00edses acumulan  d\u00f3lares, es decir, papeles, que se deval\u00faan constantemente desde la decisi\u00f3n  unilateral del Presidente de Estados Unidos. <br \/>&#13;<br \/>\n    <br \/>&#13;<br \/>\n    Las reservas en divisas actuales de China,  Jap\u00f3n, el sureste asi\u00e1tico y Rusia acumulan tres millones de millones  (3.000.000.000.000) de d\u00f3lares; son cifras siderales. Si les sumas las reservas  en d\u00f3lares de Europa y el resto del mundo, ver\u00e1s que equivale a una monta\u00f1a de  dinero cuyo valor depende de lo que haga el gobierno de un pa\u00eds.<br \/>&#13;<br \/>\n    <br \/>&#13;<br \/>\n    Greenspan, quien fuera durante m\u00e1s de 15  a\u00f1os Presidente de la   Reserva Federal, se morir\u00eda de p\u00e1nico ante una situaci\u00f3n como  la actual. \u00bfA cu\u00e1nto puede ascender la inflaci\u00f3n en Estados Unidos? \u00bfCu\u00e1ntos  nuevos empleos puede crear este a\u00f1o ese pa\u00eds? \u00bfHasta cu\u00e1ndo va a funcionar su  m\u00e1quina de imprimir billetes antes de que se produzca el colapso de su  econom\u00eda, adem\u00e1s de usar la guerra para conquistar los recursos naturales de  otras naciones?<br \/>&#13;<br \/>\n    <br \/>&#13;<br \/>\n    Como consecuencia de las duras medidas que  le impusieron en Versalles al Estado alem\u00e1n derrotado en 1918, en el que se  instal\u00f3 un r\u00e9gimen republicano, el marco alem\u00e1n se devalu\u00f3 de tal forma que  lleg\u00f3 a necesitarse decenas de miles de ellos para comprar un d\u00f3lar. Tal crisis  aliment\u00f3 el nacionalismo alem\u00e1n y contribuy\u00f3 extraordinariamente a las absurdas  ideas de Hitler. <br \/>&#13;<br \/>\n    <br \/>&#13;<br \/>\n    Este busc\u00f3 culpables. Muchos de los principales talentos  cient\u00edficos, escritores y financistas eran de origen jud\u00edo. Los persiguieron.  Entre ellos estaba Einstein, autor de la teor\u00eda de que la energ\u00eda es igual a la  masa multiplicada por el cuadrado de la velocidad de la luz, que lo hizo  famoso. <br \/>&#13;<br \/>\n    <br \/>&#13;<br \/>\n    Tambi\u00e9n Marx, nacido en Alemania, y muchos de los comunistas rusos,  eran de ese origen, practicasen o no la religi\u00f3n hebraica.<br \/>&#13;<br \/>\n    <br \/>&#13;<br \/>\n    Hitler no culp\u00f3 al sistema capitalista del  drama humano, sino a los jud\u00edos. Partiendo de burdos prejuicios, lo que deseaba  realmente era \u00abespacio vital ruso\u00bb para su raza superior germ\u00e1nica,  cuyo imperio milenario so\u00f1aba edificar.<br \/>&#13;<br \/>\n    <br \/>&#13;<br \/>\n    Mediante la Declaraci\u00f3n Balfour  los brit\u00e1nicos decidieron en 1917 crear dentro de su imperio colonial el Estado  de Israel en territorio poblado por palestinos, de otra religi\u00f3n y cultura, que  en aquellas tierras vivieron junto a otras etnias, entre ellas la judaica,  durante muchos siglos antes de nuestra era. El sionismo se hizo popular entre  los estadounidenses, que odiaban con raz\u00f3n a los nazis y cuyas bolsas  financieras estaban controladas por representantes de aquel movimiento. Ese  Estado aplica hoy los principios del Apartheid, posee sofisticadas armas  nucleares y controla los centros financieros m\u00e1s importantes de Estados Unidos.  Fue utilizado por este pa\u00eds y sus aliados europeos para suministrar armas  nucleares al otro Apartheid, el de Sud\u00e1frica, para usarlas contra los  combatientes internacionalistas cubanos que luchaban contra los racistas al sur  de Angola si cruzaban la frontera de Namibia.<br \/>&#13;<br \/>\n    <br \/>&#13;<br \/>\n    Inmediatamente despu\u00e9s le habl\u00e9 a Lula de  la pol\u00edtica aventurera de Bush en el Medio Oriente.<br \/>&#13;<br \/>\n    <br \/>&#13;<br \/>\n    Promet\u00ed entregarle el art\u00edculo que ser\u00eda  publicado en <em>Granma<\/em> al d\u00eda siguiente, 16 de enero. <br \/>&#13;<br \/>\n    <br \/>&#13;<br \/>\n    Firmar\u00eda de pu\u00f1o y  letra el que destinaba a \u00e9l. Le har\u00eda entrega, igualmente, antes de marcharse,  del art\u00edculo de Paul Kennedy, uno de los intelectuales m\u00e1s influyentes de  Estados Unidos, sobre la interconexi\u00f3n entre los precios de alimentos y  petr\u00f3leo.<br \/>&#13;<br \/>\n    <br \/>&#13;<br \/>\n    T\u00fa eres productor de alimentos, le a\u00f1ad\u00ed,  y adem\u00e1s acabas de encontrar importantes reservas de crudo ligero. Brasil posee  8 millones 534 mil kil\u00f3metros cuadrados y dispone del 30 por ciento de las  reservas de agua del mundo. La poblaci\u00f3n del planeta necesita cada vez m\u00e1s  alimentos, de los cuales ustedes son grandes exportadores. Si se dispone de  granos ricos en prote\u00ednas, aceites y carbohidratos \u2014que pueden ser frutos, como  la semilla del mara\u00f1\u00f3n, la almendra, el pistacho; ra\u00edces, como el man\u00ed; la  soya, con m\u00e1s del 35% de prote\u00edna, el girasol; o cereales, como el trigo y el  ma\u00edz\u2014, es posible producir la carne o la leche que desees. No mencion\u00e9 otros de  la larga lista.<br \/>&#13;<br \/>\n    <br \/>&#13;<br \/>\n    En Cuba, le continu\u00e9 explicando, tuvimos  una vaca que estableci\u00f3 r\u00e9cord mundial de leche, una mezcla de Holstein con  Ceb\u00fa. De inmediato Lula la mencion\u00f3: \u00ab\u00a1Ubre Blanca!\u00bb exclam\u00f3.<br \/>&#13;<br \/>\n    <br \/>  &#13;<br \/>\n    Recordaba su nombre. Le a\u00f1ad\u00ed que lleg\u00f3 a producir 110 litros diarios de  leche. Era como una f\u00e1brica, pero hab\u00eda que darle m\u00e1s de 40 kilogramos de  pienso, el m\u00e1ximo que pod\u00eda masticar y tragar en 24 horas, una mezcla donde la  harina de soya, una leguminosa muy dif\u00edcil de producir en el suelo y clima de  Cuba, es el componente fundamental. Ustedes tienen ahora las dos cosas:  suministro seguro de combustible, materias primas alimenticias y alimentos  elaborados. <br \/>&#13;<br \/>\n    <br \/>&#13;<br \/>\n    Se proclama ya el fin de los alimentos  baratos. \u00bfQu\u00e9 har\u00e1n las decenas de pa\u00edses con muchos cientos de millones de  habitantes que no cuentan con una cosa ni otra?, le expreso. Esto significa que  Estados Unidos tiene una enorme dependencia externa, pero a la vez un arma.  Ser\u00eda echando mano de todas sus reservas de tierra, pero el pueblo de ese pa\u00eds  no est\u00e1 preparado para eso. Ellos est\u00e1n produciendo etanol a partir del ma\u00edz,  lo cual provoca que retiren del mercado una gran cantidad de ese grano  cal\u00f3rico, continu\u00e9 argument\u00e1ndole.<br \/>&#13;<br \/>\n    <br \/>&#13;<br \/>\n    Lula me cuenta, con relaci\u00f3n al tema, que  los productores brasile\u00f1os est\u00e1n vendiendo ya la zafra de ma\u00edz del 2009. Brasil  no es tan dependiente del ma\u00edz como M\u00e9xico o Centroam\u00e9rica. Pienso que en  Estados Unidos no se sustenta la producci\u00f3n de combustible a partir del ma\u00edz.  Eso confirma, le afirm\u00e9, una realidad con relaci\u00f3n a la subida impetuosa e  incontrolable de los precios de los alimentos, que afectar\u00e1 a muchos pueblos.<br \/>&#13;<br \/>\n    <br \/>&#13;<br \/>\n    T\u00fa en cambio cuentas, le dije, con un  clima favorable y una tierra suelta; la nuestra suele ser arcillosa y a veces  dura como el cemento. Cuando vinieron los tractores sovi\u00e9ticos y los de otros  pa\u00edses socialistas se romp\u00edan, hubo que comprar aceros especiales en Europa  para fabricarlos aqu\u00ed. En nuestro pa\u00eds abundan las tierras negras o rojas de  tipo arcilloso. Trabaj\u00e1ndolas con esmero, pueden producir para el consumo  familiar lo que los campesinos del Escambray denominaban \u00abalto  consumo\u00bb. Ellos recib\u00edan del Estado cuotas de alimentos y consum\u00edan adem\u00e1s  sus productos. El clima ha cambiado en Cuba, Lula. <br \/>&#13;<br \/>\n    <br \/>&#13;<br \/>\n    Para producciones comerciales de granos en  gran escala, como requieren las necesidades de una poblaci\u00f3n de casi 12  millones de personas, nuestras tierras no son aptas, y el costo en m\u00e1quinas y  combustibles que el pa\u00eds importa, con los actuales precios, ser\u00eda muy alto. <br \/>&#13;<br \/>\n    <br \/>&#13;<br \/>\n    Nuestra prensa publica producciones de  petr\u00f3leo en Matanzas, la reducci\u00f3n de costos y otros aspectos positivos. Pero  nadie se\u00f1ala que su precio en divisas hay que compartirlo con los socios  extranjeros que invierten en las sofisticadas m\u00e1quinas y la tecnolog\u00eda  necesarias. Por otro lado, no existe la mano de obra requerida para aplicarla  intensivamente en la producci\u00f3n de granos, como hacen los vietnamitas y chinos  cultivando mata a mata el arroz y extrayendo a veces dos y hasta tres cosechas.  Corresponde a la ubicaci\u00f3n y tradici\u00f3n hist\u00f3rica de la tierra y sus pobladores.  No pasaron antes por la mecanizaci\u00f3n en gran escala de modernas cosechadoras.  <br \/>&#13;<br \/>\n    <br \/>&#13;<br \/>\n    En Cuba hace mucho rato que abandonaron el campo los cortadores de ca\u00f1a y los  trabajadores de los cafetales de las monta\u00f1as, como era l\u00f3gico; tambi\u00e9n gran  n\u00famero de constructores, algunos de la misma procedencia, abandonaron luego las  brigadas y se convirtieron en trabajadores por cuenta propia. El pueblo sabe lo  que cuesta arreglar una vivienda. Es el material, m\u00e1s el elevado costo del  servicio que le prestan por esa v\u00eda. El primero tiene soluci\u00f3n, el segundo no  se resuelve \u2014como creen algunos\u2014 lanzando pesos a la calle sin su contrapartida  en divisas convertibles, que ya no ser\u00e1n d\u00f3lares sino euros o yuanes cada vez  m\u00e1s caros, si entre todos logramos salvar la econom\u00eda internacional y la paz. <br \/>&#13;<br \/>\n    <br \/>&#13;<br \/>\n    Mientras tanto, ven\u00edamos y debemos  continuar creando reservas de alimentos y combustible. En caso de ataque  militar directo, la fuerza de trabajo manual se multiplicar\u00eda. <br \/>&#13;<br \/>\n    <br \/>&#13;<br \/>\n    En el breve tiempo que estuve con Lula,  dos horas y media, habr\u00eda querido sintetizar en unos minutos los casi 28 a\u00f1os  transcurridos, no desde que \u00e9l visit\u00f3 por primera vez Cuba, sino desde que lo  conoc\u00ed en Nicaragua. Ahora era el l\u00edder de un inmenso pa\u00eds, cuya suerte, sin embargo,  depende de muchos aspectos que son comunes a todos los pueblos que habitan este  planeta.<br \/>&#13;<br \/>\n    <br \/>&#13;<br \/>\n    Le solicit\u00e9 permiso para hablar sobre  nuestra conversaci\u00f3n con libertad y a la vez con prudencia. <br \/>&#13;<br \/>\n    <br \/>&#13;<br \/>\n    Cuando est\u00e1 delante de m\u00ed, sonriente y  amistoso, y lo escucho hablar con orgullo de su pa\u00eds, de las cosas que est\u00e1  haciendo y se propone hacer, pienso en su instinto pol\u00edtico. Yo acababa de  revisar velozmente un informe de cien p\u00e1ginas sobre Brasil y el desarrollo de  las relaciones entre nuestros dos pa\u00edses. Era el hombre que conoc\u00ed en la  capital sandinista de Managua y que tanto se vincul\u00f3 con nuestra Revoluci\u00f3n. No  le habl\u00e9 ni le habr\u00eda hablado de algo que resultara injerencia en el proceso  pol\u00edtico de Brasil, pero \u00e9l mismo entre las primeras cosas dijo: \u00bfTe acuerdas,  Fidel, cuando hablamos del Foro de Sao Paulo, y me dijiste que era necesaria la  unidad de la izquierda latinoamericana para garantizar nuestro progreso? Pues  ya estamos avanzando en esa direcci\u00f3n.<br \/>&#13;<br \/>\n    <br \/>&#13;<br \/>\n    De inmediato me habla con orgullo de lo  que es Brasil hoy y sus grandes posibilidades, tomando en cuenta sus avances en  ciencia, tecnolog\u00eda, industria mec\u00e1nica, energ\u00e9tica y otras, unidos a su enorme  potencial agr\u00edcola. Por supuesto que incluye el elevado nivel de las relaciones  internacionales de Brasil, que detalla con entusiasmo, y de las que est\u00e1  dispuesto a desarrollar con Cuba. Habla con vehemencia de la obra social del  Partido de los Trabajadores, hoy apoyada por todos los Partidos de la izquierda  brasile\u00f1a, que est\u00e1n lejos de contar con una mayor\u00eda parlamentaria.<br \/>&#13;<br \/>\n    <br \/>&#13;<br \/>\n    Sin dudas era una parte de las cosas  analizadas hace a\u00f1os cuando hablamos. Ya entonces el tiempo transcurr\u00eda con  celeridad, pero ahora cada uno de los a\u00f1os se multiplica por diez, a un ritmo  dif\u00edcil de seguir.<br \/>&#13;<br \/>\n    <br \/>&#13;<br \/>\n    Deseaba tambi\u00e9n hablarle de eso y otras  muchas cosas. No se sabe cu\u00e1l de los dos ten\u00eda m\u00e1s necesidad de transmitir  ideas. Por mi parte, supuse que \u00e9l se ir\u00eda al d\u00eda siguiente, y no esa misma  noche temprano, seg\u00fan plan de vuelo programado antes de vernos. Eran  aproximadamente las cinco de la tarde. Sobrevino una especie de competencia por  el uso del tiempo. Lula, astuto y r\u00e1pido, tom\u00f3 desquite al reunirse con la  prensa, cuando de forma picaresca y siempre sonriente, como se puede apreciar  por las fotos, les dijo a los periodistas que \u00e9l solo hab\u00eda hablado media hora  y Fidel dos. Por supuesto que yo, vali\u00e9ndome del derecho de antig\u00fcedad, us\u00e9 m\u00e1s  tiempo que \u00e9l. Hay que descontar el de las fotos mutuas, ya que ped\u00ed una c\u00e1mara  prestada y me volv\u00ed reportero; \u00e9l hizo lo mismo.<br \/>&#13;<br \/>\n    <br \/>&#13;<br \/>\n    Tengo aqu\u00ed 103 p\u00e1ginas de cables hablando  de lo que Lula dijo a la prensa, las fotos que le tomaron y la seguridad que  transmiti\u00f3 sobre la salud de Fidel. Realmente no dej\u00f3 espacio noticioso para la  reflexi\u00f3n publicada el 16 de enero, que termin\u00e9 de elaborar el d\u00eda antes de su  visita. \u00c9l ocup\u00f3 todo el espacio, lo que es equivalente a su enorme territorio,  comparado con la min\u00fascula superficie de Cuba.<br \/>&#13;<br \/>\n    <br \/>&#13;<br \/>\n    Le dije a mi interlocutor cu\u00e1nto me  satisfac\u00eda su decisi\u00f3n de visitar Cuba, aun cuando no tuviera la seguridad de  reunirse conmigo. Que tan pronto lo supe, decid\u00ed sacrificar lo que fuera en  materia de ejercicios, rehabilitaci\u00f3n y recuperaci\u00f3n de facultades, para  atenderlo y conversar ampliamente con \u00e9l.<br \/>&#13;<br \/>\n    <br \/>&#13;<br \/>\n    En ese momento, aunque sab\u00eda ya que se iba  ese mismo d\u00eda, no conoc\u00eda la urgencia de su partida. Evidentemente el estado de  salud del vicepresidente de Brasil, conocido por sus propias declaraciones, lo  urgi\u00f3 a partir para llegar casi al amanecer del otro d\u00eda a Brasilia, en plena  primavera. Otra larga jornada de ajetreo para nuestro amigo.<br \/>&#13;<br \/>\n    <br \/>&#13;<br \/>\n    Un fort\u00edsimo y sostenido aguacero ca\u00eda en  su residencia mientras Lula esperaba las fotos y dos materiales adicionales,  con notas m\u00edas. Bajo la lluvia parti\u00f3 esa noche hacia el aeropuerto. Si viera  lo que se publicaba en la primera p\u00e1gina del <em>Granma<\/em>: \u00ab2007, el  tercero m\u00e1s lluvioso en m\u00e1s de 100 a\u00f1os\u00bb, lo ayudar\u00eda a comprender lo que  le afirm\u00e9 sobre el cambio de clima. Pues bien: ya comenz\u00f3 la zafra azucarera en  Cuba, y el llamado per\u00edodo seco. El rendimiento en az\u00facar no pasa del nueve por  ciento. \u00bfCu\u00e1nto costar\u00e1 producir az\u00facar para exportar a diez centavos la libra,  cuando el poder adquisitivo de un centavo es casi cincuenta veces menos que  cuando el triunfo de la   Revoluci\u00f3n el Primero de Enero de 1959? Reducir los costos de  esos y otros productos para cumplir nuestros compromisos, satisfacer nuestro  consumo, crear reservas y desarrollar otras producciones, es un gran m\u00e9rito;  pero ni so\u00f1ar, por ello, que las soluciones de nuestros problemas son f\u00e1ciles y  est\u00e1n a la vuelta de la esquina.<br \/>&#13;<br \/>\n    <br \/>&#13;<br \/>\n    Hablamos, entre otros numerosos temas, de  la toma de posesi\u00f3n del nuevo presidente de Guatemala, \u00c1lvaro Colom. Le cont\u00e9  que hab\u00eda visto el acto sin perder detalle y los compromisos sociales del  reci\u00e9n electo Presidente. Lula coment\u00f3 que lo que hoy se puede ver en Am\u00e9rica Latina  naci\u00f3 en 1990, cuando decidimos crear el Foro de Sao Paulo: \u00abTomamos una  decisi\u00f3n aqu\u00ed, en una conversaci\u00f3n que tuvimos. Yo hab\u00eda perdido las elecciones  y t\u00fa fuiste a mi casa a almorzar a San Bernardo.\u00bb <br \/>&#13;<br \/>\n    <br \/>&#13;<br \/>\n    Apenas se iniciaba mi conversaci\u00f3n con  Lula, y tengo todav\u00eda muchas cosas que contar e ideas que exponer, tal vez de  alguna utilidad.<br \/>&#13;<br \/>\n    <br \/>&#13;<br \/>\n    <strong>Fidel Castro Ruz<\/strong><br \/>&#13;<br \/>\n    <strong>Enero 23 de 2008<\/strong><\/span><\/p>\n<p>&#13;<\/p>\n<h6> 2008-01-26 04:46:06 <\/h6>\n<p><!--\n<link rel=\"stylesheet\" href=\"css\/bootstrap.min.css\">\n\n\n<ul class=\"pagination\">\n\t    \n\t\n\n<li >\n\t<a href='?page_no=12329'>Previous<\/a>\n\t<\/li>\n\n\n       \n    \n\n<li><a href='?page_no=1'>1<\/a><\/li>\n\n\n\n<li><a href='?page_no=2'>2<\/a><\/li>\n\n\n\n<li><a>...<\/a><\/li>\n\n\n\n<li><a href='?page_no=12328'>12328<\/a><\/li>\n\n\n\n<li><a href='?page_no=12329'>12329<\/a><\/li>\n\n\n\n<li class='active'><a>12330<\/a><\/li>\n\n\n\n<li><a href='?page_no=12331'>12331<\/a><\/li>\n\n\n\n<li><a href='?page_no=12332'>12332<\/a><\/li>\n\n\n\n<li><a>...<\/a><\/li>\n\n\n\n<li><a href='?page_no=13611'>13611<\/a><\/li>\n\n\n\n<li><a href='?page_no=13612'>13612<\/a><\/li>\n\n    \n\t\n\n<li >\n\t<a href='?page_no=12331'>Next<\/a>\n\t<\/li>\n\n\n    \n\n<li><a href='?page_no=13612'>Last &rsaquo;&rsaquo;<\/a><\/li>\n\n<\/ul>\n\n\n--><br \/>\n<\/body><\/p>\n","protected":false},"excerpt":{"rendered":"<p>Reflexiones del presidente fidel castro&#13; &#13; Lula &#13; &#13; (Segunda Parte)&#13; &#13; Lula me record\u00f3 con calidez la primera vez que visit\u00f3 nuestro pa\u00eds en el a\u00f1o 1985 para participar en una reuni\u00f3n convocada por Cuba para analizar el agobiante problema de la deuda externa, en la que expusieron y debatieron sus criterios los representantes [&hellip;]<\/p>\n","protected":false},"author":3,"featured_media":0,"comment_status":"open","ping_status":"open","sticky":false,"template":"","format":"standard","meta":{"footnotes":""},"categories":[16],"tags":[],"class_list":["post-36471","post","type-post","status-publish","format-standard","hentry","category-opiniones"],"_links":{"self":[{"href":"https:\/\/diariodominicano.com\/index.php?rest_route=\/wp\/v2\/posts\/36471","targetHints":{"allow":["GET"]}}],"collection":[{"href":"https:\/\/diariodominicano.com\/index.php?rest_route=\/wp\/v2\/posts"}],"about":[{"href":"https:\/\/diariodominicano.com\/index.php?rest_route=\/wp\/v2\/types\/post"}],"author":[{"embeddable":true,"href":"https:\/\/diariodominicano.com\/index.php?rest_route=\/wp\/v2\/users\/3"}],"replies":[{"embeddable":true,"href":"https:\/\/diariodominicano.com\/index.php?rest_route=%2Fwp%2Fv2%2Fcomments&post=36471"}],"version-history":[{"count":0,"href":"https:\/\/diariodominicano.com\/index.php?rest_route=\/wp\/v2\/posts\/36471\/revisions"}],"wp:attachment":[{"href":"https:\/\/diariodominicano.com\/index.php?rest_route=%2Fwp%2Fv2%2Fmedia&parent=36471"}],"wp:term":[{"taxonomy":"category","embeddable":true,"href":"https:\/\/diariodominicano.com\/index.php?rest_route=%2Fwp%2Fv2%2Fcategories&post=36471"},{"taxonomy":"post_tag","embeddable":true,"href":"https:\/\/diariodominicano.com\/index.php?rest_route=%2Fwp%2Fv2%2Ftags&post=36471"}],"curies":[{"name":"wp","href":"https:\/\/api.w.org\/{rel}","templated":true}]}}