{"id":36469,"date":"2008-01-26T04:50:16","date_gmt":"2008-01-26T04:50:16","guid":{"rendered":"http:\/\/diariodominicano.ddns.net\/?p=36469"},"modified":"2008-01-26T04:50:16","modified_gmt":"2008-01-26T04:50:16","slug":"frente-patriotico-parte-ii","status":"publish","type":"post","link":"https:\/\/diariodominicano.com\/?p=36469","title":{"rendered":"Frente Patri\u00f3tico, parte II"},"content":{"rendered":"<p><body><\/p>\n<p align=\"justify\"><span class=\"titulogrande1\">Frente  Patri\u00f3tico, parte II<\/span><br \/>&#13;<br \/>\n  <br \/>&#13;<br \/>\n    <strong>Por <span class=\"textogrande\">Sergio Acevedo<\/span><\/strong><br \/>&#13;<br \/>\n    <br \/>&#13;<br \/>\n    <span class=\"text1noticias\"><img loading=\"lazy\" decoding=\"async\" src=\"http:\/\/10.0.0.82:8080\/pictures\/sergio acevedo.jpg\" width=\"269\" height=\"202\" hspace=\"4\" align=\"left\" \/>Cuando  planteamos la necesidad de que el PRSC concurriera unido al PLD en la primera  vuelta, lo hicimos convencidos\u00a0 de que  esa decisi\u00f3n era lo m\u00e1s conveniente para el momento pol\u00edtico que vive el reformismo y para su futuro, ya que no hay  duda de que en estas elecciones se est\u00e1 jugando hasta la propia existencia de  la organizaci\u00f3n, dependiendo de la decisi\u00f3n que adopte en estos momentos su  plana mayor.<br \/>&#13;<br \/>\n    <br \/>&#13;<br \/>\n    Es  admirable el esfuerzo que realiza su candidato por mantenerse en el ruedo, pero  la realidad apunta a que habr\u00e1 una polarizaci\u00f3n entre las dos principales  fuerzas, lo que obligar\u00e1 a los dem\u00e1s grupos pol\u00edticos a nuclearse en uno de  esos entornos.<br \/>&#13;<br \/>\n    <br \/>&#13;<br \/>\n    El PRSC  no puede ser la excepci\u00f3n y, a pesar de que no debe tirar la toalla de\u00a0 una vez, su \u00f3ptica debe situarse en acumular  fuerzas con miras a una negociaci\u00f3n digna en la que se tracen los problemas del  pa\u00eds y los propios del partido.<br \/>&#13;<br \/>\n    <br \/>&#13;<br \/>\n    Una  negociaci\u00f3n amplia y auspiciosa con el PLD, puede sentar las bases definitivas  del desarrollo nacional,\u00a0 as\u00ed como las  condiciones objetivas para el combate a la pobreza, todo depende de la  orientaci\u00f3n que asuma el convenio. Porque si perdemos de vista las  oportunidades que nos brinda el proceso y negociamos mal, como en las pasadas  elecciones de medio t\u00e9rmino, nuestro partido sufrir\u00e1 un colapso que sellar\u00e1  definitivamente nuestro fracaso y la aspiraci\u00f3n de que poder recomponerse ser\u00e1  fallida. <br \/>&#13;<br \/>\n    <br \/>&#13;<br \/>\n    Tenemos\u00a0 que tener bien claro que s\u00f3lo un acuerdo con  el PLD nos proporcionar\u00e1 los ingredientes, entre otras conquistas, para la  reunificaci\u00f3n del partido, que es la m\u00e1xima aspiraci\u00f3n de sus cuadros y  dirigentes, as\u00ed como de la poblaci\u00f3n que demanda a gritos la consolidaci\u00f3n del  PRSC para que se convierta en una verdadera opci\u00f3n de Poder. S\u00f3lo el grupito  que negocia en todas las elecciones con las siglas del partido no quiere la  reunificaci\u00f3n, pero los reformistas de verdad a\u00f1oran que llegue ese momento  para\u00a0 poder ser fuertes y hacer la  revoluci\u00f3n sin sangre so\u00f1ada por Balaguer.<br \/>&#13;<br \/>\n    <br \/>&#13;<br \/>\n    Nuestro  partido ha sido sacudido por desprendimientos de cuadros y dirigentes  importantes que han hecho causa com\u00fan con otras agrupaciones, inconformes con  el manejo impropio que ha tenido la alta direcci\u00f3n. Una parte ha estado  respaldando la reelecci\u00f3n de Leonel Fern\u00e1ndez desde posiciones gubernamentales,  pero la gran mayor\u00eda\u00a0 reformista est\u00e1 a  la expectativa, esperando\u00a0 que se produzcan cambios estructurales  importantes para reactivarse en su partido. <br \/>&#13;<br \/>\n    <br \/>&#13;<br \/>\n    El actual esquema de la dirigencia  no puede continuar porque no iremos lejos con un partido debilitado en grado  sumo y con unos l\u00edderes medrando alrededor de la subvenci\u00f3n que otorga la Junta Central  Electoral.<br \/>&#13;<br \/>\n    <br \/>&#13;<br \/>\n    Es  preciso que se\u00f1alemos que en la actual coyuntura\u00a0 el grupito tradicional de negociantes se est\u00e1  movilizando para hacer sus convenios por lo bajo, como es su costumbre. Esta  gente no quiere que el convenio se haga a la luz del d\u00eda como hizo Balaguer el  Frente Patri\u00f3tico, sino lo que aspiran es a que se haga el acuerdo del  desacuerdo porque de esa manera negocian con los dos partidos al mismo tiempo y  los beneficios personales ser\u00edan por doble v\u00eda.<br \/>&#13;<br \/>\n    <br \/>&#13;<br \/>\n    La alianza  que proponemos debe ser transparente en todos sus aspectos, como un mecanismo  de que el partido la haga suya y dedique toda su energ\u00eda al \u00e9xito del convenio.  Las alianzas son mecanismos electorales de la democracia y se producen cuando  uno o m\u00e1s partidos no cuentan con la fuerza suficiente para alcanzar metas que  son comunes al conglomerado que participa, pero\u00a0  que individualmente no es posible lograrlas. <br \/>&#13;<br \/>\n    <br \/>&#13;<br \/>\n    En este  caso, nuestra posici\u00f3n electoral es fr\u00e1gil porque es fruto de la conjunci\u00f3n de  factores internos que han debilitado al partido hasta el punto de que su  desempe\u00f1o en los \u00faltimos procesos ha sido triste, humillante, por el n\u00famero de  votos obtenidos que no se corresponde con la trayectoria de un partido que ha  sido hist\u00f3ricamente poderoso y el que posee la maquinaria electoral m\u00e1s  portentosa.<br \/>&#13;<br \/>\n    <br \/>&#13;<br \/>\n    Tenemos  que negociar de manera inteligente, pensando en el pa\u00eds y en el partido. El  PRSC es un patrimonio de la   Naci\u00f3n, por lo cual debemos hacer cu\u00e1ntos esfuerzos sean  necesarios para preservarlo vivo y viable. En la actual coyuntura tenemos que  negociar, porque no hay otra salida, pero debemos hacerlo con dignidad y con  altura, pero tambi\u00e9n con inteligencia para que podamos alcanzar una cuota de  poder que nos permita respirar, que nos proporcione el ox\u00edgeno que necesita  nuestro torrente sangu\u00edneo para nutrir ese cuerpo, para que siga de pie\u00a0 y listo para la batalla.<br \/>&#13;<br \/>\n    <br \/>&#13;<br \/>\nSi negociamos con el PRD, no hay duda de que  perderemos todos, porque los reformistas se quedar\u00e1n en sus casas. Otros \u2013posiblemente  la mayor\u00eda- votar\u00e1 de todos modos por el PLD en raz\u00f3n de esa tendencia natural  de los compatriotas a ser m\u00e1s proclives hacia este \u00faltimo partido. <br \/>&#13;<br \/>\n<br \/>&#13;<br \/>\nEsta ser\u00eda una  alianza asimilada por el partido en sentido general y ya tenemos una rica  experiencia con ambas organizaciones. Con el PLD, gan\u00f3 la propuesta nuestra,  con el PRD, llegamos justo al desastre.<\/span><\/p>\n<p>&#13;<\/p>\n<h6> 2008-01-26 04:50:16 <\/h6>\n<p><!--\n<link rel=\"stylesheet\" href=\"css\/bootstrap.min.css\">\n\n\n<ul class=\"pagination\">\n\t    \n\t\n\n<li >\n\t<a href='?page_no=12328'>Previous<\/a>\n\t<\/li>\n\n\n       \n    \n\n<li><a href='?page_no=1'>1<\/a><\/li>\n\n\n\n<li><a href='?page_no=2'>2<\/a><\/li>\n\n\n\n<li><a>...<\/a><\/li>\n\n\n\n<li><a href='?page_no=12327'>12327<\/a><\/li>\n\n\n\n<li><a href='?page_no=12328'>12328<\/a><\/li>\n\n\n\n<li class='active'><a>12329<\/a><\/li>\n\n\n\n<li><a href='?page_no=12330'>12330<\/a><\/li>\n\n\n\n<li><a href='?page_no=12331'>12331<\/a><\/li>\n\n\n\n<li><a>...<\/a><\/li>\n\n\n\n<li><a href='?page_no=13611'>13611<\/a><\/li>\n\n\n\n<li><a href='?page_no=13612'>13612<\/a><\/li>\n\n    \n\t\n\n<li >\n\t<a href='?page_no=12330'>Next<\/a>\n\t<\/li>\n\n\n    \n\n<li><a href='?page_no=13612'>Last &rsaquo;&rsaquo;<\/a><\/li>\n\n<\/ul>\n\n\n--><br \/>\n<\/body><\/p>\n","protected":false},"excerpt":{"rendered":"<p>Frente Patri\u00f3tico, parte II&#13; &#13; Por Sergio Acevedo&#13; &#13; Cuando planteamos la necesidad de que el PRSC concurriera unido al PLD en la primera vuelta, lo hicimos convencidos\u00a0 de que esa decisi\u00f3n era lo m\u00e1s conveniente para el momento pol\u00edtico que vive el reformismo y para su futuro, ya que no hay duda de que [&hellip;]<\/p>\n","protected":false},"author":3,"featured_media":0,"comment_status":"open","ping_status":"open","sticky":false,"template":"","format":"standard","meta":{"footnotes":""},"categories":[16],"tags":[],"class_list":["post-36469","post","type-post","status-publish","format-standard","hentry","category-opiniones"],"_links":{"self":[{"href":"https:\/\/diariodominicano.com\/index.php?rest_route=\/wp\/v2\/posts\/36469","targetHints":{"allow":["GET"]}}],"collection":[{"href":"https:\/\/diariodominicano.com\/index.php?rest_route=\/wp\/v2\/posts"}],"about":[{"href":"https:\/\/diariodominicano.com\/index.php?rest_route=\/wp\/v2\/types\/post"}],"author":[{"embeddable":true,"href":"https:\/\/diariodominicano.com\/index.php?rest_route=\/wp\/v2\/users\/3"}],"replies":[{"embeddable":true,"href":"https:\/\/diariodominicano.com\/index.php?rest_route=%2Fwp%2Fv2%2Fcomments&post=36469"}],"version-history":[{"count":0,"href":"https:\/\/diariodominicano.com\/index.php?rest_route=\/wp\/v2\/posts\/36469\/revisions"}],"wp:attachment":[{"href":"https:\/\/diariodominicano.com\/index.php?rest_route=%2Fwp%2Fv2%2Fmedia&parent=36469"}],"wp:term":[{"taxonomy":"category","embeddable":true,"href":"https:\/\/diariodominicano.com\/index.php?rest_route=%2Fwp%2Fv2%2Fcategories&post=36469"},{"taxonomy":"post_tag","embeddable":true,"href":"https:\/\/diariodominicano.com\/index.php?rest_route=%2Fwp%2Fv2%2Ftags&post=36469"}],"curies":[{"name":"wp","href":"https:\/\/api.w.org\/{rel}","templated":true}]}}