{"id":36468,"date":"2008-01-26T04:54:33","date_gmt":"2008-01-26T04:54:33","guid":{"rendered":"http:\/\/diariodominicano.ddns.net\/?p=36468"},"modified":"2008-01-26T04:54:33","modified_gmt":"2008-01-26T04:54:33","slug":"reforma-de-seguridad-social-en-chile","status":"publish","type":"post","link":"https:\/\/diariodominicano.com\/?p=36468","title":{"rendered":"Reforma de seguridad social en Chile"},"content":{"rendered":"<p><body><\/p>\n<p><strong class=\"titulogrande1\">Reforma de  seguridad social en Chile<\/strong><br \/>&#13;<br \/>\n  <br \/>&#13;<br \/>\n    <span class=\"textogrande\">Jos\u00e9 G\u00f3mez Cerda<\/span><\/p>\n<p>&#13;<\/p>\n<p align=\"justify\" class=\"text1noticias\">La C\u00e1mara de Diputados aprob\u00f3 el mi\u00e9rcoles una reforma al  sistema privado de seguridad social que a partir de junio brindar\u00e1 una pensi\u00f3n  a unos 600.000 chilenos que ahora no la tienen. <br \/>&#13;<br \/>\n  <br \/>&#13;<br \/>\n  La c\u00e1mara aprob\u00f3  la medida por 107 votos a favor y ninguno en contra, dejando la legislaci\u00f3n  lista para ser promulgada como ley por la presidenta Michelle Bachelet en los  pr\u00f3ximos d\u00edas. <br \/>&#13;<br \/>\n  <br \/>&#13;<br \/>\n  El principal  cambio al sistema es que mediante aportes estatales se otorgar\u00e1, a partir del  primero de junio, una pensi\u00f3n equivalente a 125 d\u00f3lares mensuales a unos  600.000 chilenos que no la tienen, porque no aportaron a ning\u00fan sistema de  seguridad social, como es el caso de mujeres que s\u00f3lo trabajaron en sus  hogares. <br \/>&#13;<br \/>\n  <br \/>&#13;<br \/>\n  A partir del  primero de julio del pr\u00f3ximo a\u00f1o, esa pensi\u00f3n de gracia subir\u00e1 al equivalente  de 157 d\u00f3lares mensuales. <br \/>&#13;<br \/>\n  <br \/>&#13;<br \/>\n  El vocero  presidencial Francisco Vidal dijo que con la aprobaci\u00f3n de la propuesta  \u00abse ha cumplido el principal compromiso de campa\u00f1a de la presidenta  Bachelet\u00bb. <br \/>&#13;<br \/>\n  <br \/>&#13;<br \/>\n  B\u00e1sicamente, dijo,  la ley, que tuvo su origen en una propuesta de Bachelet, \u00absignifica m\u00e1s  pensiones y mejores pensiones\u00bb. <br \/>&#13;<br \/>\n  <br \/>&#13;<br \/>\n  El ministro de  Hacienda, Andr\u00e9s Velasco, explic\u00f3 que, adem\u00e1s, la nueva ley permitir\u00e1 aumentar  las pensiones m\u00e1s bajas que reciben trabajadores cuyos aportes al sistema  fueron escasos. <br \/>&#13;<br \/>\n  <br \/>&#13;<br \/>\n  El sistema de  jubilaciones implantado en Chile en la d\u00e9cada del 1980 por la dictadura del  general Augusto Pinochet funciona mediante la capitalizaci\u00f3n individual de los  trabajadores a cuentas que son manejadas por las Administradoras de Fondos de  Pensiones, de car\u00e1cter privado. Los aportes equivalen a alrededor del 12% del  sueldo de cada trabajador. <\/p>\n<p>&#13;<\/p>\n<h6> 2008-01-26 04:54:33 <\/h6>\n<p><!--\n<link rel=\"stylesheet\" href=\"css\/bootstrap.min.css\">\n\n\n<ul class=\"pagination\">\n\t    \n\t\n\n<li >\n\t<a href='?page_no=12327'>Previous<\/a>\n\t<\/li>\n\n\n       \n    \n\n<li><a href='?page_no=1'>1<\/a><\/li>\n\n\n\n<li><a href='?page_no=2'>2<\/a><\/li>\n\n\n\n<li><a>...<\/a><\/li>\n\n\n\n<li><a href='?page_no=12326'>12326<\/a><\/li>\n\n\n\n<li><a href='?page_no=12327'>12327<\/a><\/li>\n\n\n\n<li class='active'><a>12328<\/a><\/li>\n\n\n\n<li><a href='?page_no=12329'>12329<\/a><\/li>\n\n\n\n<li><a href='?page_no=12330'>12330<\/a><\/li>\n\n\n\n<li><a>...<\/a><\/li>\n\n\n\n<li><a href='?page_no=13611'>13611<\/a><\/li>\n\n\n\n<li><a href='?page_no=13612'>13612<\/a><\/li>\n\n    \n\t\n\n<li >\n\t<a href='?page_no=12329'>Next<\/a>\n\t<\/li>\n\n\n    \n\n<li><a href='?page_no=13612'>Last &rsaquo;&rsaquo;<\/a><\/li>\n\n<\/ul>\n\n\n--><br \/>\n<\/body><\/p>\n","protected":false},"excerpt":{"rendered":"<p>Reforma de seguridad social en Chile&#13; &#13; Jos\u00e9 G\u00f3mez Cerda &#13; La C\u00e1mara de Diputados aprob\u00f3 el mi\u00e9rcoles una reforma al sistema privado de seguridad social que a partir de junio brindar\u00e1 una pensi\u00f3n a unos 600.000 chilenos que ahora no la tienen. &#13; &#13; La c\u00e1mara aprob\u00f3 la medida por 107 votos a favor [&hellip;]<\/p>\n","protected":false},"author":3,"featured_media":0,"comment_status":"open","ping_status":"open","sticky":false,"template":"","format":"standard","meta":{"footnotes":""},"categories":[16],"tags":[],"class_list":["post-36468","post","type-post","status-publish","format-standard","hentry","category-opiniones"],"_links":{"self":[{"href":"https:\/\/diariodominicano.com\/index.php?rest_route=\/wp\/v2\/posts\/36468","targetHints":{"allow":["GET"]}}],"collection":[{"href":"https:\/\/diariodominicano.com\/index.php?rest_route=\/wp\/v2\/posts"}],"about":[{"href":"https:\/\/diariodominicano.com\/index.php?rest_route=\/wp\/v2\/types\/post"}],"author":[{"embeddable":true,"href":"https:\/\/diariodominicano.com\/index.php?rest_route=\/wp\/v2\/users\/3"}],"replies":[{"embeddable":true,"href":"https:\/\/diariodominicano.com\/index.php?rest_route=%2Fwp%2Fv2%2Fcomments&post=36468"}],"version-history":[{"count":0,"href":"https:\/\/diariodominicano.com\/index.php?rest_route=\/wp\/v2\/posts\/36468\/revisions"}],"wp:attachment":[{"href":"https:\/\/diariodominicano.com\/index.php?rest_route=%2Fwp%2Fv2%2Fmedia&parent=36468"}],"wp:term":[{"taxonomy":"category","embeddable":true,"href":"https:\/\/diariodominicano.com\/index.php?rest_route=%2Fwp%2Fv2%2Fcategories&post=36468"},{"taxonomy":"post_tag","embeddable":true,"href":"https:\/\/diariodominicano.com\/index.php?rest_route=%2Fwp%2Fv2%2Ftags&post=36468"}],"curies":[{"name":"wp","href":"https:\/\/api.w.org\/{rel}","templated":true}]}}