{"id":364656,"date":"2022-06-28T09:03:41","date_gmt":"2022-06-28T13:03:41","guid":{"rendered":"http:\/\/diariodominicano.com\/?p=364656"},"modified":"2022-06-28T09:09:45","modified_gmt":"2022-06-28T13:09:45","slug":"pn-recupera-vehiculos-robados-en-santiago-y-moca","status":"publish","type":"post","link":"https:\/\/diariodominicano.com\/?p=364656","title":{"rendered":"PN recupera veh\u00edculos robados en Santiago y Moca"},"content":{"rendered":"\n<p>diariodominicano.com<\/p>\n\n\n\n<p><strong>Santiago, R. D., 28 de junio 2022.-<\/strong> Un carro y una motocicleta fueron recuperados ayer por miembros de la Polic\u00eda Nacional, en el municipio de Moca, provincia Espaillat, tras ardua labor de rastreo de inteligencia.&nbsp;<\/p>\n\n\n\n<p>Se trata del veh\u00edculo marca Corolla, modelo 92, color azul, placa A112752, que hab\u00eda sido robado el pasado s\u00e1bado en esta ciudad de Santiago, al nombrado Welvin Batista Cruz, y la motocicleta marca BM, CG-200, placa K1762138, sustra\u00edda a Juan Carlos Valerio Jim\u00e9nez, en la ciudad de Moca.<\/p>\n\n\n\n<p>Con relaci\u00f3n a este \u00faltimo hecho, moradores del Callej\u00f3n Los Jim\u00e9nez de Moca, lograron capturar en flagrante delito a Arfeny Alberto Reyes, quien fue entregado a una patrulla policial con la motocicleta y un tel\u00e9fono celular marca Iphone que hab\u00eda sustra\u00eddo a Valerio Jim\u00e9nez, el cual ser\u00e1 puesto a disposici\u00f3n de la justicia.<\/p>\n\n\n\n<p>Fuente:  <strong>Direcci\u00f3n Regional Cibao Central, Polic\u00eda Nacional<\/strong><\/p>\n\n\n\n<figure class=\"wp-block-table\"><table><tbody><tr><td><strong>policia nacional<\/strong><\/td><\/tr><\/tbody><\/table><\/figure>\n\n\n\n<p><strong>Nota de Prensa<\/strong><\/p>\n\n\n\n<p><strong>OFICINA DE INFORMACION Y COMUNICACIONES ESTRAT\u00c9GICAS, DIRECCION REGIONAL CIBAO CENTRAL, P.N.<\/strong><\/p>\n","protected":false},"excerpt":{"rendered":"<p>diariodominicano.com Santiago, R. D., 28 de junio 2022.- Un carro y una motocicleta fueron recuperados ayer por miembros de la Polic\u00eda Nacional, en el municipio de Moca, provincia Espaillat, tras ardua labor de rastreo de inteligencia.&nbsp; Se trata del veh\u00edculo marca Corolla, modelo 92, color azul, placa A112752, que hab\u00eda sido robado el pasado s\u00e1bado [&hellip;]<\/p>\n","protected":false},"author":5,"featured_media":364667,"comment_status":"closed","ping_status":"","sticky":true,"template":"","format":"standard","meta":{"footnotes":""},"categories":[29,27],"tags":[],"class_list":["post-364656","post","type-post","status-publish","format-standard","has-post-thumbnail","hentry","category-policiasucesos","category-portada"],"_links":{"self":[{"href":"https:\/\/diariodominicano.com\/index.php?rest_route=\/wp\/v2\/posts\/364656","targetHints":{"allow":["GET"]}}],"collection":[{"href":"https:\/\/diariodominicano.com\/index.php?rest_route=\/wp\/v2\/posts"}],"about":[{"href":"https:\/\/diariodominicano.com\/index.php?rest_route=\/wp\/v2\/types\/post"}],"author":[{"embeddable":true,"href":"https:\/\/diariodominicano.com\/index.php?rest_route=\/wp\/v2\/users\/5"}],"replies":[{"embeddable":true,"href":"https:\/\/diariodominicano.com\/index.php?rest_route=%2Fwp%2Fv2%2Fcomments&post=364656"}],"version-history":[{"count":3,"href":"https:\/\/diariodominicano.com\/index.php?rest_route=\/wp\/v2\/posts\/364656\/revisions"}],"predecessor-version":[{"id":364672,"href":"https:\/\/diariodominicano.com\/index.php?rest_route=\/wp\/v2\/posts\/364656\/revisions\/364672"}],"wp:featuredmedia":[{"embeddable":true,"href":"https:\/\/diariodominicano.com\/index.php?rest_route=\/wp\/v2\/media\/364667"}],"wp:attachment":[{"href":"https:\/\/diariodominicano.com\/index.php?rest_route=%2Fwp%2Fv2%2Fmedia&parent=364656"}],"wp:term":[{"taxonomy":"category","embeddable":true,"href":"https:\/\/diariodominicano.com\/index.php?rest_route=%2Fwp%2Fv2%2Fcategories&post=364656"},{"taxonomy":"post_tag","embeddable":true,"href":"https:\/\/diariodominicano.com\/index.php?rest_route=%2Fwp%2Fv2%2Ftags&post=364656"}],"curies":[{"name":"wp","href":"https:\/\/api.w.org\/{rel}","templated":true}]}}