{"id":36463,"date":"2008-01-27T17:25:46","date_gmt":"2008-01-27T17:25:46","guid":{"rendered":"http:\/\/diariodominicano.ddns.net\/?p=36463"},"modified":"2008-01-27T17:25:46","modified_gmt":"2008-01-27T17:25:46","slug":"declaracion-del-ing-guillermo-caram-vicepresidente-del-directorio-nacional-y-coordinador-de-las-comisiones-tecnicas-de-la-candidatura-presidencial-del-prsc","status":"publish","type":"post","link":"https:\/\/diariodominicano.com\/?p=36463","title":{"rendered":"Declaraci\u00f3n del Ing Guillermo Caram, Vicepresidente del Directorio Nacional y Coordinador de las Comisiones T\u00e9cnicas de la candidatura presidencial del PRSC"},"content":{"rendered":"<p><body><\/p>\n<p align=\"justify\"><span class=\"titulogrande1\"><strong>Declaraci\u00f3n del Ing Guillermo Caram Vicepresidente del Directorio Nacional y Coordinador de las Comisiones T\u00e9cnicas de la candidatura presidencial del PRSC<\/strong><\/span><strong><br \/>&#13;<br \/>\n  <br \/>&#13;<br \/>\nSobre tres temas de  inter\u00e9s nacional:<\/strong><\/p>\n<p>&#13;<\/p>\n<ul>&#13;<\/p>\n<li>&#13;\n<div align=\"justify\"><span class=\"text1noticias\">Irresponsabilidad  en el manejo econ\u00f3mico del gobierno<\/span><\/div>\n<p>&#13;\n  <\/li>\n<p>&#13;<\/p>\n<li>&#13;\n<div align=\"justify\"><span class=\"text1noticias\">La  campa\u00f1a no debe convertirse en concurso de promesas<\/span><\/div>\n<p>&#13;\n  <\/li>\n<p>&#13;<\/p>\n<li>&#13;\n<div align=\"justify\"><span class=\"text1noticias\">Los  cacerolazos no son clientelistas<\/span><\/div>\n<p>&#13;\n  <\/li>\n<p>&#13;\n<\/ul>\n<p>&#13;<\/p>\n<p align=\"justify\">\u00a0<\/p>\n<p>&#13;<\/p>\n<p align=\"justify\"><span class=\"text1noticias\"><u>Desarrollo de los  temas:<\/u><\/span><\/p>\n<p>&#13;<\/p>\n<div align=\"justify\">&#13;<\/p>\n<ul>&#13;<\/p>\n<li><span class=\"text1noticias\">Faltando 203 d\u00edas para la terminaci\u00f3n del presente  per\u00edodo de gobierno, insistimos en la irresponsabilidad con que el gobierno  est\u00e1 actuando en los siguientes puntos:<\/span><\/li>\n<p>&#13;\n  <\/ul>\n<p>&#13;\n<\/p><\/div>\n<p>&#13;<\/p>\n<p align=\"justify\">\u00a0<\/p>\n<p>&#13;<\/p>\n<div align=\"justify\">&#13;<\/p>\n<ul>&#13;<\/p>\n<li><span class=\"text1noticias\">En la  indiferencia mostrada frente a una crisis econ\u00f3mica internacional, de  repercusiones nacionales insospechables que todav\u00eda no se pueden dimensionar;  cuando, si se tomaran las previsiones de lugar, la econom\u00eda dominicana pudiera  resultar favorecida con la misma.<\/span><\/li>\n<p>&#13;\n  <\/ul>\n<p>&#13;<\/p>\n<ul>&#13;<\/p>\n<li><span class=\"text1noticias\">En el festival de  subsidios sin las previsiones fiscales correspondientes hasta el mes de las  elecciones, con la marcada intenci\u00f3n de retirarlos una vez \u00a0terminen las mismas<\/span><\/li>\n<p>&#13;\n  <\/ul>\n<p>&#13;\n<\/p><\/div>\n<p>&#13;<\/p>\n<p align=\"justify\">\u00a0<\/p>\n<p>&#13;<\/p>\n<div align=\"justify\">&#13;<\/p>\n<ul>&#13;<\/p>\n<li><span class=\"text1noticias\">Ante la pobreza  desnudada por las tormentas Olga y Noel que hicieron callar el discurso de  \u201cmilagro econ\u00f3mico\u201d que predominaba en el gobierno.<\/span><\/li>\n<p>&#13;\n  <\/ul>\n<p>&#13;<\/p>\n<ul>&#13;<\/p>\n<li><span class=\"text1noticias\">La opini\u00f3n p\u00fablica no debe permitir que la presente  campa\u00f1a se convierta en un escenario para un concurso de irresponsables  promesas electorales como est\u00e1n participando el gobierno y algunos opositores;  sino convertirla en escenario para responsables planteamientos sobre los temas  que deben ser abordados en una Agenda \u00a0a  discutir, para la toma de decisiones conjuntas, entre todas las fuerzas activas  de la naci\u00f3n &#8211; pol\u00edticas, empresariales, profesionales, populares,  comunitarias, etc &#8211; para solucionar los graves problemas que se destapar\u00e1n  cuando se abra esa caja de pandora que nos dejar\u00e1 el gobierno del PLD el  pr\u00f3ximo 16 de Agosto originados en:<\/span><\/li>\n<p>&#13;\n  <\/ul>\n<p>&#13;\n<\/p><\/div>\n<p>&#13;<\/p>\n<p align=\"justify\">\u00a0<\/p>\n<p>&#13;<\/p>\n<div align=\"justify\">&#13;<\/p>\n<ul>&#13;<\/p>\n<ul>&#13;<\/p>\n<li><span class=\"text1noticias\">el inadecuado  modelo econ\u00f3mico seguido que apoya las importaciones de consumo en lugar de la  producci\u00f3n nacional, <\/span><\/li>\n<p>&#13;\n    <\/ul>\n<p>&#13;\n  <\/ul>\n<p>&#13;<\/p>\n<ul>&#13;<\/p>\n<ul>&#13;<\/p>\n<li><span class=\"text1noticias\">en el artificial  crecimiento econ\u00f3mico medido a trav\u00e9s de indicadores inadecuados <\/span><\/li>\n<p>&#13;\n    <\/ul>\n<p>&#13;\n  <\/ul>\n<p>&#13;\n<\/p><\/div>\n<p>&#13;<\/p>\n<p align=\"justify\">\u00a0<\/p>\n<p>&#13;<\/p>\n<div align=\"justify\">&#13;<\/p>\n<ul>&#13;<\/p>\n<ul>&#13;<\/p>\n<li><span class=\"text1noticias\">en la estabilidad  sustentada en el endeudamiento, <\/span><\/li>\n<p>&#13;\n    <\/ul>\n<p>&#13;\n  <\/ul>\n<p>&#13;<\/p>\n<ul>&#13;<\/p>\n<ul>&#13;<\/p>\n<li><span class=\"text1noticias\">en el  consecuentemente enorme d\u00e9ficit de la balanza de pagos, <\/span><\/li>\n<p>&#13;\n    <\/ul>\n<p>&#13;\n  <\/ul>\n<p>&#13;\n<\/p><\/div>\n<p>&#13;<\/p>\n<p align=\"justify\">\u00a0<\/p>\n<p>&#13;<\/p>\n<div align=\"justify\">&#13;<\/p>\n<ul>&#13;<\/p>\n<ul>&#13;<\/p>\n<li><span class=\"text1noticias\">en el enorme\u00a0 derroche de gasto p\u00fablico generador de  d\u00e9ficits<\/span><\/li>\n<p>&#13;\n    <\/ul>\n<p>&#13;\n  <\/ul>\n<p>&#13;<\/p>\n<ul>&#13;<\/p>\n<ul>&#13;<\/p>\n<li><span class=\"text1noticias\">en la p\u00e9rdida de  competitividad de nuestra econom\u00eda reconocido por los principales foros  econ\u00f3micos mundiales<\/span><\/li>\n<p>&#13;\n    <\/ul>\n<p>&#13;\n  <\/ul>\n<p>&#13;\n<\/p><\/div>\n<p>&#13;<\/p>\n<p align=\"justify\">\u00a0<\/p>\n<p>&#13;<\/p>\n<div align=\"justify\">&#13;<\/p>\n<ul>&#13;<\/p>\n<ul>&#13;<\/p>\n<li><span class=\"text1noticias\">en los  favoritismos econ\u00f3micos y sociales en la distribuci\u00f3n del gasto <\/span><\/li>\n<p>&#13;\n      <\/ul>\n<p>&#13;\n  <\/ul>\n<p>&#13;<br \/>\n  <span class=\"text1noticias\">&#13;<\/p>\n<ul>&#13;\n      <\/ul>\n<p><\/span>&#13;<\/p>\n<ul>&#13;<\/p>\n<li><span class=\"text1noticias\">Los cacerolazos constituyen la expresi\u00f3n menos  clientelista del clientelismo. Ci\u00f1\u00e9ndonos a la definici\u00f3n de cliente del  diccionario de la RA,  \u201cpersona que est\u00e1 bajo la protecci\u00f3n o tutela de otro\u201d, o de\u00a0 lo que es un cliente en el comercio que  relaciona directa y estrechamente al comprador con el vendedor; nada de eso  sucede en los cacerolazos. En ellos no se sabe quien recibe la asistencia del  candidato, no se compromete al que recibe la ayuda. Las personas asisten libre  y voluntariamente sin que nadie las lleve y sin presi\u00f3n alguna. No se pasa  lista ni se apunta a nadie, ni se condiciona la ayuda. No es el caso de los padroncillos  que desarrolla el partido de gobierno en los que pretenden controlar el  ejercicio del sufragio, seg\u00fan han admitido funcionarios oficiales; pudiendo  recurrir a la posibilidad de cruzar \u00e9sta informaci\u00f3n con los beneficiados de  las tarjetas solidaridad.<\/span><\/li>\n<p>&#13;\n      <\/ul>\n<p>&#13;\n<\/p><\/div>\n<p>&#13;<\/p>\n<ul>&#13;\n<\/ul>\n<p>&#13;<\/p>\n<h6> 2008-01-27 17:25:46 <\/h6>\n<p><!--\n<link rel=\"stylesheet\" href=\"css\/bootstrap.min.css\">\n\n\n<ul class=\"pagination\">\n\t    \n\t\n\n<li >\n\t<a href='?page_no=12322'>Previous<\/a>\n\t<\/li>\n\n\n       \n    \n\n<li><a href='?page_no=1'>1<\/a><\/li>\n\n\n\n<li><a href='?page_no=2'>2<\/a><\/li>\n\n\n\n<li><a>...<\/a><\/li>\n\n\n\n<li><a href='?page_no=12321'>12321<\/a><\/li>\n\n\n\n<li><a href='?page_no=12322'>12322<\/a><\/li>\n\n\n\n<li class='active'><a>12323<\/a><\/li>\n\n\n\n<li><a href='?page_no=12324'>12324<\/a><\/li>\n\n\n\n<li><a href='?page_no=12325'>12325<\/a><\/li>\n\n\n\n<li><a>...<\/a><\/li>\n\n\n\n<li><a href='?page_no=13611'>13611<\/a><\/li>\n\n\n\n<li><a href='?page_no=13612'>13612<\/a><\/li>\n\n    \n\t\n\n<li >\n\t<a href='?page_no=12324'>Next<\/a>\n\t<\/li>\n\n\n    \n\n<li><a href='?page_no=13612'>Last &rsaquo;&rsaquo;<\/a><\/li>\n\n<\/ul>\n\n\n--><br \/>\n<\/body><\/p>\n","protected":false},"excerpt":{"rendered":"<p>Declaraci\u00f3n del Ing Guillermo Caram Vicepresidente del Directorio Nacional y Coordinador de las Comisiones T\u00e9cnicas de la candidatura presidencial del PRSC&#13; &#13; Sobre tres temas de inter\u00e9s nacional: &#13; &#13; &#13; Irresponsabilidad en el manejo econ\u00f3mico del gobierno &#13; &#13; &#13; La campa\u00f1a no debe convertirse en concurso de promesas &#13; &#13; &#13; Los cacerolazos [&hellip;]<\/p>\n","protected":false},"author":3,"featured_media":0,"comment_status":"open","ping_status":"open","sticky":false,"template":"","format":"standard","meta":{"footnotes":""},"categories":[16],"tags":[],"class_list":["post-36463","post","type-post","status-publish","format-standard","hentry","category-opiniones"],"_links":{"self":[{"href":"https:\/\/diariodominicano.com\/index.php?rest_route=\/wp\/v2\/posts\/36463","targetHints":{"allow":["GET"]}}],"collection":[{"href":"https:\/\/diariodominicano.com\/index.php?rest_route=\/wp\/v2\/posts"}],"about":[{"href":"https:\/\/diariodominicano.com\/index.php?rest_route=\/wp\/v2\/types\/post"}],"author":[{"embeddable":true,"href":"https:\/\/diariodominicano.com\/index.php?rest_route=\/wp\/v2\/users\/3"}],"replies":[{"embeddable":true,"href":"https:\/\/diariodominicano.com\/index.php?rest_route=%2Fwp%2Fv2%2Fcomments&post=36463"}],"version-history":[{"count":0,"href":"https:\/\/diariodominicano.com\/index.php?rest_route=\/wp\/v2\/posts\/36463\/revisions"}],"wp:attachment":[{"href":"https:\/\/diariodominicano.com\/index.php?rest_route=%2Fwp%2Fv2%2Fmedia&parent=36463"}],"wp:term":[{"taxonomy":"category","embeddable":true,"href":"https:\/\/diariodominicano.com\/index.php?rest_route=%2Fwp%2Fv2%2Fcategories&post=36463"},{"taxonomy":"post_tag","embeddable":true,"href":"https:\/\/diariodominicano.com\/index.php?rest_route=%2Fwp%2Fv2%2Ftags&post=36463"}],"curies":[{"name":"wp","href":"https:\/\/api.w.org\/{rel}","templated":true}]}}